{"id":1077,"date":"2022-08-31T14:46:00","date_gmt":"2022-08-31T12:46:00","guid":{"rendered":"https:\/\/www.les-photos-de-mon-mariage.fr\/blog\/?p=1077"},"modified":"2024-03-16T14:56:52","modified_gmt":"2024-03-16T12:56:52","slug":"mariage-de-marie-et-arthur","status":"publish","type":"post","link":"https:\/\/www.les-photos-de-mon-mariage.fr\/blog\/mariage-de-marie-et-arthur\/","title":{"rendered":"Mariage de Marie et Arthur"},"content":{"rendered":"\n<p>Bonjour \u00e0 toutes et \u00e0 tous,<\/p>\n\n\n\n<p>J&rsquo;esp\u00e8re que vous avez tous pass\u00e9 d&rsquo;agr\u00e9ables vacances ! &#x1f642;<\/p>\n\n\n\n<p>\u00ab\u00a0Thomas, on souhaiterait te confier les photos de notre mariage. Il s&rsquo;agit d&rsquo;une ballade sur bateau mouche sur la Seine en plein Paris. Cela ne sera pas trop compliqu\u00e9 pour t&rsquo;organiser ??\u00a0\u00bb<br>Avec la promesse d&rsquo;une si magnifique journ\u00e9e, vous imaginez bien que je m&rsquo;organise tr\u00e8s tr\u00e8s facilement et avec grande joie !!! \ud83d\ude09 D&rsquo;ailleurs d&rsquo;une mani\u00e8re g\u00e9n\u00e9rale, ne vous inqui\u00e9tez pas pour tout cela, je sais faire ! (Je suis all\u00e9 jusqu&rsquo;\u00e0 Marseille pour une prestation photos de mariage ! Et j&rsquo;adore !).<\/p>\n\n\n\n<p>Tout cela pour vous informer que Marie et Arthur, mes tout derniers mari\u00e9s, viennent de recevoir leurs photos. Ils ont ainsi pu revivre cette merveilleuse journ\u00e9e pass\u00e9e le long de la Seine, entour\u00e9s de leurs proches !<\/p>\n\n\n\n<p>La galerie priv\u00e9e vient d&rsquo;\u00eatre mise en ligne et est disponible ici pour ceux qui poss\u00e8dent les codes appropri\u00e9s : <a href=\"https:\/\/www.les-photos-de-mon-mariage.fr\/piwigo\">https:\/\/www.les-photos-de-mon-mariage.fr\/piwigo<\/a><\/p>\n\n\n\n<p>Marie, Arthur, encore toutes mes f\u00e9licitations et un grand merci pour cette journ\u00e9e formidable que vous nous avez offerte ! Je vous adresse tous mes v\u0153ux de bonheur et de r\u00e9ussite pour cette nouvelle aventure qui commence \u00e0 2500km de Paris !<\/p>\n\n\n\n<figure class=\"wp-block-gallery has-nested-images columns-2 wp-block-gallery-1 is-layout-flex wp-block-gallery-is-layout-flex\">\n<figure data-wp-context=\"{&quot;imageId&quot;:&quot;69f22060796a8&quot;}\" data-wp-interactive=\"core\/image\" class=\"wp-block-image size-large wp-lightbox-container\"><img loading=\"lazy\" decoding=\"async\" width=\"1024\" height=\"683\" data-wp-class--hide=\"state.isContentHidden\" data-wp-class--show=\"state.isContentVisible\" data-wp-init=\"callbacks.setButtonStyles\" data-wp-on-async--click=\"actions.showLightbox\" data-wp-on-async--load=\"callbacks.setButtonStyles\" data-wp-on-async-window--resize=\"callbacks.setButtonStyles\" data-id=\"1078\" src=\"https:\/\/www.les-photos-de-mon-mariage.fr\/blog\/wp-content\/uploads\/2024\/03\/01-1024x683.jpg\" alt=\"Une mari\u00e9e amoureuse\" class=\"wp-image-1078\" srcset=\"https:\/\/www.les-photos-de-mon-mariage.fr\/blog\/wp-content\/uploads\/2024\/03\/01-1024x683.jpg 1024w, https:\/\/www.les-photos-de-mon-mariage.fr\/blog\/wp-content\/uploads\/2024\/03\/01-300x200.jpg 300w, https:\/\/www.les-photos-de-mon-mariage.fr\/blog\/wp-content\/uploads\/2024\/03\/01-768x512.jpg 768w, https:\/\/www.les-photos-de-mon-mariage.fr\/blog\/wp-content\/uploads\/2024\/03\/01-800x533.jpg 800w, https:\/\/www.les-photos-de-mon-mariage.fr\/blog\/wp-content\/uploads\/2024\/03\/01.jpg 1200w\" sizes=\"auto, (max-width: 1024px) 100vw, 1024px\" \/><button\n\t\t\tclass=\"lightbox-trigger\"\n\t\t\ttype=\"button\"\n\t\t\taria-haspopup=\"dialog\"\n\t\t\taria-label=\"Agrandir\"\n\t\t\tdata-wp-init=\"callbacks.initTriggerButton\"\n\t\t\tdata-wp-on-async--click=\"actions.showLightbox\"\n\t\t\tdata-wp-style--right=\"state.imageButtonRight\"\n\t\t\tdata-wp-style--top=\"state.imageButtonTop\"\n\t\t>\n\t\t\t<svg xmlns=\"http:\/\/www.w3.org\/2000\/svg\" width=\"12\" height=\"12\" fill=\"none\" viewBox=\"0 0 12 12\">\n\t\t\t\t<path fill=\"#fff\" d=\"M2 0a2 2 0 0 0-2 2v2h1.5V2a.5.5 0 0 1 .5-.5h2V0H2Zm2 10.5H2a.5.5 0 0 1-.5-.5V8H0v2a2 2 0 0 0 2 2h2v-1.5ZM8 12v-1.5h2a.5.5 0 0 0 .5-.5V8H12v2a2 2 0 0 1-2 2H8Zm2-12a2 2 0 0 1 2 2v2h-1.5V2a.5.5 0 0 0-.5-.5H8V0h2Z\" \/>\n\t\t\t<\/svg>\n\t\t<\/button><\/figure>\n\n\n\n<figure data-wp-context=\"{&quot;imageId&quot;:&quot;69f2206079d5b&quot;}\" data-wp-interactive=\"core\/image\" class=\"wp-block-image size-large wp-lightbox-container\"><img loading=\"lazy\" decoding=\"async\" width=\"1024\" height=\"683\" data-wp-class--hide=\"state.isContentHidden\" data-wp-class--show=\"state.isContentVisible\" data-wp-init=\"callbacks.setButtonStyles\" data-wp-on-async--click=\"actions.showLightbox\" data-wp-on-async--load=\"callbacks.setButtonStyles\" data-wp-on-async-window--resize=\"callbacks.setButtonStyles\" data-id=\"1079\" src=\"https:\/\/www.les-photos-de-mon-mariage.fr\/blog\/wp-content\/uploads\/2024\/03\/02-1024x683.jpg\" alt=\"On l\u00e8ve l'ancre\" class=\"wp-image-1079\" srcset=\"https:\/\/www.les-photos-de-mon-mariage.fr\/blog\/wp-content\/uploads\/2024\/03\/02-1024x683.jpg 1024w, https:\/\/www.les-photos-de-mon-mariage.fr\/blog\/wp-content\/uploads\/2024\/03\/02-300x200.jpg 300w, https:\/\/www.les-photos-de-mon-mariage.fr\/blog\/wp-content\/uploads\/2024\/03\/02-768x512.jpg 768w, https:\/\/www.les-photos-de-mon-mariage.fr\/blog\/wp-content\/uploads\/2024\/03\/02-800x533.jpg 800w, https:\/\/www.les-photos-de-mon-mariage.fr\/blog\/wp-content\/uploads\/2024\/03\/02.jpg 1200w\" sizes=\"auto, (max-width: 1024px) 100vw, 1024px\" \/><button\n\t\t\tclass=\"lightbox-trigger\"\n\t\t\ttype=\"button\"\n\t\t\taria-haspopup=\"dialog\"\n\t\t\taria-label=\"Agrandir\"\n\t\t\tdata-wp-init=\"callbacks.initTriggerButton\"\n\t\t\tdata-wp-on-async--click=\"actions.showLightbox\"\n\t\t\tdata-wp-style--right=\"state.imageButtonRight\"\n\t\t\tdata-wp-style--top=\"state.imageButtonTop\"\n\t\t>\n\t\t\t<svg xmlns=\"http:\/\/www.w3.org\/2000\/svg\" width=\"12\" height=\"12\" fill=\"none\" viewBox=\"0 0 12 12\">\n\t\t\t\t<path fill=\"#fff\" d=\"M2 0a2 2 0 0 0-2 2v2h1.5V2a.5.5 0 0 1 .5-.5h2V0H2Zm2 10.5H2a.5.5 0 0 1-.5-.5V8H0v2a2 2 0 0 0 2 2h2v-1.5ZM8 12v-1.5h2a.5.5 0 0 0 .5-.5V8H12v2a2 2 0 0 1-2 2H8Zm2-12a2 2 0 0 1 2 2v2h-1.5V2a.5.5 0 0 0-.5-.5H8V0h2Z\" \/>\n\t\t\t<\/svg>\n\t\t<\/button><\/figure>\n\n\n\n<figure data-wp-context=\"{&quot;imageId&quot;:&quot;69f220607a313&quot;}\" data-wp-interactive=\"core\/image\" class=\"wp-block-image size-large wp-lightbox-container\"><img loading=\"lazy\" decoding=\"async\" width=\"1024\" height=\"683\" data-wp-class--hide=\"state.isContentHidden\" data-wp-class--show=\"state.isContentVisible\" data-wp-init=\"callbacks.setButtonStyles\" data-wp-on-async--click=\"actions.showLightbox\" data-wp-on-async--load=\"callbacks.setButtonStyles\" data-wp-on-async-window--resize=\"callbacks.setButtonStyles\" data-id=\"1080\" src=\"https:\/\/www.les-photos-de-mon-mariage.fr\/blog\/wp-content\/uploads\/2024\/03\/03-1024x683.jpg\" alt=\"La mari\u00e9e et son ombrelle\" class=\"wp-image-1080\" srcset=\"https:\/\/www.les-photos-de-mon-mariage.fr\/blog\/wp-content\/uploads\/2024\/03\/03-1024x683.jpg 1024w, https:\/\/www.les-photos-de-mon-mariage.fr\/blog\/wp-content\/uploads\/2024\/03\/03-300x200.jpg 300w, https:\/\/www.les-photos-de-mon-mariage.fr\/blog\/wp-content\/uploads\/2024\/03\/03-768x512.jpg 768w, https:\/\/www.les-photos-de-mon-mariage.fr\/blog\/wp-content\/uploads\/2024\/03\/03-800x533.jpg 800w, https:\/\/www.les-photos-de-mon-mariage.fr\/blog\/wp-content\/uploads\/2024\/03\/03.jpg 1200w\" sizes=\"auto, (max-width: 1024px) 100vw, 1024px\" \/><button\n\t\t\tclass=\"lightbox-trigger\"\n\t\t\ttype=\"button\"\n\t\t\taria-haspopup=\"dialog\"\n\t\t\taria-label=\"Agrandir\"\n\t\t\tdata-wp-init=\"callbacks.initTriggerButton\"\n\t\t\tdata-wp-on-async--click=\"actions.showLightbox\"\n\t\t\tdata-wp-style--right=\"state.imageButtonRight\"\n\t\t\tdata-wp-style--top=\"state.imageButtonTop\"\n\t\t>\n\t\t\t<svg xmlns=\"http:\/\/www.w3.org\/2000\/svg\" width=\"12\" height=\"12\" fill=\"none\" viewBox=\"0 0 12 12\">\n\t\t\t\t<path fill=\"#fff\" d=\"M2 0a2 2 0 0 0-2 2v2h1.5V2a.5.5 0 0 1 .5-.5h2V0H2Zm2 10.5H2a.5.5 0 0 1-.5-.5V8H0v2a2 2 0 0 0 2 2h2v-1.5ZM8 12v-1.5h2a.5.5 0 0 0 .5-.5V8H12v2a2 2 0 0 1-2 2H8Zm2-12a2 2 0 0 1 2 2v2h-1.5V2a.5.5 0 0 0-.5-.5H8V0h2Z\" \/>\n\t\t\t<\/svg>\n\t\t<\/button><\/figure>\n\n\n\n<figure data-wp-context=\"{&quot;imageId&quot;:&quot;69f220607a869&quot;}\" data-wp-interactive=\"core\/image\" class=\"wp-block-image size-large wp-lightbox-container\"><img loading=\"lazy\" decoding=\"async\" width=\"1024\" height=\"683\" data-wp-class--hide=\"state.isContentHidden\" data-wp-class--show=\"state.isContentVisible\" data-wp-init=\"callbacks.setButtonStyles\" data-wp-on-async--click=\"actions.showLightbox\" data-wp-on-async--load=\"callbacks.setButtonStyles\" data-wp-on-async-window--resize=\"callbacks.setButtonStyles\" data-id=\"1081\" src=\"https:\/\/www.les-photos-de-mon-mariage.fr\/blog\/wp-content\/uploads\/2024\/03\/04-1024x683.jpg\" alt=\"Sur le pont !\" class=\"wp-image-1081\" srcset=\"https:\/\/www.les-photos-de-mon-mariage.fr\/blog\/wp-content\/uploads\/2024\/03\/04-1024x683.jpg 1024w, https:\/\/www.les-photos-de-mon-mariage.fr\/blog\/wp-content\/uploads\/2024\/03\/04-300x200.jpg 300w, https:\/\/www.les-photos-de-mon-mariage.fr\/blog\/wp-content\/uploads\/2024\/03\/04-768x512.jpg 768w, https:\/\/www.les-photos-de-mon-mariage.fr\/blog\/wp-content\/uploads\/2024\/03\/04-800x533.jpg 800w, https:\/\/www.les-photos-de-mon-mariage.fr\/blog\/wp-content\/uploads\/2024\/03\/04.jpg 1200w\" sizes=\"auto, (max-width: 1024px) 100vw, 1024px\" \/><button\n\t\t\tclass=\"lightbox-trigger\"\n\t\t\ttype=\"button\"\n\t\t\taria-haspopup=\"dialog\"\n\t\t\taria-label=\"Agrandir\"\n\t\t\tdata-wp-init=\"callbacks.initTriggerButton\"\n\t\t\tdata-wp-on-async--click=\"actions.showLightbox\"\n\t\t\tdata-wp-style--right=\"state.imageButtonRight\"\n\t\t\tdata-wp-style--top=\"state.imageButtonTop\"\n\t\t>\n\t\t\t<svg xmlns=\"http:\/\/www.w3.org\/2000\/svg\" width=\"12\" height=\"12\" fill=\"none\" viewBox=\"0 0 12 12\">\n\t\t\t\t<path fill=\"#fff\" d=\"M2 0a2 2 0 0 0-2 2v2h1.5V2a.5.5 0 0 1 .5-.5h2V0H2Zm2 10.5H2a.5.5 0 0 1-.5-.5V8H0v2a2 2 0 0 0 2 2h2v-1.5ZM8 12v-1.5h2a.5.5 0 0 0 .5-.5V8H12v2a2 2 0 0 1-2 2H8Zm2-12a2 2 0 0 1 2 2v2h-1.5V2a.5.5 0 0 0-.5-.5H8V0h2Z\" \/>\n\t\t\t<\/svg>\n\t\t<\/button><\/figure>\n\n\n\n<figure data-wp-context=\"{&quot;imageId&quot;:&quot;69f220607ad7b&quot;}\" data-wp-interactive=\"core\/image\" class=\"wp-block-image size-large wp-lightbox-container\"><img loading=\"lazy\" decoding=\"async\" width=\"1024\" height=\"683\" data-wp-class--hide=\"state.isContentHidden\" data-wp-class--show=\"state.isContentVisible\" data-wp-init=\"callbacks.setButtonStyles\" data-wp-on-async--click=\"actions.showLightbox\" data-wp-on-async--load=\"callbacks.setButtonStyles\" data-wp-on-async-window--resize=\"callbacks.setButtonStyles\" data-id=\"1082\" src=\"https:\/\/www.les-photos-de-mon-mariage.fr\/blog\/wp-content\/uploads\/2024\/03\/05-1024x683.jpg\" alt=\"Dansons au soleil rasant\" class=\"wp-image-1082\" srcset=\"https:\/\/www.les-photos-de-mon-mariage.fr\/blog\/wp-content\/uploads\/2024\/03\/05-1024x683.jpg 1024w, https:\/\/www.les-photos-de-mon-mariage.fr\/blog\/wp-content\/uploads\/2024\/03\/05-300x200.jpg 300w, https:\/\/www.les-photos-de-mon-mariage.fr\/blog\/wp-content\/uploads\/2024\/03\/05-768x512.jpg 768w, https:\/\/www.les-photos-de-mon-mariage.fr\/blog\/wp-content\/uploads\/2024\/03\/05-800x533.jpg 800w, https:\/\/www.les-photos-de-mon-mariage.fr\/blog\/wp-content\/uploads\/2024\/03\/05.jpg 1200w\" sizes=\"auto, (max-width: 1024px) 100vw, 1024px\" \/><button\n\t\t\tclass=\"lightbox-trigger\"\n\t\t\ttype=\"button\"\n\t\t\taria-haspopup=\"dialog\"\n\t\t\taria-label=\"Agrandir\"\n\t\t\tdata-wp-init=\"callbacks.initTriggerButton\"\n\t\t\tdata-wp-on-async--click=\"actions.showLightbox\"\n\t\t\tdata-wp-style--right=\"state.imageButtonRight\"\n\t\t\tdata-wp-style--top=\"state.imageButtonTop\"\n\t\t>\n\t\t\t<svg xmlns=\"http:\/\/www.w3.org\/2000\/svg\" width=\"12\" height=\"12\" fill=\"none\" viewBox=\"0 0 12 12\">\n\t\t\t\t<path fill=\"#fff\" d=\"M2 0a2 2 0 0 0-2 2v2h1.5V2a.5.5 0 0 1 .5-.5h2V0H2Zm2 10.5H2a.5.5 0 0 1-.5-.5V8H0v2a2 2 0 0 0 2 2h2v-1.5ZM8 12v-1.5h2a.5.5 0 0 0 .5-.5V8H12v2a2 2 0 0 1-2 2H8Zm2-12a2 2 0 0 1 2 2v2h-1.5V2a.5.5 0 0 0-.5-.5H8V0h2Z\" \/>\n\t\t\t<\/svg>\n\t\t<\/button><\/figure>\n\n\n\n<figure data-wp-context=\"{&quot;imageId&quot;:&quot;69f220607b318&quot;}\" data-wp-interactive=\"core\/image\" class=\"wp-block-image size-large wp-lightbox-container\"><img loading=\"lazy\" decoding=\"async\" width=\"1024\" height=\"683\" data-wp-class--hide=\"state.isContentHidden\" data-wp-class--show=\"state.isContentVisible\" data-wp-init=\"callbacks.setButtonStyles\" data-wp-on-async--click=\"actions.showLightbox\" data-wp-on-async--load=\"callbacks.setButtonStyles\" data-wp-on-async-window--resize=\"callbacks.setButtonStyles\" data-id=\"1083\" src=\"https:\/\/www.les-photos-de-mon-mariage.fr\/blog\/wp-content\/uploads\/2024\/03\/06-1024x683.jpg\" alt=\"Portrait couple\" class=\"wp-image-1083\" srcset=\"https:\/\/www.les-photos-de-mon-mariage.fr\/blog\/wp-content\/uploads\/2024\/03\/06-1024x683.jpg 1024w, https:\/\/www.les-photos-de-mon-mariage.fr\/blog\/wp-content\/uploads\/2024\/03\/06-300x200.jpg 300w, https:\/\/www.les-photos-de-mon-mariage.fr\/blog\/wp-content\/uploads\/2024\/03\/06-768x512.jpg 768w, https:\/\/www.les-photos-de-mon-mariage.fr\/blog\/wp-content\/uploads\/2024\/03\/06-800x533.jpg 800w, https:\/\/www.les-photos-de-mon-mariage.fr\/blog\/wp-content\/uploads\/2024\/03\/06.jpg 1200w\" sizes=\"auto, (max-width: 1024px) 100vw, 1024px\" \/><button\n\t\t\tclass=\"lightbox-trigger\"\n\t\t\ttype=\"button\"\n\t\t\taria-haspopup=\"dialog\"\n\t\t\taria-label=\"Agrandir\"\n\t\t\tdata-wp-init=\"callbacks.initTriggerButton\"\n\t\t\tdata-wp-on-async--click=\"actions.showLightbox\"\n\t\t\tdata-wp-style--right=\"state.imageButtonRight\"\n\t\t\tdata-wp-style--top=\"state.imageButtonTop\"\n\t\t>\n\t\t\t<svg xmlns=\"http:\/\/www.w3.org\/2000\/svg\" width=\"12\" height=\"12\" fill=\"none\" viewBox=\"0 0 12 12\">\n\t\t\t\t<path fill=\"#fff\" d=\"M2 0a2 2 0 0 0-2 2v2h1.5V2a.5.5 0 0 1 .5-.5h2V0H2Zm2 10.5H2a.5.5 0 0 1-.5-.5V8H0v2a2 2 0 0 0 2 2h2v-1.5ZM8 12v-1.5h2a.5.5 0 0 0 .5-.5V8H12v2a2 2 0 0 1-2 2H8Zm2-12a2 2 0 0 1 2 2v2h-1.5V2a.5.5 0 0 0-.5-.5H8V0h2Z\" \/>\n\t\t\t<\/svg>\n\t\t<\/button><\/figure>\n\n\n\n<figure data-wp-context=\"{&quot;imageId&quot;:&quot;69f220607b820&quot;}\" data-wp-interactive=\"core\/image\" class=\"wp-block-image size-large wp-lightbox-container\"><img loading=\"lazy\" decoding=\"async\" width=\"1024\" height=\"683\" data-wp-class--hide=\"state.isContentHidden\" data-wp-class--show=\"state.isContentVisible\" data-wp-init=\"callbacks.setButtonStyles\" data-wp-on-async--click=\"actions.showLightbox\" data-wp-on-async--load=\"callbacks.setButtonStyles\" data-wp-on-async-window--resize=\"callbacks.setButtonStyles\" data-id=\"1084\" src=\"https:\/\/www.les-photos-de-mon-mariage.fr\/blog\/wp-content\/uploads\/2024\/03\/07-1024x683.jpg\" alt=\"Les beaux mari\u00e9s\" class=\"wp-image-1084\" srcset=\"https:\/\/www.les-photos-de-mon-mariage.fr\/blog\/wp-content\/uploads\/2024\/03\/07-1024x683.jpg 1024w, https:\/\/www.les-photos-de-mon-mariage.fr\/blog\/wp-content\/uploads\/2024\/03\/07-300x200.jpg 300w, https:\/\/www.les-photos-de-mon-mariage.fr\/blog\/wp-content\/uploads\/2024\/03\/07-768x512.jpg 768w, https:\/\/www.les-photos-de-mon-mariage.fr\/blog\/wp-content\/uploads\/2024\/03\/07-800x533.jpg 800w, https:\/\/www.les-photos-de-mon-mariage.fr\/blog\/wp-content\/uploads\/2024\/03\/07.jpg 1200w\" sizes=\"auto, (max-width: 1024px) 100vw, 1024px\" \/><button\n\t\t\tclass=\"lightbox-trigger\"\n\t\t\ttype=\"button\"\n\t\t\taria-haspopup=\"dialog\"\n\t\t\taria-label=\"Agrandir\"\n\t\t\tdata-wp-init=\"callbacks.initTriggerButton\"\n\t\t\tdata-wp-on-async--click=\"actions.showLightbox\"\n\t\t\tdata-wp-style--right=\"state.imageButtonRight\"\n\t\t\tdata-wp-style--top=\"state.imageButtonTop\"\n\t\t>\n\t\t\t<svg xmlns=\"http:\/\/www.w3.org\/2000\/svg\" width=\"12\" height=\"12\" fill=\"none\" viewBox=\"0 0 12 12\">\n\t\t\t\t<path fill=\"#fff\" d=\"M2 0a2 2 0 0 0-2 2v2h1.5V2a.5.5 0 0 1 .5-.5h2V0H2Zm2 10.5H2a.5.5 0 0 1-.5-.5V8H0v2a2 2 0 0 0 2 2h2v-1.5ZM8 12v-1.5h2a.5.5 0 0 0 .5-.5V8H12v2a2 2 0 0 1-2 2H8Zm2-12a2 2 0 0 1 2 2v2h-1.5V2a.5.5 0 0 0-.5-.5H8V0h2Z\" \/>\n\t\t\t<\/svg>\n\t\t<\/button><\/figure>\n\n\n\n<figure data-wp-context=\"{&quot;imageId&quot;:&quot;69f220607bd5e&quot;}\" data-wp-interactive=\"core\/image\" class=\"wp-block-image size-large wp-lightbox-container\"><img loading=\"lazy\" decoding=\"async\" width=\"1024\" height=\"683\" data-wp-class--hide=\"state.isContentHidden\" data-wp-class--show=\"state.isContentVisible\" data-wp-init=\"callbacks.setButtonStyles\" data-wp-on-async--click=\"actions.showLightbox\" data-wp-on-async--load=\"callbacks.setButtonStyles\" data-wp-on-async-window--resize=\"callbacks.setButtonStyles\" data-id=\"1085\" src=\"https:\/\/www.les-photos-de-mon-mariage.fr\/blog\/wp-content\/uploads\/2024\/03\/08-1024x683.jpg\" alt=\"Baiser parisien\" class=\"wp-image-1085\" srcset=\"https:\/\/www.les-photos-de-mon-mariage.fr\/blog\/wp-content\/uploads\/2024\/03\/08-1024x683.jpg 1024w, https:\/\/www.les-photos-de-mon-mariage.fr\/blog\/wp-content\/uploads\/2024\/03\/08-300x200.jpg 300w, https:\/\/www.les-photos-de-mon-mariage.fr\/blog\/wp-content\/uploads\/2024\/03\/08-768x512.jpg 768w, https:\/\/www.les-photos-de-mon-mariage.fr\/blog\/wp-content\/uploads\/2024\/03\/08-800x533.jpg 800w, https:\/\/www.les-photos-de-mon-mariage.fr\/blog\/wp-content\/uploads\/2024\/03\/08.jpg 1200w\" sizes=\"auto, (max-width: 1024px) 100vw, 1024px\" \/><button\n\t\t\tclass=\"lightbox-trigger\"\n\t\t\ttype=\"button\"\n\t\t\taria-haspopup=\"dialog\"\n\t\t\taria-label=\"Agrandir\"\n\t\t\tdata-wp-init=\"callbacks.initTriggerButton\"\n\t\t\tdata-wp-on-async--click=\"actions.showLightbox\"\n\t\t\tdata-wp-style--right=\"state.imageButtonRight\"\n\t\t\tdata-wp-style--top=\"state.imageButtonTop\"\n\t\t>\n\t\t\t<svg xmlns=\"http:\/\/www.w3.org\/2000\/svg\" width=\"12\" height=\"12\" fill=\"none\" viewBox=\"0 0 12 12\">\n\t\t\t\t<path fill=\"#fff\" d=\"M2 0a2 2 0 0 0-2 2v2h1.5V2a.5.5 0 0 1 .5-.5h2V0H2Zm2 10.5H2a.5.5 0 0 1-.5-.5V8H0v2a2 2 0 0 0 2 2h2v-1.5ZM8 12v-1.5h2a.5.5 0 0 0 .5-.5V8H12v2a2 2 0 0 1-2 2H8Zm2-12a2 2 0 0 1 2 2v2h-1.5V2a.5.5 0 0 0-.5-.5H8V0h2Z\" \/>\n\t\t\t<\/svg>\n\t\t<\/button><\/figure>\n\n\n\n<figure data-wp-context=\"{&quot;imageId&quot;:&quot;69f220607c318&quot;}\" data-wp-interactive=\"core\/image\" class=\"wp-block-image size-large wp-lightbox-container\"><img loading=\"lazy\" decoding=\"async\" width=\"683\" height=\"1024\" data-wp-class--hide=\"state.isContentHidden\" data-wp-class--show=\"state.isContentVisible\" data-wp-init=\"callbacks.setButtonStyles\" data-wp-on-async--click=\"actions.showLightbox\" data-wp-on-async--load=\"callbacks.setButtonStyles\" data-wp-on-async-window--resize=\"callbacks.setButtonStyles\" data-id=\"1086\" src=\"https:\/\/www.les-photos-de-mon-mariage.fr\/blog\/wp-content\/uploads\/2024\/03\/09-683x1024.jpg\" alt=\"Ballade romantique sur la Seine\" class=\"wp-image-1086\" srcset=\"https:\/\/www.les-photos-de-mon-mariage.fr\/blog\/wp-content\/uploads\/2024\/03\/09-683x1024.jpg 683w, https:\/\/www.les-photos-de-mon-mariage.fr\/blog\/wp-content\/uploads\/2024\/03\/09-200x300.jpg 200w, https:\/\/www.les-photos-de-mon-mariage.fr\/blog\/wp-content\/uploads\/2024\/03\/09-768x1152.jpg 768w, https:\/\/www.les-photos-de-mon-mariage.fr\/blog\/wp-content\/uploads\/2024\/03\/09.jpg 800w\" sizes=\"auto, (max-width: 683px) 100vw, 683px\" \/><button\n\t\t\tclass=\"lightbox-trigger\"\n\t\t\ttype=\"button\"\n\t\t\taria-haspopup=\"dialog\"\n\t\t\taria-label=\"Agrandir\"\n\t\t\tdata-wp-init=\"callbacks.initTriggerButton\"\n\t\t\tdata-wp-on-async--click=\"actions.showLightbox\"\n\t\t\tdata-wp-style--right=\"state.imageButtonRight\"\n\t\t\tdata-wp-style--top=\"state.imageButtonTop\"\n\t\t>\n\t\t\t<svg xmlns=\"http:\/\/www.w3.org\/2000\/svg\" width=\"12\" height=\"12\" fill=\"none\" viewBox=\"0 0 12 12\">\n\t\t\t\t<path fill=\"#fff\" d=\"M2 0a2 2 0 0 0-2 2v2h1.5V2a.5.5 0 0 1 .5-.5h2V0H2Zm2 10.5H2a.5.5 0 0 1-.5-.5V8H0v2a2 2 0 0 0 2 2h2v-1.5ZM8 12v-1.5h2a.5.5 0 0 0 .5-.5V8H12v2a2 2 0 0 1-2 2H8Zm2-12a2 2 0 0 1 2 2v2h-1.5V2a.5.5 0 0 0-.5-.5H8V0h2Z\" \/>\n\t\t\t<\/svg>\n\t\t<\/button><\/figure>\n\n\n\n<figure data-wp-context=\"{&quot;imageId&quot;:&quot;69f220607c84b&quot;}\" data-wp-interactive=\"core\/image\" class=\"wp-block-image size-large wp-lightbox-container\"><img loading=\"lazy\" decoding=\"async\" width=\"1024\" height=\"683\" data-wp-class--hide=\"state.isContentHidden\" data-wp-class--show=\"state.isContentVisible\" data-wp-init=\"callbacks.setButtonStyles\" data-wp-on-async--click=\"actions.showLightbox\" data-wp-on-async--load=\"callbacks.setButtonStyles\" data-wp-on-async-window--resize=\"callbacks.setButtonStyles\" data-id=\"1087\" src=\"https:\/\/www.les-photos-de-mon-mariage.fr\/blog\/wp-content\/uploads\/2024\/03\/10-1024x683.jpg\" alt=\"Des invit\u00e9s radieux\" class=\"wp-image-1087\" srcset=\"https:\/\/www.les-photos-de-mon-mariage.fr\/blog\/wp-content\/uploads\/2024\/03\/10-1024x683.jpg 1024w, https:\/\/www.les-photos-de-mon-mariage.fr\/blog\/wp-content\/uploads\/2024\/03\/10-300x200.jpg 300w, https:\/\/www.les-photos-de-mon-mariage.fr\/blog\/wp-content\/uploads\/2024\/03\/10-768x512.jpg 768w, https:\/\/www.les-photos-de-mon-mariage.fr\/blog\/wp-content\/uploads\/2024\/03\/10-800x533.jpg 800w, https:\/\/www.les-photos-de-mon-mariage.fr\/blog\/wp-content\/uploads\/2024\/03\/10.jpg 1200w\" sizes=\"auto, (max-width: 1024px) 100vw, 1024px\" \/><button\n\t\t\tclass=\"lightbox-trigger\"\n\t\t\ttype=\"button\"\n\t\t\taria-haspopup=\"dialog\"\n\t\t\taria-label=\"Agrandir\"\n\t\t\tdata-wp-init=\"callbacks.initTriggerButton\"\n\t\t\tdata-wp-on-async--click=\"actions.showLightbox\"\n\t\t\tdata-wp-style--right=\"state.imageButtonRight\"\n\t\t\tdata-wp-style--top=\"state.imageButtonTop\"\n\t\t>\n\t\t\t<svg xmlns=\"http:\/\/www.w3.org\/2000\/svg\" width=\"12\" height=\"12\" fill=\"none\" viewBox=\"0 0 12 12\">\n\t\t\t\t<path fill=\"#fff\" d=\"M2 0a2 2 0 0 0-2 2v2h1.5V2a.5.5 0 0 1 .5-.5h2V0H2Zm2 10.5H2a.5.5 0 0 1-.5-.5V8H0v2a2 2 0 0 0 2 2h2v-1.5ZM8 12v-1.5h2a.5.5 0 0 0 .5-.5V8H12v2a2 2 0 0 1-2 2H8Zm2-12a2 2 0 0 1 2 2v2h-1.5V2a.5.5 0 0 0-.5-.5H8V0h2Z\" \/>\n\t\t\t<\/svg>\n\t\t<\/button><\/figure>\n\n\n\n<figure data-wp-context=\"{&quot;imageId&quot;:&quot;69f220607cd68&quot;}\" data-wp-interactive=\"core\/image\" class=\"wp-block-image size-large wp-lightbox-container\"><img loading=\"lazy\" decoding=\"async\" width=\"683\" height=\"1024\" data-wp-class--hide=\"state.isContentHidden\" data-wp-class--show=\"state.isContentVisible\" data-wp-init=\"callbacks.setButtonStyles\" data-wp-on-async--click=\"actions.showLightbox\" data-wp-on-async--load=\"callbacks.setButtonStyles\" data-wp-on-async-window--resize=\"callbacks.setButtonStyles\" data-id=\"1088\" src=\"https:\/\/www.les-photos-de-mon-mariage.fr\/blog\/wp-content\/uploads\/2024\/03\/11-683x1024.jpg\" alt=\"Devant la Tour Eiffel\" class=\"wp-image-1088\" srcset=\"https:\/\/www.les-photos-de-mon-mariage.fr\/blog\/wp-content\/uploads\/2024\/03\/11-683x1024.jpg 683w, https:\/\/www.les-photos-de-mon-mariage.fr\/blog\/wp-content\/uploads\/2024\/03\/11-200x300.jpg 200w, https:\/\/www.les-photos-de-mon-mariage.fr\/blog\/wp-content\/uploads\/2024\/03\/11-768x1152.jpg 768w, https:\/\/www.les-photos-de-mon-mariage.fr\/blog\/wp-content\/uploads\/2024\/03\/11.jpg 800w\" sizes=\"auto, (max-width: 683px) 100vw, 683px\" \/><button\n\t\t\tclass=\"lightbox-trigger\"\n\t\t\ttype=\"button\"\n\t\t\taria-haspopup=\"dialog\"\n\t\t\taria-label=\"Agrandir\"\n\t\t\tdata-wp-init=\"callbacks.initTriggerButton\"\n\t\t\tdata-wp-on-async--click=\"actions.showLightbox\"\n\t\t\tdata-wp-style--right=\"state.imageButtonRight\"\n\t\t\tdata-wp-style--top=\"state.imageButtonTop\"\n\t\t>\n\t\t\t<svg xmlns=\"http:\/\/www.w3.org\/2000\/svg\" width=\"12\" height=\"12\" fill=\"none\" viewBox=\"0 0 12 12\">\n\t\t\t\t<path fill=\"#fff\" d=\"M2 0a2 2 0 0 0-2 2v2h1.5V2a.5.5 0 0 1 .5-.5h2V0H2Zm2 10.5H2a.5.5 0 0 1-.5-.5V8H0v2a2 2 0 0 0 2 2h2v-1.5ZM8 12v-1.5h2a.5.5 0 0 0 .5-.5V8H12v2a2 2 0 0 1-2 2H8Zm2-12a2 2 0 0 1 2 2v2h-1.5V2a.5.5 0 0 0-.5-.5H8V0h2Z\" \/>\n\t\t\t<\/svg>\n\t\t<\/button><\/figure>\n<\/figure>\n","protected":false},"excerpt":{"rendered":"<p>Bonjour \u00e0 toutes et \u00e0 tous, J&rsquo;esp\u00e8re que vous avez tous pass\u00e9 d&rsquo;agr\u00e9ables vacances ! &#x1f642; \u00ab\u00a0Thomas, on souhaiterait te confier les photos de notre mariage. Il s&rsquo;agit d&rsquo;une ballade sur bateau mouche sur la Seine en plein Paris. Cela ne sera pas trop compliqu\u00e9 pour t&rsquo;organiser ??\u00a0\u00bbAvec la promesse d&rsquo;une si magnifique journ\u00e9e, vous imaginez bien que je m&rsquo;organise tr\u00e8s tr\u00e8s facilement et avec &hellip; <a href=\"https:\/\/www.les-photos-de-mon-mariage.fr\/blog\/mariage-de-marie-et-arthur\/\" class=\"more-link\">Continue reading <span class=\"screen-reader-text\">Mariage de Marie et Arthur<\/span> <span class=\"meta-nav\">&raquo;<\/span><\/a><\/p>\n","protected":false},"author":1,"featured_media":1083,"comment_status":"open","ping_status":"open","sticky":false,"template":"","format":"standard","meta":{"footnotes":""},"categories":[4],"tags":[],"class_list":["post-1077","post","type-post","status-publish","format-standard","has-post-thumbnail","hentry","category-mariages"],"yoast_head":"<!-- This site is optimized with the Yoast SEO plugin v27.5 - https:\/\/yoast.com\/product\/yoast-seo-wordpress\/ -->\n<title>Mariage de Marie et Arthur - Le blog d&#039;un photographe mariage<\/title>\n<meta name=\"robots\" content=\"index, follow, max-snippet:-1, max-image-preview:large, max-video-preview:-1\" \/>\n<link rel=\"canonical\" href=\"https:\/\/www.les-photos-de-mon-mariage.fr\/blog\/mariage-de-marie-et-arthur\/\" \/>\n<meta property=\"og:locale\" content=\"fr_FR\" \/>\n<meta property=\"og:type\" content=\"article\" \/>\n<meta property=\"og:title\" content=\"Mariage de Marie et Arthur - Le blog d&#039;un photographe mariage\" \/>\n<meta property=\"og:description\" content=\"Bonjour \u00e0 toutes et \u00e0 tous, J&rsquo;esp\u00e8re que vous avez tous pass\u00e9 d&rsquo;agr\u00e9ables vacances ! &#x1f642; \u00ab\u00a0Thomas, on souhaiterait te confier les photos de notre mariage. Il s&rsquo;agit d&rsquo;une ballade sur bateau mouche sur la Seine en plein Paris. Cela ne sera pas trop compliqu\u00e9 pour t&rsquo;organiser ??\u00a0\u00bbAvec la promesse d&rsquo;une si magnifique journ\u00e9e, vous imaginez bien que je m&rsquo;organise tr\u00e8s tr\u00e8s facilement et avec &hellip; Continue reading Mariage de Marie et Arthur &raquo;\" \/>\n<meta property=\"og:url\" content=\"https:\/\/www.les-photos-de-mon-mariage.fr\/blog\/mariage-de-marie-et-arthur\/\" \/>\n<meta property=\"og:site_name\" content=\"Le blog d&#039;un photographe mariage\" \/>\n<meta property=\"article:publisher\" content=\"https:\/\/www.facebook.com\/thomas.lamart\/\" \/>\n<meta property=\"article:author\" content=\"https:\/\/www.facebook.com\/thomas.lamart\/\" \/>\n<meta property=\"article:published_time\" content=\"2022-08-31T12:46:00+00:00\" \/>\n<meta property=\"article:modified_time\" content=\"2024-03-16T12:56:52+00:00\" \/>\n<meta property=\"og:image\" content=\"https:\/\/www.les-photos-de-mon-mariage.fr\/blog\/wp-content\/uploads\/2024\/03\/06.jpg\" \/>\n\t<meta property=\"og:image:width\" content=\"1200\" \/>\n\t<meta property=\"og:image:height\" content=\"800\" \/>\n\t<meta property=\"og:image:type\" content=\"image\/jpeg\" \/>\n<meta name=\"author\" content=\"Thomas\" \/>\n<meta name=\"twitter:card\" content=\"summary_large_image\" \/>\n<meta name=\"twitter:label1\" content=\"\u00c9crit par\" \/>\n\t<meta name=\"twitter:data1\" content=\"Thomas\" \/>\n\t<meta name=\"twitter:label2\" content=\"Dur\u00e9e de lecture estim\u00e9e\" \/>\n\t<meta name=\"twitter:data2\" content=\"1 minute\" \/>\n<script type=\"application\/ld+json\" class=\"yoast-schema-graph\">{\"@context\":\"https:\\\/\\\/schema.org\",\"@graph\":[{\"@type\":\"Article\",\"@id\":\"https:\\\/\\\/www.les-photos-de-mon-mariage.fr\\\/blog\\\/mariage-de-marie-et-arthur\\\/#article\",\"isPartOf\":{\"@id\":\"https:\\\/\\\/www.les-photos-de-mon-mariage.fr\\\/blog\\\/mariage-de-marie-et-arthur\\\/\"},\"author\":{\"name\":\"Thomas\",\"@id\":\"https:\\\/\\\/www.les-photos-de-mon-mariage.fr\\\/blog\\\/#\\\/schema\\\/person\\\/e311f978808719b066047d2ca870eed7\"},\"headline\":\"Mariage de Marie et Arthur\",\"datePublished\":\"2022-08-31T12:46:00+00:00\",\"dateModified\":\"2024-03-16T12:56:52+00:00\",\"mainEntityOfPage\":{\"@id\":\"https:\\\/\\\/www.les-photos-de-mon-mariage.fr\\\/blog\\\/mariage-de-marie-et-arthur\\\/\"},\"wordCount\":227,\"commentCount\":0,\"publisher\":{\"@id\":\"https:\\\/\\\/www.les-photos-de-mon-mariage.fr\\\/blog\\\/#\\\/schema\\\/person\\\/e311f978808719b066047d2ca870eed7\"},\"image\":{\"@id\":\"https:\\\/\\\/www.les-photos-de-mon-mariage.fr\\\/blog\\\/mariage-de-marie-et-arthur\\\/#primaryimage\"},\"thumbnailUrl\":\"https:\\\/\\\/www.les-photos-de-mon-mariage.fr\\\/blog\\\/wp-content\\\/uploads\\\/2024\\\/03\\\/06.jpg\",\"articleSection\":[\"mariages\"],\"inLanguage\":\"fr-FR\",\"potentialAction\":[{\"@type\":\"CommentAction\",\"name\":\"Comment\",\"target\":[\"https:\\\/\\\/www.les-photos-de-mon-mariage.fr\\\/blog\\\/mariage-de-marie-et-arthur\\\/#respond\"]}]},{\"@type\":\"WebPage\",\"@id\":\"https:\\\/\\\/www.les-photos-de-mon-mariage.fr\\\/blog\\\/mariage-de-marie-et-arthur\\\/\",\"url\":\"https:\\\/\\\/www.les-photos-de-mon-mariage.fr\\\/blog\\\/mariage-de-marie-et-arthur\\\/\",\"name\":\"Mariage de Marie et Arthur - Le blog d&#039;un photographe mariage\",\"isPartOf\":{\"@id\":\"https:\\\/\\\/www.les-photos-de-mon-mariage.fr\\\/blog\\\/#website\"},\"primaryImageOfPage\":{\"@id\":\"https:\\\/\\\/www.les-photos-de-mon-mariage.fr\\\/blog\\\/mariage-de-marie-et-arthur\\\/#primaryimage\"},\"image\":{\"@id\":\"https:\\\/\\\/www.les-photos-de-mon-mariage.fr\\\/blog\\\/mariage-de-marie-et-arthur\\\/#primaryimage\"},\"thumbnailUrl\":\"https:\\\/\\\/www.les-photos-de-mon-mariage.fr\\\/blog\\\/wp-content\\\/uploads\\\/2024\\\/03\\\/06.jpg\",\"datePublished\":\"2022-08-31T12:46:00+00:00\",\"dateModified\":\"2024-03-16T12:56:52+00:00\",\"breadcrumb\":{\"@id\":\"https:\\\/\\\/www.les-photos-de-mon-mariage.fr\\\/blog\\\/mariage-de-marie-et-arthur\\\/#breadcrumb\"},\"inLanguage\":\"fr-FR\",\"potentialAction\":[{\"@type\":\"ReadAction\",\"target\":[\"https:\\\/\\\/www.les-photos-de-mon-mariage.fr\\\/blog\\\/mariage-de-marie-et-arthur\\\/\"]}]},{\"@type\":\"ImageObject\",\"inLanguage\":\"fr-FR\",\"@id\":\"https:\\\/\\\/www.les-photos-de-mon-mariage.fr\\\/blog\\\/mariage-de-marie-et-arthur\\\/#primaryimage\",\"url\":\"https:\\\/\\\/www.les-photos-de-mon-mariage.fr\\\/blog\\\/wp-content\\\/uploads\\\/2024\\\/03\\\/06.jpg\",\"contentUrl\":\"https:\\\/\\\/www.les-photos-de-mon-mariage.fr\\\/blog\\\/wp-content\\\/uploads\\\/2024\\\/03\\\/06.jpg\",\"width\":1200,\"height\":800,\"caption\":\"Portrait couple\"},{\"@type\":\"BreadcrumbList\",\"@id\":\"https:\\\/\\\/www.les-photos-de-mon-mariage.fr\\\/blog\\\/mariage-de-marie-et-arthur\\\/#breadcrumb\",\"itemListElement\":[{\"@type\":\"ListItem\",\"position\":1,\"name\":\"Accueil\",\"item\":\"https:\\\/\\\/www.les-photos-de-mon-mariage.fr\\\/blog\\\/\"},{\"@type\":\"ListItem\",\"position\":2,\"name\":\"Mariage de Marie et Arthur\"}]},{\"@type\":\"WebSite\",\"@id\":\"https:\\\/\\\/www.les-photos-de-mon-mariage.fr\\\/blog\\\/#website\",\"url\":\"https:\\\/\\\/www.les-photos-de-mon-mariage.fr\\\/blog\\\/\",\"name\":\"Le blog d'un photographe mariage\",\"description\":\"Thomas Lamart | Votre photographe mariage en Seine-et-marne\",\"publisher\":{\"@id\":\"https:\\\/\\\/www.les-photos-de-mon-mariage.fr\\\/blog\\\/#\\\/schema\\\/person\\\/e311f978808719b066047d2ca870eed7\"},\"potentialAction\":[{\"@type\":\"SearchAction\",\"target\":{\"@type\":\"EntryPoint\",\"urlTemplate\":\"https:\\\/\\\/www.les-photos-de-mon-mariage.fr\\\/blog\\\/?s={search_term_string}\"},\"query-input\":{\"@type\":\"PropertyValueSpecification\",\"valueRequired\":true,\"valueName\":\"search_term_string\"}}],\"inLanguage\":\"fr-FR\"},{\"@type\":[\"Person\",\"Organization\"],\"@id\":\"https:\\\/\\\/www.les-photos-de-mon-mariage.fr\\\/blog\\\/#\\\/schema\\\/person\\\/e311f978808719b066047d2ca870eed7\",\"name\":\"Thomas\",\"image\":{\"@type\":\"ImageObject\",\"inLanguage\":\"fr-FR\",\"@id\":\"https:\\\/\\\/www.les-photos-de-mon-mariage.fr\\\/blog\\\/wp-content\\\/uploads\\\/2024\\\/03\\\/accueil.jpg\",\"url\":\"https:\\\/\\\/www.les-photos-de-mon-mariage.fr\\\/blog\\\/wp-content\\\/uploads\\\/2024\\\/03\\\/accueil.jpg\",\"contentUrl\":\"https:\\\/\\\/www.les-photos-de-mon-mariage.fr\\\/blog\\\/wp-content\\\/uploads\\\/2024\\\/03\\\/accueil.jpg\",\"width\":700,\"height\":489,\"caption\":\"Thomas\"},\"logo\":{\"@id\":\"https:\\\/\\\/www.les-photos-de-mon-mariage.fr\\\/blog\\\/wp-content\\\/uploads\\\/2024\\\/03\\\/accueil.jpg\"},\"sameAs\":[\"https:\\\/\\\/www.les-photos-de-mon-mariage.fr\",\"https:\\\/\\\/www.facebook.com\\\/thomas.lamart\\\/\",\"https:\\\/\\\/www.instagram.com\\\/les.photos.de.mon.mariage\\\/\"],\"url\":\"https:\\\/\\\/www.les-photos-de-mon-mariage.fr\\\/blog\\\/author\\\/thomasadmin\\\/\"}]}<\/script>\n<!-- \/ Yoast SEO plugin. -->","yoast_head_json":{"title":"Mariage de Marie et Arthur - Le blog d&#039;un photographe mariage","robots":{"index":"index","follow":"follow","max-snippet":"max-snippet:-1","max-image-preview":"max-image-preview:large","max-video-preview":"max-video-preview:-1"},"canonical":"https:\/\/www.les-photos-de-mon-mariage.fr\/blog\/mariage-de-marie-et-arthur\/","og_locale":"fr_FR","og_type":"article","og_title":"Mariage de Marie et Arthur - Le blog d&#039;un photographe mariage","og_description":"Bonjour \u00e0 toutes et \u00e0 tous, J&rsquo;esp\u00e8re que vous avez tous pass\u00e9 d&rsquo;agr\u00e9ables vacances ! &#x1f642; \u00ab\u00a0Thomas, on souhaiterait te confier les photos de notre mariage. Il s&rsquo;agit d&rsquo;une ballade sur bateau mouche sur la Seine en plein Paris. Cela ne sera pas trop compliqu\u00e9 pour t&rsquo;organiser ??\u00a0\u00bbAvec la promesse d&rsquo;une si magnifique journ\u00e9e, vous imaginez bien que je m&rsquo;organise tr\u00e8s tr\u00e8s facilement et avec &hellip; Continue reading Mariage de Marie et Arthur &raquo;","og_url":"https:\/\/www.les-photos-de-mon-mariage.fr\/blog\/mariage-de-marie-et-arthur\/","og_site_name":"Le blog d&#039;un photographe mariage","article_publisher":"https:\/\/www.facebook.com\/thomas.lamart\/","article_author":"https:\/\/www.facebook.com\/thomas.lamart\/","article_published_time":"2022-08-31T12:46:00+00:00","article_modified_time":"2024-03-16T12:56:52+00:00","og_image":[{"width":1200,"height":800,"url":"https:\/\/www.les-photos-de-mon-mariage.fr\/blog\/wp-content\/uploads\/2024\/03\/06.jpg","type":"image\/jpeg"}],"author":"Thomas","twitter_card":"summary_large_image","twitter_misc":{"\u00c9crit par":"Thomas","Dur\u00e9e de lecture estim\u00e9e":"1 minute"},"schema":{"@context":"https:\/\/schema.org","@graph":[{"@type":"Article","@id":"https:\/\/www.les-photos-de-mon-mariage.fr\/blog\/mariage-de-marie-et-arthur\/#article","isPartOf":{"@id":"https:\/\/www.les-photos-de-mon-mariage.fr\/blog\/mariage-de-marie-et-arthur\/"},"author":{"name":"Thomas","@id":"https:\/\/www.les-photos-de-mon-mariage.fr\/blog\/#\/schema\/person\/e311f978808719b066047d2ca870eed7"},"headline":"Mariage de Marie et Arthur","datePublished":"2022-08-31T12:46:00+00:00","dateModified":"2024-03-16T12:56:52+00:00","mainEntityOfPage":{"@id":"https:\/\/www.les-photos-de-mon-mariage.fr\/blog\/mariage-de-marie-et-arthur\/"},"wordCount":227,"commentCount":0,"publisher":{"@id":"https:\/\/www.les-photos-de-mon-mariage.fr\/blog\/#\/schema\/person\/e311f978808719b066047d2ca870eed7"},"image":{"@id":"https:\/\/www.les-photos-de-mon-mariage.fr\/blog\/mariage-de-marie-et-arthur\/#primaryimage"},"thumbnailUrl":"https:\/\/www.les-photos-de-mon-mariage.fr\/blog\/wp-content\/uploads\/2024\/03\/06.jpg","articleSection":["mariages"],"inLanguage":"fr-FR","potentialAction":[{"@type":"CommentAction","name":"Comment","target":["https:\/\/www.les-photos-de-mon-mariage.fr\/blog\/mariage-de-marie-et-arthur\/#respond"]}]},{"@type":"WebPage","@id":"https:\/\/www.les-photos-de-mon-mariage.fr\/blog\/mariage-de-marie-et-arthur\/","url":"https:\/\/www.les-photos-de-mon-mariage.fr\/blog\/mariage-de-marie-et-arthur\/","name":"Mariage de Marie et Arthur - Le blog d&#039;un photographe mariage","isPartOf":{"@id":"https:\/\/www.les-photos-de-mon-mariage.fr\/blog\/#website"},"primaryImageOfPage":{"@id":"https:\/\/www.les-photos-de-mon-mariage.fr\/blog\/mariage-de-marie-et-arthur\/#primaryimage"},"image":{"@id":"https:\/\/www.les-photos-de-mon-mariage.fr\/blog\/mariage-de-marie-et-arthur\/#primaryimage"},"thumbnailUrl":"https:\/\/www.les-photos-de-mon-mariage.fr\/blog\/wp-content\/uploads\/2024\/03\/06.jpg","datePublished":"2022-08-31T12:46:00+00:00","dateModified":"2024-03-16T12:56:52+00:00","breadcrumb":{"@id":"https:\/\/www.les-photos-de-mon-mariage.fr\/blog\/mariage-de-marie-et-arthur\/#breadcrumb"},"inLanguage":"fr-FR","potentialAction":[{"@type":"ReadAction","target":["https:\/\/www.les-photos-de-mon-mariage.fr\/blog\/mariage-de-marie-et-arthur\/"]}]},{"@type":"ImageObject","inLanguage":"fr-FR","@id":"https:\/\/www.les-photos-de-mon-mariage.fr\/blog\/mariage-de-marie-et-arthur\/#primaryimage","url":"https:\/\/www.les-photos-de-mon-mariage.fr\/blog\/wp-content\/uploads\/2024\/03\/06.jpg","contentUrl":"https:\/\/www.les-photos-de-mon-mariage.fr\/blog\/wp-content\/uploads\/2024\/03\/06.jpg","width":1200,"height":800,"caption":"Portrait couple"},{"@type":"BreadcrumbList","@id":"https:\/\/www.les-photos-de-mon-mariage.fr\/blog\/mariage-de-marie-et-arthur\/#breadcrumb","itemListElement":[{"@type":"ListItem","position":1,"name":"Accueil","item":"https:\/\/www.les-photos-de-mon-mariage.fr\/blog\/"},{"@type":"ListItem","position":2,"name":"Mariage de Marie et Arthur"}]},{"@type":"WebSite","@id":"https:\/\/www.les-photos-de-mon-mariage.fr\/blog\/#website","url":"https:\/\/www.les-photos-de-mon-mariage.fr\/blog\/","name":"Le blog d'un photographe mariage","description":"Thomas Lamart | Votre photographe mariage en Seine-et-marne","publisher":{"@id":"https:\/\/www.les-photos-de-mon-mariage.fr\/blog\/#\/schema\/person\/e311f978808719b066047d2ca870eed7"},"potentialAction":[{"@type":"SearchAction","target":{"@type":"EntryPoint","urlTemplate":"https:\/\/www.les-photos-de-mon-mariage.fr\/blog\/?s={search_term_string}"},"query-input":{"@type":"PropertyValueSpecification","valueRequired":true,"valueName":"search_term_string"}}],"inLanguage":"fr-FR"},{"@type":["Person","Organization"],"@id":"https:\/\/www.les-photos-de-mon-mariage.fr\/blog\/#\/schema\/person\/e311f978808719b066047d2ca870eed7","name":"Thomas","image":{"@type":"ImageObject","inLanguage":"fr-FR","@id":"https:\/\/www.les-photos-de-mon-mariage.fr\/blog\/wp-content\/uploads\/2024\/03\/accueil.jpg","url":"https:\/\/www.les-photos-de-mon-mariage.fr\/blog\/wp-content\/uploads\/2024\/03\/accueil.jpg","contentUrl":"https:\/\/www.les-photos-de-mon-mariage.fr\/blog\/wp-content\/uploads\/2024\/03\/accueil.jpg","width":700,"height":489,"caption":"Thomas"},"logo":{"@id":"https:\/\/www.les-photos-de-mon-mariage.fr\/blog\/wp-content\/uploads\/2024\/03\/accueil.jpg"},"sameAs":["https:\/\/www.les-photos-de-mon-mariage.fr","https:\/\/www.facebook.com\/thomas.lamart\/","https:\/\/www.instagram.com\/les.photos.de.mon.mariage\/"],"url":"https:\/\/www.les-photos-de-mon-mariage.fr\/blog\/author\/thomasadmin\/"}]}},"_links":{"self":[{"href":"https:\/\/www.les-photos-de-mon-mariage.fr\/blog\/wp-json\/wp\/v2\/posts\/1077","targetHints":{"allow":["GET"]}}],"collection":[{"href":"https:\/\/www.les-photos-de-mon-mariage.fr\/blog\/wp-json\/wp\/v2\/posts"}],"about":[{"href":"https:\/\/www.les-photos-de-mon-mariage.fr\/blog\/wp-json\/wp\/v2\/types\/post"}],"author":[{"embeddable":true,"href":"https:\/\/www.les-photos-de-mon-mariage.fr\/blog\/wp-json\/wp\/v2\/users\/1"}],"replies":[{"embeddable":true,"href":"https:\/\/www.les-photos-de-mon-mariage.fr\/blog\/wp-json\/wp\/v2\/comments?post=1077"}],"version-history":[{"count":1,"href":"https:\/\/www.les-photos-de-mon-mariage.fr\/blog\/wp-json\/wp\/v2\/posts\/1077\/revisions"}],"predecessor-version":[{"id":1089,"href":"https:\/\/www.les-photos-de-mon-mariage.fr\/blog\/wp-json\/wp\/v2\/posts\/1077\/revisions\/1089"}],"wp:featuredmedia":[{"embeddable":true,"href":"https:\/\/www.les-photos-de-mon-mariage.fr\/blog\/wp-json\/wp\/v2\/media\/1083"}],"wp:attachment":[{"href":"https:\/\/www.les-photos-de-mon-mariage.fr\/blog\/wp-json\/wp\/v2\/media?parent=1077"}],"wp:term":[{"taxonomy":"category","embeddable":true,"href":"https:\/\/www.les-photos-de-mon-mariage.fr\/blog\/wp-json\/wp\/v2\/categories?post=1077"},{"taxonomy":"post_tag","embeddable":true,"href":"https:\/\/www.les-photos-de-mon-mariage.fr\/blog\/wp-json\/wp\/v2\/tags?post=1077"}],"curies":[{"name":"wp","href":"https:\/\/api.w.org\/{rel}","templated":true}]}}