{"id":111,"date":"2015-06-19T18:33:49","date_gmt":"2015-06-19T16:33:49","guid":{"rendered":"http:\/\/www.les-photos-de-mon-mariage.fr\/blog\/?p=111"},"modified":"2015-06-27T10:31:49","modified_gmt":"2015-06-27T08:31:49","slug":"mariage-estelle-et-alexandre","status":"publish","type":"post","link":"https:\/\/www.les-photos-de-mon-mariage.fr\/blog\/mariage-estelle-et-alexandre\/","title":{"rendered":"Mariage d&rsquo;Estelle et Alexandre"},"content":{"rendered":"<p><strong><a href=\"http:\/\/www.les-photos-de-mon-mariage.fr\/blog\/wp-content\/uploads\/2015\/06\/EstelleAlexandre-blog0.jpg\"><img loading=\"lazy\" decoding=\"async\" class=\"alignleft wp-image-131\" src=\"http:\/\/www.les-photos-de-mon-mariage.fr\/blog\/wp-content\/uploads\/2015\/06\/EstelleAlexandre-blog0-300x200.jpg\" alt=\"Estelle&amp;Alexandre-blog0\" width=\"390\" height=\"260\" srcset=\"https:\/\/www.les-photos-de-mon-mariage.fr\/blog\/wp-content\/uploads\/2015\/06\/EstelleAlexandre-blog0-300x200.jpg 300w, https:\/\/www.les-photos-de-mon-mariage.fr\/blog\/wp-content\/uploads\/2015\/06\/EstelleAlexandre-blog0-1024x683.jpg 1024w, https:\/\/www.les-photos-de-mon-mariage.fr\/blog\/wp-content\/uploads\/2015\/06\/EstelleAlexandre-blog0-685x457.jpg 685w, https:\/\/www.les-photos-de-mon-mariage.fr\/blog\/wp-content\/uploads\/2015\/06\/EstelleAlexandre-blog0.jpg 1200w\" sizes=\"auto, (max-width: 390px) 100vw, 390px\" \/><\/a><\/strong><\/p>\n<p><strong>Le photographe mariage<\/strong> est l\u00e0 pour s&rsquo;adapter aux souhaits des mari\u00e9s : Estelle et Alexandre voulaient mettre l&rsquo;accent sur le reportage photographique du <strong>vin d&rsquo;honneur<\/strong>&#8230;<\/p>\n<p><!--more--><\/p>\n<p>&#8230; Aucun souci de mon c\u00f4t\u00e9, la photographie en mode \u00ab\u00a0reportage\u00a0\u00bb est un de mes exercices pr\u00e9f\u00e9r\u00e9s ! Se fondre dans le d\u00e9cors, se m\u00ealer aux invit\u00e9s et immortaliser les moments pr\u00e9cieux, sans \u00ab\u00a0poses\u00a0\u00bb trop artificielles, c&rsquo;est assur\u00e9ment un des meilleurs moyens d&rsquo;obtenir des souvenirs photo exceptionnels !<\/p>\n<p>Ajouter \u00e0 cela un temps resplendissant, un cadre magnifique, une piste de danse en plein air et une animation originale &#8211; surprise de la mari\u00e9e \u00e0 son chasseur de mari &#8211; tous les ingr\u00e9dients sont r\u00e9unis !<\/p>\n<p><strong>Merci \u00e0 eux pour leur confiance et tous mes v\u0153ux de bonheur renouvel\u00e9s !<\/strong><\/p>\n<p>A bient\u00f4t.<\/p>\n<p>Thomas<strong><br \/>\n<\/strong><\/p>\n<p>&nbsp;<\/p>\n<p><a href=\"http:\/\/www.les-photos-de-mon-mariage.fr\/blog\/wp-content\/uploads\/2015\/06\/EstelleAlexandre-4.jpg\"><img loading=\"lazy\" decoding=\"async\" class=\"alignnone wp-image-113 size-large\" src=\"http:\/\/www.les-photos-de-mon-mariage.fr\/blog\/wp-content\/uploads\/2015\/06\/EstelleAlexandre-4-1024x683.jpg\" alt=\"Estelle&amp;Alexandre-blog1\" width=\"685\" height=\"457\" srcset=\"https:\/\/www.les-photos-de-mon-mariage.fr\/blog\/wp-content\/uploads\/2015\/06\/EstelleAlexandre-4-1024x683.jpg 1024w, https:\/\/www.les-photos-de-mon-mariage.fr\/blog\/wp-content\/uploads\/2015\/06\/EstelleAlexandre-4-300x200.jpg 300w, https:\/\/www.les-photos-de-mon-mariage.fr\/blog\/wp-content\/uploads\/2015\/06\/EstelleAlexandre-4-685x457.jpg 685w, https:\/\/www.les-photos-de-mon-mariage.fr\/blog\/wp-content\/uploads\/2015\/06\/EstelleAlexandre-4.jpg 1200w\" sizes=\"auto, (max-width: 685px) 100vw, 685px\" \/><\/a> <a href=\"http:\/\/www.les-photos-de-mon-mariage.fr\/blog\/wp-content\/uploads\/2015\/06\/EstelleAlexandre-18.jpg\"><img loading=\"lazy\" decoding=\"async\" class=\"alignnone wp-image-114 size-large\" src=\"http:\/\/www.les-photos-de-mon-mariage.fr\/blog\/wp-content\/uploads\/2015\/06\/EstelleAlexandre-18-1024x683.jpg\" alt=\"Estelle&amp;Alexandre-blog2\" width=\"685\" height=\"457\" srcset=\"https:\/\/www.les-photos-de-mon-mariage.fr\/blog\/wp-content\/uploads\/2015\/06\/EstelleAlexandre-18-1024x683.jpg 1024w, https:\/\/www.les-photos-de-mon-mariage.fr\/blog\/wp-content\/uploads\/2015\/06\/EstelleAlexandre-18-300x200.jpg 300w, https:\/\/www.les-photos-de-mon-mariage.fr\/blog\/wp-content\/uploads\/2015\/06\/EstelleAlexandre-18-685x457.jpg 685w, https:\/\/www.les-photos-de-mon-mariage.fr\/blog\/wp-content\/uploads\/2015\/06\/EstelleAlexandre-18.jpg 1200w\" sizes=\"auto, (max-width: 685px) 100vw, 685px\" \/><\/a> <a href=\"http:\/\/www.les-photos-de-mon-mariage.fr\/blog\/wp-content\/uploads\/2015\/06\/EstelleAlexandre-19.jpg\"><img loading=\"lazy\" decoding=\"async\" class=\"alignnone wp-image-115 size-large\" src=\"http:\/\/www.les-photos-de-mon-mariage.fr\/blog\/wp-content\/uploads\/2015\/06\/EstelleAlexandre-19-683x1024.jpg\" alt=\"Estelle&amp;Alexandre-blog3\" width=\"683\" height=\"1024\" srcset=\"https:\/\/www.les-photos-de-mon-mariage.fr\/blog\/wp-content\/uploads\/2015\/06\/EstelleAlexandre-19-683x1024.jpg 683w, https:\/\/www.les-photos-de-mon-mariage.fr\/blog\/wp-content\/uploads\/2015\/06\/EstelleAlexandre-19-200x300.jpg 200w, https:\/\/www.les-photos-de-mon-mariage.fr\/blog\/wp-content\/uploads\/2015\/06\/EstelleAlexandre-19-685x1028.jpg 685w, https:\/\/www.les-photos-de-mon-mariage.fr\/blog\/wp-content\/uploads\/2015\/06\/EstelleAlexandre-19.jpg 800w\" sizes=\"auto, (max-width: 683px) 100vw, 683px\" \/><\/a> <a href=\"http:\/\/www.les-photos-de-mon-mariage.fr\/blog\/wp-content\/uploads\/2015\/06\/EstelleAlexandre-22.jpg\"><img loading=\"lazy\" decoding=\"async\" class=\"alignnone wp-image-116 size-large\" src=\"http:\/\/www.les-photos-de-mon-mariage.fr\/blog\/wp-content\/uploads\/2015\/06\/EstelleAlexandre-22-1024x683.jpg\" alt=\"Estelle&amp;Alexandre-blog4\" width=\"685\" height=\"457\" srcset=\"https:\/\/www.les-photos-de-mon-mariage.fr\/blog\/wp-content\/uploads\/2015\/06\/EstelleAlexandre-22-1024x683.jpg 1024w, https:\/\/www.les-photos-de-mon-mariage.fr\/blog\/wp-content\/uploads\/2015\/06\/EstelleAlexandre-22-300x200.jpg 300w, https:\/\/www.les-photos-de-mon-mariage.fr\/blog\/wp-content\/uploads\/2015\/06\/EstelleAlexandre-22-685x457.jpg 685w, https:\/\/www.les-photos-de-mon-mariage.fr\/blog\/wp-content\/uploads\/2015\/06\/EstelleAlexandre-22.jpg 1200w\" sizes=\"auto, (max-width: 685px) 100vw, 685px\" \/><\/a> <a href=\"http:\/\/www.les-photos-de-mon-mariage.fr\/blog\/wp-content\/uploads\/2015\/06\/EstelleAlexandre-53.jpg\"><img loading=\"lazy\" decoding=\"async\" class=\"alignnone wp-image-117 size-large\" src=\"http:\/\/www.les-photos-de-mon-mariage.fr\/blog\/wp-content\/uploads\/2015\/06\/EstelleAlexandre-53-683x1024.jpg\" alt=\"Estelle&amp;Alexandre-blog5\" width=\"683\" height=\"1024\" srcset=\"https:\/\/www.les-photos-de-mon-mariage.fr\/blog\/wp-content\/uploads\/2015\/06\/EstelleAlexandre-53-683x1024.jpg 683w, https:\/\/www.les-photos-de-mon-mariage.fr\/blog\/wp-content\/uploads\/2015\/06\/EstelleAlexandre-53-200x300.jpg 200w, https:\/\/www.les-photos-de-mon-mariage.fr\/blog\/wp-content\/uploads\/2015\/06\/EstelleAlexandre-53-685x1028.jpg 685w, https:\/\/www.les-photos-de-mon-mariage.fr\/blog\/wp-content\/uploads\/2015\/06\/EstelleAlexandre-53.jpg 800w\" sizes=\"auto, (max-width: 683px) 100vw, 683px\" \/><\/a> <a href=\"http:\/\/www.les-photos-de-mon-mariage.fr\/blog\/wp-content\/uploads\/2015\/06\/EstelleAlexandre-54.jpg\"><img loading=\"lazy\" decoding=\"async\" class=\"alignnone wp-image-118 size-large\" src=\"http:\/\/www.les-photos-de-mon-mariage.fr\/blog\/wp-content\/uploads\/2015\/06\/EstelleAlexandre-54-1024x683.jpg\" alt=\"Estelle&amp;Alexandre-blog6\" width=\"685\" height=\"457\" srcset=\"https:\/\/www.les-photos-de-mon-mariage.fr\/blog\/wp-content\/uploads\/2015\/06\/EstelleAlexandre-54-1024x683.jpg 1024w, https:\/\/www.les-photos-de-mon-mariage.fr\/blog\/wp-content\/uploads\/2015\/06\/EstelleAlexandre-54-300x200.jpg 300w, https:\/\/www.les-photos-de-mon-mariage.fr\/blog\/wp-content\/uploads\/2015\/06\/EstelleAlexandre-54-685x457.jpg 685w, https:\/\/www.les-photos-de-mon-mariage.fr\/blog\/wp-content\/uploads\/2015\/06\/EstelleAlexandre-54.jpg 1200w\" sizes=\"auto, (max-width: 685px) 100vw, 685px\" \/><\/a> <a href=\"http:\/\/www.les-photos-de-mon-mariage.fr\/blog\/wp-content\/uploads\/2015\/06\/EstelleAlexandre-56.jpg\"><img loading=\"lazy\" decoding=\"async\" class=\"alignnone wp-image-119\" src=\"http:\/\/www.les-photos-de-mon-mariage.fr\/blog\/wp-content\/uploads\/2015\/06\/EstelleAlexandre-56.jpg\" alt=\"Estelle&amp;Alexandre-blog7\" width=\"683\" height=\"683\" srcset=\"https:\/\/www.les-photos-de-mon-mariage.fr\/blog\/wp-content\/uploads\/2015\/06\/EstelleAlexandre-56.jpg 800w, https:\/\/www.les-photos-de-mon-mariage.fr\/blog\/wp-content\/uploads\/2015\/06\/EstelleAlexandre-56-300x300.jpg 300w, https:\/\/www.les-photos-de-mon-mariage.fr\/blog\/wp-content\/uploads\/2015\/06\/EstelleAlexandre-56-685x685.jpg 685w\" sizes=\"auto, (max-width: 683px) 100vw, 683px\" \/><\/a> <a href=\"http:\/\/www.les-photos-de-mon-mariage.fr\/blog\/wp-content\/uploads\/2015\/06\/EstelleAlexandre-57.jpg\"><img loading=\"lazy\" decoding=\"async\" class=\"alignnone wp-image-120 size-large\" src=\"http:\/\/www.les-photos-de-mon-mariage.fr\/blog\/wp-content\/uploads\/2015\/06\/EstelleAlexandre-57-1024x683.jpg\" alt=\"Estelle&amp;Alexandre-blog8\" width=\"685\" height=\"457\" srcset=\"https:\/\/www.les-photos-de-mon-mariage.fr\/blog\/wp-content\/uploads\/2015\/06\/EstelleAlexandre-57-1024x683.jpg 1024w, https:\/\/www.les-photos-de-mon-mariage.fr\/blog\/wp-content\/uploads\/2015\/06\/EstelleAlexandre-57-300x200.jpg 300w, https:\/\/www.les-photos-de-mon-mariage.fr\/blog\/wp-content\/uploads\/2015\/06\/EstelleAlexandre-57-685x457.jpg 685w, https:\/\/www.les-photos-de-mon-mariage.fr\/blog\/wp-content\/uploads\/2015\/06\/EstelleAlexandre-57.jpg 1200w\" sizes=\"auto, (max-width: 685px) 100vw, 685px\" \/><\/a> <a href=\"http:\/\/www.les-photos-de-mon-mariage.fr\/blog\/wp-content\/uploads\/2015\/06\/EstelleAlexandre-67.jpg\"><img loading=\"lazy\" decoding=\"async\" class=\"alignnone wp-image-121 size-large\" src=\"http:\/\/www.les-photos-de-mon-mariage.fr\/blog\/wp-content\/uploads\/2015\/06\/EstelleAlexandre-67-1024x683.jpg\" alt=\"Estelle&amp;Alexandre-blog9\" width=\"685\" height=\"457\" srcset=\"https:\/\/www.les-photos-de-mon-mariage.fr\/blog\/wp-content\/uploads\/2015\/06\/EstelleAlexandre-67-1024x683.jpg 1024w, https:\/\/www.les-photos-de-mon-mariage.fr\/blog\/wp-content\/uploads\/2015\/06\/EstelleAlexandre-67-300x200.jpg 300w, https:\/\/www.les-photos-de-mon-mariage.fr\/blog\/wp-content\/uploads\/2015\/06\/EstelleAlexandre-67-685x457.jpg 685w, https:\/\/www.les-photos-de-mon-mariage.fr\/blog\/wp-content\/uploads\/2015\/06\/EstelleAlexandre-67.jpg 1200w\" sizes=\"auto, (max-width: 685px) 100vw, 685px\" \/><\/a> <a href=\"http:\/\/www.les-photos-de-mon-mariage.fr\/blog\/wp-content\/uploads\/2015\/06\/EstelleAlexandre-70.jpg\"><img loading=\"lazy\" decoding=\"async\" class=\"alignnone wp-image-122 size-large\" src=\"http:\/\/www.les-photos-de-mon-mariage.fr\/blog\/wp-content\/uploads\/2015\/06\/EstelleAlexandre-70-1024x683.jpg\" alt=\"Estelle&amp;Alexandre-blog10\" width=\"685\" height=\"457\" srcset=\"https:\/\/www.les-photos-de-mon-mariage.fr\/blog\/wp-content\/uploads\/2015\/06\/EstelleAlexandre-70-1024x683.jpg 1024w, https:\/\/www.les-photos-de-mon-mariage.fr\/blog\/wp-content\/uploads\/2015\/06\/EstelleAlexandre-70-300x200.jpg 300w, https:\/\/www.les-photos-de-mon-mariage.fr\/blog\/wp-content\/uploads\/2015\/06\/EstelleAlexandre-70-685x457.jpg 685w, https:\/\/www.les-photos-de-mon-mariage.fr\/blog\/wp-content\/uploads\/2015\/06\/EstelleAlexandre-70.jpg 1200w\" sizes=\"auto, (max-width: 685px) 100vw, 685px\" \/><\/a> <a href=\"http:\/\/www.les-photos-de-mon-mariage.fr\/blog\/wp-content\/uploads\/2015\/06\/EstelleAlexandre-78.jpg\"><img loading=\"lazy\" decoding=\"async\" class=\"alignnone wp-image-123 size-large\" src=\"http:\/\/www.les-photos-de-mon-mariage.fr\/blog\/wp-content\/uploads\/2015\/06\/EstelleAlexandre-78-1024x683.jpg\" alt=\"Estelle&amp;Alexandre-blog11\" width=\"685\" height=\"457\" srcset=\"https:\/\/www.les-photos-de-mon-mariage.fr\/blog\/wp-content\/uploads\/2015\/06\/EstelleAlexandre-78-1024x683.jpg 1024w, https:\/\/www.les-photos-de-mon-mariage.fr\/blog\/wp-content\/uploads\/2015\/06\/EstelleAlexandre-78-300x200.jpg 300w, https:\/\/www.les-photos-de-mon-mariage.fr\/blog\/wp-content\/uploads\/2015\/06\/EstelleAlexandre-78-685x457.jpg 685w, https:\/\/www.les-photos-de-mon-mariage.fr\/blog\/wp-content\/uploads\/2015\/06\/EstelleAlexandre-78.jpg 1200w\" sizes=\"auto, (max-width: 685px) 100vw, 685px\" \/><\/a> <a href=\"http:\/\/www.les-photos-de-mon-mariage.fr\/blog\/wp-content\/uploads\/2015\/06\/EstelleAlexandre-79.jpg\"><img loading=\"lazy\" decoding=\"async\" class=\"alignnone wp-image-124 size-large\" src=\"http:\/\/www.les-photos-de-mon-mariage.fr\/blog\/wp-content\/uploads\/2015\/06\/EstelleAlexandre-79-1024x683.jpg\" alt=\"Estelle&amp;Alexandre-blog12\" width=\"685\" height=\"457\" srcset=\"https:\/\/www.les-photos-de-mon-mariage.fr\/blog\/wp-content\/uploads\/2015\/06\/EstelleAlexandre-79-1024x683.jpg 1024w, https:\/\/www.les-photos-de-mon-mariage.fr\/blog\/wp-content\/uploads\/2015\/06\/EstelleAlexandre-79-300x200.jpg 300w, https:\/\/www.les-photos-de-mon-mariage.fr\/blog\/wp-content\/uploads\/2015\/06\/EstelleAlexandre-79-685x457.jpg 685w, https:\/\/www.les-photos-de-mon-mariage.fr\/blog\/wp-content\/uploads\/2015\/06\/EstelleAlexandre-79.jpg 1200w\" sizes=\"auto, (max-width: 685px) 100vw, 685px\" \/><\/a> <a href=\"http:\/\/www.les-photos-de-mon-mariage.fr\/blog\/wp-content\/uploads\/2015\/06\/EstelleAlexandre-83.jpg\"><img loading=\"lazy\" decoding=\"async\" class=\"alignnone wp-image-125 size-large\" src=\"http:\/\/www.les-photos-de-mon-mariage.fr\/blog\/wp-content\/uploads\/2015\/06\/EstelleAlexandre-83-1024x683.jpg\" alt=\"Estelle&amp;Alexandre-blog13\" width=\"685\" height=\"457\" srcset=\"https:\/\/www.les-photos-de-mon-mariage.fr\/blog\/wp-content\/uploads\/2015\/06\/EstelleAlexandre-83-1024x683.jpg 1024w, https:\/\/www.les-photos-de-mon-mariage.fr\/blog\/wp-content\/uploads\/2015\/06\/EstelleAlexandre-83-300x200.jpg 300w, https:\/\/www.les-photos-de-mon-mariage.fr\/blog\/wp-content\/uploads\/2015\/06\/EstelleAlexandre-83-685x457.jpg 685w, https:\/\/www.les-photos-de-mon-mariage.fr\/blog\/wp-content\/uploads\/2015\/06\/EstelleAlexandre-83.jpg 1200w\" sizes=\"auto, (max-width: 685px) 100vw, 685px\" \/><\/a> <a href=\"http:\/\/www.les-photos-de-mon-mariage.fr\/blog\/wp-content\/uploads\/2015\/06\/EstelleAlexandre-89.jpg\"><img loading=\"lazy\" decoding=\"async\" class=\"alignnone wp-image-126 size-large\" src=\"http:\/\/www.les-photos-de-mon-mariage.fr\/blog\/wp-content\/uploads\/2015\/06\/EstelleAlexandre-89-1024x683.jpg\" alt=\"Estelle&amp;Alexandre-blog13\" width=\"685\" height=\"457\" srcset=\"https:\/\/www.les-photos-de-mon-mariage.fr\/blog\/wp-content\/uploads\/2015\/06\/EstelleAlexandre-89-1024x683.jpg 1024w, https:\/\/www.les-photos-de-mon-mariage.fr\/blog\/wp-content\/uploads\/2015\/06\/EstelleAlexandre-89-300x200.jpg 300w, https:\/\/www.les-photos-de-mon-mariage.fr\/blog\/wp-content\/uploads\/2015\/06\/EstelleAlexandre-89-685x457.jpg 685w, https:\/\/www.les-photos-de-mon-mariage.fr\/blog\/wp-content\/uploads\/2015\/06\/EstelleAlexandre-89.jpg 1200w\" sizes=\"auto, (max-width: 685px) 100vw, 685px\" \/><\/a> <a href=\"http:\/\/www.les-photos-de-mon-mariage.fr\/blog\/wp-content\/uploads\/2015\/06\/EstelleAlexandre-94.jpg\"><img loading=\"lazy\" decoding=\"async\" class=\"alignnone wp-image-127 size-large\" src=\"http:\/\/www.les-photos-de-mon-mariage.fr\/blog\/wp-content\/uploads\/2015\/06\/EstelleAlexandre-94-1024x683.jpg\" alt=\"Estelle&amp;Alexandre-blog14\" width=\"685\" height=\"457\" srcset=\"https:\/\/www.les-photos-de-mon-mariage.fr\/blog\/wp-content\/uploads\/2015\/06\/EstelleAlexandre-94-1024x683.jpg 1024w, https:\/\/www.les-photos-de-mon-mariage.fr\/blog\/wp-content\/uploads\/2015\/06\/EstelleAlexandre-94-300x200.jpg 300w, https:\/\/www.les-photos-de-mon-mariage.fr\/blog\/wp-content\/uploads\/2015\/06\/EstelleAlexandre-94-685x457.jpg 685w, https:\/\/www.les-photos-de-mon-mariage.fr\/blog\/wp-content\/uploads\/2015\/06\/EstelleAlexandre-94.jpg 1200w\" sizes=\"auto, (max-width: 685px) 100vw, 685px\" \/><\/a> <a href=\"http:\/\/www.les-photos-de-mon-mariage.fr\/blog\/wp-content\/uploads\/2015\/06\/EstelleAlexandre-116.jpg\"><img loading=\"lazy\" decoding=\"async\" class=\"alignnone wp-image-128 size-large\" src=\"http:\/\/www.les-photos-de-mon-mariage.fr\/blog\/wp-content\/uploads\/2015\/06\/EstelleAlexandre-116-1024x683.jpg\" alt=\"Estelle&amp;Alexandre-blog15\" width=\"685\" height=\"457\" srcset=\"https:\/\/www.les-photos-de-mon-mariage.fr\/blog\/wp-content\/uploads\/2015\/06\/EstelleAlexandre-116-1024x683.jpg 1024w, https:\/\/www.les-photos-de-mon-mariage.fr\/blog\/wp-content\/uploads\/2015\/06\/EstelleAlexandre-116-300x200.jpg 300w, https:\/\/www.les-photos-de-mon-mariage.fr\/blog\/wp-content\/uploads\/2015\/06\/EstelleAlexandre-116-685x457.jpg 685w, https:\/\/www.les-photos-de-mon-mariage.fr\/blog\/wp-content\/uploads\/2015\/06\/EstelleAlexandre-116.jpg 1200w\" sizes=\"auto, (max-width: 685px) 100vw, 685px\" \/><\/a><\/p>\n","protected":false},"excerpt":{"rendered":"<p>Le photographe mariage est l\u00e0 pour s&rsquo;adapter aux souhaits des mari\u00e9s : Estelle et Alexandre voulaient mettre l&rsquo;accent sur le reportage photographique du vin d&rsquo;honneur&#8230;<\/p>\n","protected":false},"author":1,"featured_media":0,"comment_status":"open","ping_status":"open","sticky":false,"template":"","format":"standard","meta":{"footnotes":""},"categories":[4],"tags":[],"class_list":["post-111","post","type-post","status-publish","format-standard","hentry","category-mariages"],"yoast_head":"<!-- This site is optimized with the Yoast SEO plugin v27.5 - https:\/\/yoast.com\/product\/yoast-seo-wordpress\/ -->\n<title>Mariage d&#039;Estelle et Alexandre - Le blog d&#039;un photographe mariage<\/title>\n<meta name=\"robots\" content=\"index, follow, max-snippet:-1, max-image-preview:large, max-video-preview:-1\" \/>\n<link rel=\"canonical\" href=\"https:\/\/www.les-photos-de-mon-mariage.fr\/blog\/mariage-estelle-et-alexandre\/\" \/>\n<meta property=\"og:locale\" content=\"fr_FR\" \/>\n<meta property=\"og:type\" content=\"article\" \/>\n<meta property=\"og:title\" content=\"Mariage d&#039;Estelle et Alexandre - Le blog d&#039;un photographe mariage\" \/>\n<meta property=\"og:description\" content=\"Le photographe mariage est l\u00e0 pour s&rsquo;adapter aux souhaits des mari\u00e9s : Estelle et Alexandre voulaient mettre l&rsquo;accent sur le reportage photographique du vin d&rsquo;honneur&#8230;\" \/>\n<meta property=\"og:url\" content=\"https:\/\/www.les-photos-de-mon-mariage.fr\/blog\/mariage-estelle-et-alexandre\/\" \/>\n<meta property=\"og:site_name\" content=\"Le blog d&#039;un photographe mariage\" \/>\n<meta property=\"article:publisher\" content=\"https:\/\/www.facebook.com\/thomas.lamart\/\" \/>\n<meta property=\"article:author\" content=\"https:\/\/www.facebook.com\/thomas.lamart\/\" \/>\n<meta property=\"article:published_time\" content=\"2015-06-19T16:33:49+00:00\" \/>\n<meta property=\"article:modified_time\" content=\"2015-06-27T08:31:49+00:00\" \/>\n<meta property=\"og:image\" content=\"http:\/\/www.les-photos-de-mon-mariage.fr\/blog\/wp-content\/uploads\/2015\/06\/EstelleAlexandre-blog0-300x200.jpg\" \/>\n<meta name=\"author\" content=\"Thomas\" \/>\n<meta name=\"twitter:card\" content=\"summary_large_image\" \/>\n<meta name=\"twitter:label1\" content=\"\u00c9crit par\" \/>\n\t<meta name=\"twitter:data1\" content=\"Thomas\" \/>\n\t<meta name=\"twitter:label2\" content=\"Dur\u00e9e de lecture estim\u00e9e\" \/>\n\t<meta name=\"twitter:data2\" content=\"1 minute\" \/>\n<script type=\"application\/ld+json\" class=\"yoast-schema-graph\">{\"@context\":\"https:\\\/\\\/schema.org\",\"@graph\":[{\"@type\":\"Article\",\"@id\":\"https:\\\/\\\/www.les-photos-de-mon-mariage.fr\\\/blog\\\/mariage-estelle-et-alexandre\\\/#article\",\"isPartOf\":{\"@id\":\"https:\\\/\\\/www.les-photos-de-mon-mariage.fr\\\/blog\\\/mariage-estelle-et-alexandre\\\/\"},\"author\":{\"name\":\"Thomas\",\"@id\":\"https:\\\/\\\/www.les-photos-de-mon-mariage.fr\\\/blog\\\/#\\\/schema\\\/person\\\/e311f978808719b066047d2ca870eed7\"},\"headline\":\"Mariage d&rsquo;Estelle et Alexandre\",\"datePublished\":\"2015-06-19T16:33:49+00:00\",\"dateModified\":\"2015-06-27T08:31:49+00:00\",\"mainEntityOfPage\":{\"@id\":\"https:\\\/\\\/www.les-photos-de-mon-mariage.fr\\\/blog\\\/mariage-estelle-et-alexandre\\\/\"},\"wordCount\":145,\"commentCount\":0,\"publisher\":{\"@id\":\"https:\\\/\\\/www.les-photos-de-mon-mariage.fr\\\/blog\\\/#\\\/schema\\\/person\\\/e311f978808719b066047d2ca870eed7\"},\"image\":{\"@id\":\"https:\\\/\\\/www.les-photos-de-mon-mariage.fr\\\/blog\\\/mariage-estelle-et-alexandre\\\/#primaryimage\"},\"thumbnailUrl\":\"http:\\\/\\\/www.les-photos-de-mon-mariage.fr\\\/blog\\\/wp-content\\\/uploads\\\/2015\\\/06\\\/EstelleAlexandre-blog0-300x200.jpg\",\"articleSection\":[\"mariages\"],\"inLanguage\":\"fr-FR\",\"potentialAction\":[{\"@type\":\"CommentAction\",\"name\":\"Comment\",\"target\":[\"https:\\\/\\\/www.les-photos-de-mon-mariage.fr\\\/blog\\\/mariage-estelle-et-alexandre\\\/#respond\"]}]},{\"@type\":\"WebPage\",\"@id\":\"https:\\\/\\\/www.les-photos-de-mon-mariage.fr\\\/blog\\\/mariage-estelle-et-alexandre\\\/\",\"url\":\"https:\\\/\\\/www.les-photos-de-mon-mariage.fr\\\/blog\\\/mariage-estelle-et-alexandre\\\/\",\"name\":\"Mariage d'Estelle et Alexandre - Le blog d&#039;un photographe mariage\",\"isPartOf\":{\"@id\":\"https:\\\/\\\/www.les-photos-de-mon-mariage.fr\\\/blog\\\/#website\"},\"primaryImageOfPage\":{\"@id\":\"https:\\\/\\\/www.les-photos-de-mon-mariage.fr\\\/blog\\\/mariage-estelle-et-alexandre\\\/#primaryimage\"},\"image\":{\"@id\":\"https:\\\/\\\/www.les-photos-de-mon-mariage.fr\\\/blog\\\/mariage-estelle-et-alexandre\\\/#primaryimage\"},\"thumbnailUrl\":\"http:\\\/\\\/www.les-photos-de-mon-mariage.fr\\\/blog\\\/wp-content\\\/uploads\\\/2015\\\/06\\\/EstelleAlexandre-blog0-300x200.jpg\",\"datePublished\":\"2015-06-19T16:33:49+00:00\",\"dateModified\":\"2015-06-27T08:31:49+00:00\",\"breadcrumb\":{\"@id\":\"https:\\\/\\\/www.les-photos-de-mon-mariage.fr\\\/blog\\\/mariage-estelle-et-alexandre\\\/#breadcrumb\"},\"inLanguage\":\"fr-FR\",\"potentialAction\":[{\"@type\":\"ReadAction\",\"target\":[\"https:\\\/\\\/www.les-photos-de-mon-mariage.fr\\\/blog\\\/mariage-estelle-et-alexandre\\\/\"]}]},{\"@type\":\"ImageObject\",\"inLanguage\":\"fr-FR\",\"@id\":\"https:\\\/\\\/www.les-photos-de-mon-mariage.fr\\\/blog\\\/mariage-estelle-et-alexandre\\\/#primaryimage\",\"url\":\"https:\\\/\\\/www.les-photos-de-mon-mariage.fr\\\/blog\\\/wp-content\\\/uploads\\\/2015\\\/06\\\/EstelleAlexandre-blog0.jpg\",\"contentUrl\":\"https:\\\/\\\/www.les-photos-de-mon-mariage.fr\\\/blog\\\/wp-content\\\/uploads\\\/2015\\\/06\\\/EstelleAlexandre-blog0.jpg\",\"width\":1200,\"height\":800},{\"@type\":\"BreadcrumbList\",\"@id\":\"https:\\\/\\\/www.les-photos-de-mon-mariage.fr\\\/blog\\\/mariage-estelle-et-alexandre\\\/#breadcrumb\",\"itemListElement\":[{\"@type\":\"ListItem\",\"position\":1,\"name\":\"Accueil\",\"item\":\"https:\\\/\\\/www.les-photos-de-mon-mariage.fr\\\/blog\\\/\"},{\"@type\":\"ListItem\",\"position\":2,\"name\":\"Mariage d&rsquo;Estelle et Alexandre\"}]},{\"@type\":\"WebSite\",\"@id\":\"https:\\\/\\\/www.les-photos-de-mon-mariage.fr\\\/blog\\\/#website\",\"url\":\"https:\\\/\\\/www.les-photos-de-mon-mariage.fr\\\/blog\\\/\",\"name\":\"Le blog d'un photographe mariage\",\"description\":\"Thomas Lamart | Votre photographe mariage en Seine-et-marne\",\"publisher\":{\"@id\":\"https:\\\/\\\/www.les-photos-de-mon-mariage.fr\\\/blog\\\/#\\\/schema\\\/person\\\/e311f978808719b066047d2ca870eed7\"},\"potentialAction\":[{\"@type\":\"SearchAction\",\"target\":{\"@type\":\"EntryPoint\",\"urlTemplate\":\"https:\\\/\\\/www.les-photos-de-mon-mariage.fr\\\/blog\\\/?s={search_term_string}\"},\"query-input\":{\"@type\":\"PropertyValueSpecification\",\"valueRequired\":true,\"valueName\":\"search_term_string\"}}],\"inLanguage\":\"fr-FR\"},{\"@type\":[\"Person\",\"Organization\"],\"@id\":\"https:\\\/\\\/www.les-photos-de-mon-mariage.fr\\\/blog\\\/#\\\/schema\\\/person\\\/e311f978808719b066047d2ca870eed7\",\"name\":\"Thomas\",\"image\":{\"@type\":\"ImageObject\",\"inLanguage\":\"fr-FR\",\"@id\":\"https:\\\/\\\/www.les-photos-de-mon-mariage.fr\\\/blog\\\/wp-content\\\/uploads\\\/2024\\\/03\\\/accueil.jpg\",\"url\":\"https:\\\/\\\/www.les-photos-de-mon-mariage.fr\\\/blog\\\/wp-content\\\/uploads\\\/2024\\\/03\\\/accueil.jpg\",\"contentUrl\":\"https:\\\/\\\/www.les-photos-de-mon-mariage.fr\\\/blog\\\/wp-content\\\/uploads\\\/2024\\\/03\\\/accueil.jpg\",\"width\":700,\"height\":489,\"caption\":\"Thomas\"},\"logo\":{\"@id\":\"https:\\\/\\\/www.les-photos-de-mon-mariage.fr\\\/blog\\\/wp-content\\\/uploads\\\/2024\\\/03\\\/accueil.jpg\"},\"sameAs\":[\"https:\\\/\\\/www.les-photos-de-mon-mariage.fr\",\"https:\\\/\\\/www.facebook.com\\\/thomas.lamart\\\/\",\"https:\\\/\\\/www.instagram.com\\\/les.photos.de.mon.mariage\\\/\"],\"url\":\"https:\\\/\\\/www.les-photos-de-mon-mariage.fr\\\/blog\\\/author\\\/thomasadmin\\\/\"}]}<\/script>\n<!-- \/ Yoast SEO plugin. -->","yoast_head_json":{"title":"Mariage d'Estelle et Alexandre - Le blog d&#039;un photographe mariage","robots":{"index":"index","follow":"follow","max-snippet":"max-snippet:-1","max-image-preview":"max-image-preview:large","max-video-preview":"max-video-preview:-1"},"canonical":"https:\/\/www.les-photos-de-mon-mariage.fr\/blog\/mariage-estelle-et-alexandre\/","og_locale":"fr_FR","og_type":"article","og_title":"Mariage d'Estelle et Alexandre - Le blog d&#039;un photographe mariage","og_description":"Le photographe mariage est l\u00e0 pour s&rsquo;adapter aux souhaits des mari\u00e9s : Estelle et Alexandre voulaient mettre l&rsquo;accent sur le reportage photographique du vin d&rsquo;honneur&#8230;","og_url":"https:\/\/www.les-photos-de-mon-mariage.fr\/blog\/mariage-estelle-et-alexandre\/","og_site_name":"Le blog d&#039;un photographe mariage","article_publisher":"https:\/\/www.facebook.com\/thomas.lamart\/","article_author":"https:\/\/www.facebook.com\/thomas.lamart\/","article_published_time":"2015-06-19T16:33:49+00:00","article_modified_time":"2015-06-27T08:31:49+00:00","og_image":[{"url":"http:\/\/www.les-photos-de-mon-mariage.fr\/blog\/wp-content\/uploads\/2015\/06\/EstelleAlexandre-blog0-300x200.jpg","type":"","width":"","height":""}],"author":"Thomas","twitter_card":"summary_large_image","twitter_misc":{"\u00c9crit par":"Thomas","Dur\u00e9e de lecture estim\u00e9e":"1 minute"},"schema":{"@context":"https:\/\/schema.org","@graph":[{"@type":"Article","@id":"https:\/\/www.les-photos-de-mon-mariage.fr\/blog\/mariage-estelle-et-alexandre\/#article","isPartOf":{"@id":"https:\/\/www.les-photos-de-mon-mariage.fr\/blog\/mariage-estelle-et-alexandre\/"},"author":{"name":"Thomas","@id":"https:\/\/www.les-photos-de-mon-mariage.fr\/blog\/#\/schema\/person\/e311f978808719b066047d2ca870eed7"},"headline":"Mariage d&rsquo;Estelle et Alexandre","datePublished":"2015-06-19T16:33:49+00:00","dateModified":"2015-06-27T08:31:49+00:00","mainEntityOfPage":{"@id":"https:\/\/www.les-photos-de-mon-mariage.fr\/blog\/mariage-estelle-et-alexandre\/"},"wordCount":145,"commentCount":0,"publisher":{"@id":"https:\/\/www.les-photos-de-mon-mariage.fr\/blog\/#\/schema\/person\/e311f978808719b066047d2ca870eed7"},"image":{"@id":"https:\/\/www.les-photos-de-mon-mariage.fr\/blog\/mariage-estelle-et-alexandre\/#primaryimage"},"thumbnailUrl":"http:\/\/www.les-photos-de-mon-mariage.fr\/blog\/wp-content\/uploads\/2015\/06\/EstelleAlexandre-blog0-300x200.jpg","articleSection":["mariages"],"inLanguage":"fr-FR","potentialAction":[{"@type":"CommentAction","name":"Comment","target":["https:\/\/www.les-photos-de-mon-mariage.fr\/blog\/mariage-estelle-et-alexandre\/#respond"]}]},{"@type":"WebPage","@id":"https:\/\/www.les-photos-de-mon-mariage.fr\/blog\/mariage-estelle-et-alexandre\/","url":"https:\/\/www.les-photos-de-mon-mariage.fr\/blog\/mariage-estelle-et-alexandre\/","name":"Mariage d'Estelle et Alexandre - Le blog d&#039;un photographe mariage","isPartOf":{"@id":"https:\/\/www.les-photos-de-mon-mariage.fr\/blog\/#website"},"primaryImageOfPage":{"@id":"https:\/\/www.les-photos-de-mon-mariage.fr\/blog\/mariage-estelle-et-alexandre\/#primaryimage"},"image":{"@id":"https:\/\/www.les-photos-de-mon-mariage.fr\/blog\/mariage-estelle-et-alexandre\/#primaryimage"},"thumbnailUrl":"http:\/\/www.les-photos-de-mon-mariage.fr\/blog\/wp-content\/uploads\/2015\/06\/EstelleAlexandre-blog0-300x200.jpg","datePublished":"2015-06-19T16:33:49+00:00","dateModified":"2015-06-27T08:31:49+00:00","breadcrumb":{"@id":"https:\/\/www.les-photos-de-mon-mariage.fr\/blog\/mariage-estelle-et-alexandre\/#breadcrumb"},"inLanguage":"fr-FR","potentialAction":[{"@type":"ReadAction","target":["https:\/\/www.les-photos-de-mon-mariage.fr\/blog\/mariage-estelle-et-alexandre\/"]}]},{"@type":"ImageObject","inLanguage":"fr-FR","@id":"https:\/\/www.les-photos-de-mon-mariage.fr\/blog\/mariage-estelle-et-alexandre\/#primaryimage","url":"https:\/\/www.les-photos-de-mon-mariage.fr\/blog\/wp-content\/uploads\/2015\/06\/EstelleAlexandre-blog0.jpg","contentUrl":"https:\/\/www.les-photos-de-mon-mariage.fr\/blog\/wp-content\/uploads\/2015\/06\/EstelleAlexandre-blog0.jpg","width":1200,"height":800},{"@type":"BreadcrumbList","@id":"https:\/\/www.les-photos-de-mon-mariage.fr\/blog\/mariage-estelle-et-alexandre\/#breadcrumb","itemListElement":[{"@type":"ListItem","position":1,"name":"Accueil","item":"https:\/\/www.les-photos-de-mon-mariage.fr\/blog\/"},{"@type":"ListItem","position":2,"name":"Mariage d&rsquo;Estelle et Alexandre"}]},{"@type":"WebSite","@id":"https:\/\/www.les-photos-de-mon-mariage.fr\/blog\/#website","url":"https:\/\/www.les-photos-de-mon-mariage.fr\/blog\/","name":"Le blog d'un photographe mariage","description":"Thomas Lamart | Votre photographe mariage en Seine-et-marne","publisher":{"@id":"https:\/\/www.les-photos-de-mon-mariage.fr\/blog\/#\/schema\/person\/e311f978808719b066047d2ca870eed7"},"potentialAction":[{"@type":"SearchAction","target":{"@type":"EntryPoint","urlTemplate":"https:\/\/www.les-photos-de-mon-mariage.fr\/blog\/?s={search_term_string}"},"query-input":{"@type":"PropertyValueSpecification","valueRequired":true,"valueName":"search_term_string"}}],"inLanguage":"fr-FR"},{"@type":["Person","Organization"],"@id":"https:\/\/www.les-photos-de-mon-mariage.fr\/blog\/#\/schema\/person\/e311f978808719b066047d2ca870eed7","name":"Thomas","image":{"@type":"ImageObject","inLanguage":"fr-FR","@id":"https:\/\/www.les-photos-de-mon-mariage.fr\/blog\/wp-content\/uploads\/2024\/03\/accueil.jpg","url":"https:\/\/www.les-photos-de-mon-mariage.fr\/blog\/wp-content\/uploads\/2024\/03\/accueil.jpg","contentUrl":"https:\/\/www.les-photos-de-mon-mariage.fr\/blog\/wp-content\/uploads\/2024\/03\/accueil.jpg","width":700,"height":489,"caption":"Thomas"},"logo":{"@id":"https:\/\/www.les-photos-de-mon-mariage.fr\/blog\/wp-content\/uploads\/2024\/03\/accueil.jpg"},"sameAs":["https:\/\/www.les-photos-de-mon-mariage.fr","https:\/\/www.facebook.com\/thomas.lamart\/","https:\/\/www.instagram.com\/les.photos.de.mon.mariage\/"],"url":"https:\/\/www.les-photos-de-mon-mariage.fr\/blog\/author\/thomasadmin\/"}]}},"_links":{"self":[{"href":"https:\/\/www.les-photos-de-mon-mariage.fr\/blog\/wp-json\/wp\/v2\/posts\/111","targetHints":{"allow":["GET"]}}],"collection":[{"href":"https:\/\/www.les-photos-de-mon-mariage.fr\/blog\/wp-json\/wp\/v2\/posts"}],"about":[{"href":"https:\/\/www.les-photos-de-mon-mariage.fr\/blog\/wp-json\/wp\/v2\/types\/post"}],"author":[{"embeddable":true,"href":"https:\/\/www.les-photos-de-mon-mariage.fr\/blog\/wp-json\/wp\/v2\/users\/1"}],"replies":[{"embeddable":true,"href":"https:\/\/www.les-photos-de-mon-mariage.fr\/blog\/wp-json\/wp\/v2\/comments?post=111"}],"version-history":[{"count":9,"href":"https:\/\/www.les-photos-de-mon-mariage.fr\/blog\/wp-json\/wp\/v2\/posts\/111\/revisions"}],"predecessor-version":[{"id":140,"href":"https:\/\/www.les-photos-de-mon-mariage.fr\/blog\/wp-json\/wp\/v2\/posts\/111\/revisions\/140"}],"wp:attachment":[{"href":"https:\/\/www.les-photos-de-mon-mariage.fr\/blog\/wp-json\/wp\/v2\/media?parent=111"}],"wp:term":[{"taxonomy":"category","embeddable":true,"href":"https:\/\/www.les-photos-de-mon-mariage.fr\/blog\/wp-json\/wp\/v2\/categories?post=111"},{"taxonomy":"post_tag","embeddable":true,"href":"https:\/\/www.les-photos-de-mon-mariage.fr\/blog\/wp-json\/wp\/v2\/tags?post=111"}],"curies":[{"name":"wp","href":"https:\/\/api.w.org\/{rel}","templated":true}]}}