{"id":1136,"date":"2023-07-29T15:43:00","date_gmt":"2023-07-29T13:43:00","guid":{"rendered":"https:\/\/www.les-photos-de-mon-mariage.fr\/blog\/?p=1136"},"modified":"2024-03-16T15:58:47","modified_gmt":"2024-03-16T13:58:47","slug":"lintelligence-artificielle-dans-la-retouche-photo","status":"publish","type":"post","link":"https:\/\/www.les-photos-de-mon-mariage.fr\/blog\/lintelligence-artificielle-dans-la-retouche-photo\/","title":{"rendered":"L&rsquo;intelligence artificielle dans la retouche photo ?"},"content":{"rendered":"\n<p>Bonjour \u00e0 tous,<\/p>\n\n\n\n<p>Je souhaite aborder aujourd&rsquo;hui le sujet du post-traitement en revenant sur quelques exemples tir\u00e9s de mes r\u00e9cents mariages !<\/p>\n\n\n\n<p>Les outils \u00e0 disposition des photographes \u00e9voluent, et l&rsquo;intelligence artificielle devient de plus en plus pr\u00e9sente&#8230; On voit m\u00eame fleurir sur les r\u00e9seaux sociaux des vid\u00e9os montrant des r\u00e9sultats impressionnants d&rsquo;effacement ou de remplacement d&rsquo;objets&#8230; (Bien s\u00fbr, elles oublient souvent de nous montrer les r\u00e9sultats moyens, voire totalement rat\u00e9s ! ^^)<\/p>\n\n\n\n<p>En tant que photographe de reportage, ma philosophie en mati\u00e8re de post-traitement est de rester fid\u00e8le \u00e0 la r\u00e9alit\u00e9&#8230; Cela ne signifie pas pour autant que je m&rsquo;interdis toute retouche ! <\/p>\n\n\n\n<p>Je vous propose ici quelques exemples de photos l\u00e9g\u00e8rement retravaill\u00e9es par rapport \u00e0 la norme&#8230; sans que cela ne soit perceptible, tel est l&rsquo;objectif !<\/p>\n\n\n\n<p>N&rsquo;h\u00e9sitez pas \u00e9galement \u00e0 consulter cet (ancien) article que j&rsquo;avais r\u00e9dig\u00e9 sur mon site :<br><a href=\"https:\/\/www.les-photos-de-mon-mariage.fr\/blog\/le-post-traitement\/\">https:\/\/www.les-photos-de-mon-mariage.fr\/blog\/le-post-traitement\/<\/a><\/p>\n\n\n\n<p>Je vous souhaite un excellent week-end et \u00e0 bient\u00f4t !<\/p>\n\n\n\n<figure class=\"wp-block-image size-large\"><img loading=\"lazy\" decoding=\"async\" width=\"1024\" height=\"763\" src=\"https:\/\/www.les-photos-de-mon-mariage.fr\/blog\/wp-content\/uploads\/2024\/03\/363990635_819657539889989_7389174660865458346_n-1024x763.jpg\" alt=\"Traitement photo avant\/apr\u00e8s\" class=\"wp-image-1137\" srcset=\"https:\/\/www.les-photos-de-mon-mariage.fr\/blog\/wp-content\/uploads\/2024\/03\/363990635_819657539889989_7389174660865458346_n-1024x763.jpg 1024w, https:\/\/www.les-photos-de-mon-mariage.fr\/blog\/wp-content\/uploads\/2024\/03\/363990635_819657539889989_7389174660865458346_n-300x223.jpg 300w, https:\/\/www.les-photos-de-mon-mariage.fr\/blog\/wp-content\/uploads\/2024\/03\/363990635_819657539889989_7389174660865458346_n-768x572.jpg 768w, https:\/\/www.les-photos-de-mon-mariage.fr\/blog\/wp-content\/uploads\/2024\/03\/363990635_819657539889989_7389174660865458346_n-1536x1144.jpg 1536w, https:\/\/www.les-photos-de-mon-mariage.fr\/blog\/wp-content\/uploads\/2024\/03\/363990635_819657539889989_7389174660865458346_n-800x596.jpg 800w, https:\/\/www.les-photos-de-mon-mariage.fr\/blog\/wp-content\/uploads\/2024\/03\/363990635_819657539889989_7389174660865458346_n-1200x894.jpg 1200w, https:\/\/www.les-photos-de-mon-mariage.fr\/blog\/wp-content\/uploads\/2024\/03\/363990635_819657539889989_7389174660865458346_n.jpg 2048w\" sizes=\"auto, (max-width: 1024px) 100vw, 1024px\" \/><\/figure>\n\n\n\n<p>Voici un exemple pris lors du mariage d&rsquo;Emily et de David&#8230; \u00c9videmment, la pancarte \u00ab\u00a0propri\u00e9t\u00e9 priv\u00e9e\u00a0\u00bb g\u00e2chait une belle photo, donc pas de doute : je l&rsquo;ai enlev\u00e9e ! (Surtout que dans ce cas, c&rsquo;est assez simple, les outils disponibles le font tr\u00e8s bien !). La premi\u00e8re photo est brute, tandis que la seconde est enti\u00e8rement retouch\u00e9e, avec modification de la luminosit\u00e9, des contrastes, de la saturation, leger recadrage&#8230; etc&#8230;<\/p>\n\n\n\n<p>_______________________________________________________<\/p>\n\n\n\n<p><\/p>\n\n\n\n<figure class=\"wp-block-image size-large\"><img loading=\"lazy\" decoding=\"async\" width=\"1017\" height=\"1024\" src=\"https:\/\/www.les-photos-de-mon-mariage.fr\/blog\/wp-content\/uploads\/2024\/03\/364000721_819657656556644_4073540906724900842_n-1017x1024.jpg\" alt=\"Photo de groupe composite\" class=\"wp-image-1138\" srcset=\"https:\/\/www.les-photos-de-mon-mariage.fr\/blog\/wp-content\/uploads\/2024\/03\/364000721_819657656556644_4073540906724900842_n-1017x1024.jpg 1017w, https:\/\/www.les-photos-de-mon-mariage.fr\/blog\/wp-content\/uploads\/2024\/03\/364000721_819657656556644_4073540906724900842_n-298x300.jpg 298w, https:\/\/www.les-photos-de-mon-mariage.fr\/blog\/wp-content\/uploads\/2024\/03\/364000721_819657656556644_4073540906724900842_n-768x773.jpg 768w, https:\/\/www.les-photos-de-mon-mariage.fr\/blog\/wp-content\/uploads\/2024\/03\/364000721_819657656556644_4073540906724900842_n-1526x1536.jpg 1526w, https:\/\/www.les-photos-de-mon-mariage.fr\/blog\/wp-content\/uploads\/2024\/03\/364000721_819657656556644_4073540906724900842_n-800x805.jpg 800w, https:\/\/www.les-photos-de-mon-mariage.fr\/blog\/wp-content\/uploads\/2024\/03\/364000721_819657656556644_4073540906724900842_n-1200x1208.jpg 1200w, https:\/\/www.les-photos-de-mon-mariage.fr\/blog\/wp-content\/uploads\/2024\/03\/364000721_819657656556644_4073540906724900842_n.jpg 2000w\" sizes=\"auto, (max-width: 1017px) 100vw, 1017px\" \/><\/figure>\n\n\n\n<p>Lors des s\u00e9ances de photos de groupe, je n&rsquo;h\u00e9site pas \u00e0 capturer 2, 3 voire 4 prises de la m\u00eame composition pour choisir celle mettant en valeur les visages les plus souriants ! Malgr\u00e9 cela, il peut arriver qu&rsquo;aucune photo ne soit parfaite\u2026 Une personne peut fermer les yeux sur une prise, tandis qu&rsquo;une autre peut ouvrir la bouche sur une autre, etc. C&rsquo;est ainsi que je peux parfois cr\u00e9er des photos \u00ab\u00a0composites\u00a0\u00bb en combinant la t\u00eate de la photo X avec le corps de la photo Y !<\/p>\n\n\n\n<p>Et m\u00eame dans ces cas-l\u00e0, si c&rsquo;est bien fait, seul moi le saura !<\/p>\n\n\n\n<p>En haut, vous pouvez voir les deux photos brutes utilis\u00e9es pour cr\u00e9er la photo composite, ainsi que le r\u00e9sultat final en bas.<\/p>\n\n\n\n<p>PS : Vous ne le remarquerez peut-\u00eatre pas, mais sur cette photo, j&rsquo;ai \u00e9galement effac\u00e9 un nuage de moucherons qui volait au-dessus de ces convives !<\/p>\n","protected":false},"excerpt":{"rendered":"<p>Bonjour \u00e0 tous, Je souhaite aborder aujourd&rsquo;hui le sujet du post-traitement en revenant sur quelques exemples tir\u00e9s de mes r\u00e9cents mariages ! Les outils \u00e0 disposition des photographes \u00e9voluent, et l&rsquo;intelligence artificielle devient de plus en plus pr\u00e9sente&#8230; On voit m\u00eame fleurir sur les r\u00e9seaux sociaux des vid\u00e9os montrant des r\u00e9sultats impressionnants d&rsquo;effacement ou de remplacement d&rsquo;objets&#8230; (Bien s\u00fbr, elles oublient souvent de nous montrer &hellip; <a href=\"https:\/\/www.les-photos-de-mon-mariage.fr\/blog\/lintelligence-artificielle-dans-la-retouche-photo\/\" class=\"more-link\">Continue reading <span class=\"screen-reader-text\">L&rsquo;intelligence artificielle dans la retouche photo ?<\/span> <span class=\"meta-nav\">&raquo;<\/span><\/a><\/p>\n","protected":false},"author":1,"featured_media":0,"comment_status":"open","ping_status":"open","sticky":false,"template":"","format":"standard","meta":{"footnotes":""},"categories":[8],"tags":[],"class_list":["post-1136","post","type-post","status-publish","format-standard","hentry","category-technique-photo"],"yoast_head":"<!-- This site is optimized with the Yoast SEO plugin v27.5 - https:\/\/yoast.com\/product\/yoast-seo-wordpress\/ -->\n<title>L&#039;intelligence artificielle dans la retouche photo ? - Le blog d&#039;un photographe mariage<\/title>\n<meta name=\"robots\" content=\"index, follow, max-snippet:-1, max-image-preview:large, max-video-preview:-1\" \/>\n<link rel=\"canonical\" href=\"https:\/\/www.les-photos-de-mon-mariage.fr\/blog\/lintelligence-artificielle-dans-la-retouche-photo\/\" \/>\n<meta property=\"og:locale\" content=\"fr_FR\" \/>\n<meta property=\"og:type\" content=\"article\" \/>\n<meta property=\"og:title\" content=\"L&#039;intelligence artificielle dans la retouche photo ? - Le blog d&#039;un photographe mariage\" \/>\n<meta property=\"og:description\" content=\"Bonjour \u00e0 tous, Je souhaite aborder aujourd&rsquo;hui le sujet du post-traitement en revenant sur quelques exemples tir\u00e9s de mes r\u00e9cents mariages ! Les outils \u00e0 disposition des photographes \u00e9voluent, et l&rsquo;intelligence artificielle devient de plus en plus pr\u00e9sente&#8230; On voit m\u00eame fleurir sur les r\u00e9seaux sociaux des vid\u00e9os montrant des r\u00e9sultats impressionnants d&rsquo;effacement ou de remplacement d&rsquo;objets&#8230; (Bien s\u00fbr, elles oublient souvent de nous montrer &hellip; Continue reading L&rsquo;intelligence artificielle dans la retouche photo ? &raquo;\" \/>\n<meta property=\"og:url\" content=\"https:\/\/www.les-photos-de-mon-mariage.fr\/blog\/lintelligence-artificielle-dans-la-retouche-photo\/\" \/>\n<meta property=\"og:site_name\" content=\"Le blog d&#039;un photographe mariage\" \/>\n<meta property=\"article:publisher\" content=\"https:\/\/www.facebook.com\/thomas.lamart\/\" \/>\n<meta property=\"article:author\" content=\"https:\/\/www.facebook.com\/thomas.lamart\/\" \/>\n<meta property=\"article:published_time\" content=\"2023-07-29T13:43:00+00:00\" \/>\n<meta property=\"article:modified_time\" content=\"2024-03-16T13:58:47+00:00\" \/>\n<meta property=\"og:image\" content=\"https:\/\/www.les-photos-de-mon-mariage.fr\/blog\/wp-content\/uploads\/2024\/03\/363990635_819657539889989_7389174660865458346_n-1024x763.jpg\" \/>\n<meta name=\"author\" content=\"Thomas\" \/>\n<meta name=\"twitter:card\" content=\"summary_large_image\" \/>\n<meta name=\"twitter:label1\" content=\"\u00c9crit par\" \/>\n\t<meta name=\"twitter:data1\" content=\"Thomas\" \/>\n\t<meta name=\"twitter:label2\" content=\"Dur\u00e9e de lecture estim\u00e9e\" \/>\n\t<meta name=\"twitter:data2\" content=\"2 minutes\" \/>\n<script type=\"application\/ld+json\" class=\"yoast-schema-graph\">{\"@context\":\"https:\\\/\\\/schema.org\",\"@graph\":[{\"@type\":\"Article\",\"@id\":\"https:\\\/\\\/www.les-photos-de-mon-mariage.fr\\\/blog\\\/lintelligence-artificielle-dans-la-retouche-photo\\\/#article\",\"isPartOf\":{\"@id\":\"https:\\\/\\\/www.les-photos-de-mon-mariage.fr\\\/blog\\\/lintelligence-artificielle-dans-la-retouche-photo\\\/\"},\"author\":{\"name\":\"Thomas\",\"@id\":\"https:\\\/\\\/www.les-photos-de-mon-mariage.fr\\\/blog\\\/#\\\/schema\\\/person\\\/e311f978808719b066047d2ca870eed7\"},\"headline\":\"L&rsquo;intelligence artificielle dans la retouche photo ?\",\"datePublished\":\"2023-07-29T13:43:00+00:00\",\"dateModified\":\"2024-03-16T13:58:47+00:00\",\"mainEntityOfPage\":{\"@id\":\"https:\\\/\\\/www.les-photos-de-mon-mariage.fr\\\/blog\\\/lintelligence-artificielle-dans-la-retouche-photo\\\/\"},\"wordCount\":417,\"commentCount\":0,\"publisher\":{\"@id\":\"https:\\\/\\\/www.les-photos-de-mon-mariage.fr\\\/blog\\\/#\\\/schema\\\/person\\\/e311f978808719b066047d2ca870eed7\"},\"image\":{\"@id\":\"https:\\\/\\\/www.les-photos-de-mon-mariage.fr\\\/blog\\\/lintelligence-artificielle-dans-la-retouche-photo\\\/#primaryimage\"},\"thumbnailUrl\":\"https:\\\/\\\/www.les-photos-de-mon-mariage.fr\\\/blog\\\/wp-content\\\/uploads\\\/2024\\\/03\\\/363990635_819657539889989_7389174660865458346_n-1024x763.jpg\",\"articleSection\":[\"technique photo\"],\"inLanguage\":\"fr-FR\",\"potentialAction\":[{\"@type\":\"CommentAction\",\"name\":\"Comment\",\"target\":[\"https:\\\/\\\/www.les-photos-de-mon-mariage.fr\\\/blog\\\/lintelligence-artificielle-dans-la-retouche-photo\\\/#respond\"]}]},{\"@type\":\"WebPage\",\"@id\":\"https:\\\/\\\/www.les-photos-de-mon-mariage.fr\\\/blog\\\/lintelligence-artificielle-dans-la-retouche-photo\\\/\",\"url\":\"https:\\\/\\\/www.les-photos-de-mon-mariage.fr\\\/blog\\\/lintelligence-artificielle-dans-la-retouche-photo\\\/\",\"name\":\"L'intelligence artificielle dans la retouche photo ? - Le blog d&#039;un photographe mariage\",\"isPartOf\":{\"@id\":\"https:\\\/\\\/www.les-photos-de-mon-mariage.fr\\\/blog\\\/#website\"},\"primaryImageOfPage\":{\"@id\":\"https:\\\/\\\/www.les-photos-de-mon-mariage.fr\\\/blog\\\/lintelligence-artificielle-dans-la-retouche-photo\\\/#primaryimage\"},\"image\":{\"@id\":\"https:\\\/\\\/www.les-photos-de-mon-mariage.fr\\\/blog\\\/lintelligence-artificielle-dans-la-retouche-photo\\\/#primaryimage\"},\"thumbnailUrl\":\"https:\\\/\\\/www.les-photos-de-mon-mariage.fr\\\/blog\\\/wp-content\\\/uploads\\\/2024\\\/03\\\/363990635_819657539889989_7389174660865458346_n-1024x763.jpg\",\"datePublished\":\"2023-07-29T13:43:00+00:00\",\"dateModified\":\"2024-03-16T13:58:47+00:00\",\"breadcrumb\":{\"@id\":\"https:\\\/\\\/www.les-photos-de-mon-mariage.fr\\\/blog\\\/lintelligence-artificielle-dans-la-retouche-photo\\\/#breadcrumb\"},\"inLanguage\":\"fr-FR\",\"potentialAction\":[{\"@type\":\"ReadAction\",\"target\":[\"https:\\\/\\\/www.les-photos-de-mon-mariage.fr\\\/blog\\\/lintelligence-artificielle-dans-la-retouche-photo\\\/\"]}]},{\"@type\":\"ImageObject\",\"inLanguage\":\"fr-FR\",\"@id\":\"https:\\\/\\\/www.les-photos-de-mon-mariage.fr\\\/blog\\\/lintelligence-artificielle-dans-la-retouche-photo\\\/#primaryimage\",\"url\":\"https:\\\/\\\/www.les-photos-de-mon-mariage.fr\\\/blog\\\/wp-content\\\/uploads\\\/2024\\\/03\\\/363990635_819657539889989_7389174660865458346_n.jpg\",\"contentUrl\":\"https:\\\/\\\/www.les-photos-de-mon-mariage.fr\\\/blog\\\/wp-content\\\/uploads\\\/2024\\\/03\\\/363990635_819657539889989_7389174660865458346_n.jpg\",\"width\":2048,\"height\":1525,\"caption\":\"Traitement photo avant\\\/apr\u00e8s\"},{\"@type\":\"BreadcrumbList\",\"@id\":\"https:\\\/\\\/www.les-photos-de-mon-mariage.fr\\\/blog\\\/lintelligence-artificielle-dans-la-retouche-photo\\\/#breadcrumb\",\"itemListElement\":[{\"@type\":\"ListItem\",\"position\":1,\"name\":\"Accueil\",\"item\":\"https:\\\/\\\/www.les-photos-de-mon-mariage.fr\\\/blog\\\/\"},{\"@type\":\"ListItem\",\"position\":2,\"name\":\"L&rsquo;intelligence artificielle dans la retouche photo ?\"}]},{\"@type\":\"WebSite\",\"@id\":\"https:\\\/\\\/www.les-photos-de-mon-mariage.fr\\\/blog\\\/#website\",\"url\":\"https:\\\/\\\/www.les-photos-de-mon-mariage.fr\\\/blog\\\/\",\"name\":\"Le blog d'un photographe mariage\",\"description\":\"Thomas Lamart | Votre photographe mariage en Seine-et-marne\",\"publisher\":{\"@id\":\"https:\\\/\\\/www.les-photos-de-mon-mariage.fr\\\/blog\\\/#\\\/schema\\\/person\\\/e311f978808719b066047d2ca870eed7\"},\"potentialAction\":[{\"@type\":\"SearchAction\",\"target\":{\"@type\":\"EntryPoint\",\"urlTemplate\":\"https:\\\/\\\/www.les-photos-de-mon-mariage.fr\\\/blog\\\/?s={search_term_string}\"},\"query-input\":{\"@type\":\"PropertyValueSpecification\",\"valueRequired\":true,\"valueName\":\"search_term_string\"}}],\"inLanguage\":\"fr-FR\"},{\"@type\":[\"Person\",\"Organization\"],\"@id\":\"https:\\\/\\\/www.les-photos-de-mon-mariage.fr\\\/blog\\\/#\\\/schema\\\/person\\\/e311f978808719b066047d2ca870eed7\",\"name\":\"Thomas\",\"image\":{\"@type\":\"ImageObject\",\"inLanguage\":\"fr-FR\",\"@id\":\"https:\\\/\\\/www.les-photos-de-mon-mariage.fr\\\/blog\\\/wp-content\\\/uploads\\\/2024\\\/03\\\/accueil.jpg\",\"url\":\"https:\\\/\\\/www.les-photos-de-mon-mariage.fr\\\/blog\\\/wp-content\\\/uploads\\\/2024\\\/03\\\/accueil.jpg\",\"contentUrl\":\"https:\\\/\\\/www.les-photos-de-mon-mariage.fr\\\/blog\\\/wp-content\\\/uploads\\\/2024\\\/03\\\/accueil.jpg\",\"width\":700,\"height\":489,\"caption\":\"Thomas\"},\"logo\":{\"@id\":\"https:\\\/\\\/www.les-photos-de-mon-mariage.fr\\\/blog\\\/wp-content\\\/uploads\\\/2024\\\/03\\\/accueil.jpg\"},\"sameAs\":[\"https:\\\/\\\/www.les-photos-de-mon-mariage.fr\",\"https:\\\/\\\/www.facebook.com\\\/thomas.lamart\\\/\",\"https:\\\/\\\/www.instagram.com\\\/les.photos.de.mon.mariage\\\/\"],\"url\":\"https:\\\/\\\/www.les-photos-de-mon-mariage.fr\\\/blog\\\/author\\\/thomasadmin\\\/\"}]}<\/script>\n<!-- \/ Yoast SEO plugin. -->","yoast_head_json":{"title":"L'intelligence artificielle dans la retouche photo ? - Le blog d&#039;un photographe mariage","robots":{"index":"index","follow":"follow","max-snippet":"max-snippet:-1","max-image-preview":"max-image-preview:large","max-video-preview":"max-video-preview:-1"},"canonical":"https:\/\/www.les-photos-de-mon-mariage.fr\/blog\/lintelligence-artificielle-dans-la-retouche-photo\/","og_locale":"fr_FR","og_type":"article","og_title":"L'intelligence artificielle dans la retouche photo ? - Le blog d&#039;un photographe mariage","og_description":"Bonjour \u00e0 tous, Je souhaite aborder aujourd&rsquo;hui le sujet du post-traitement en revenant sur quelques exemples tir\u00e9s de mes r\u00e9cents mariages ! Les outils \u00e0 disposition des photographes \u00e9voluent, et l&rsquo;intelligence artificielle devient de plus en plus pr\u00e9sente&#8230; On voit m\u00eame fleurir sur les r\u00e9seaux sociaux des vid\u00e9os montrant des r\u00e9sultats impressionnants d&rsquo;effacement ou de remplacement d&rsquo;objets&#8230; (Bien s\u00fbr, elles oublient souvent de nous montrer &hellip; Continue reading L&rsquo;intelligence artificielle dans la retouche photo ? &raquo;","og_url":"https:\/\/www.les-photos-de-mon-mariage.fr\/blog\/lintelligence-artificielle-dans-la-retouche-photo\/","og_site_name":"Le blog d&#039;un photographe mariage","article_publisher":"https:\/\/www.facebook.com\/thomas.lamart\/","article_author":"https:\/\/www.facebook.com\/thomas.lamart\/","article_published_time":"2023-07-29T13:43:00+00:00","article_modified_time":"2024-03-16T13:58:47+00:00","og_image":[{"url":"https:\/\/www.les-photos-de-mon-mariage.fr\/blog\/wp-content\/uploads\/2024\/03\/363990635_819657539889989_7389174660865458346_n-1024x763.jpg","type":"","width":"","height":""}],"author":"Thomas","twitter_card":"summary_large_image","twitter_misc":{"\u00c9crit par":"Thomas","Dur\u00e9e de lecture estim\u00e9e":"2 minutes"},"schema":{"@context":"https:\/\/schema.org","@graph":[{"@type":"Article","@id":"https:\/\/www.les-photos-de-mon-mariage.fr\/blog\/lintelligence-artificielle-dans-la-retouche-photo\/#article","isPartOf":{"@id":"https:\/\/www.les-photos-de-mon-mariage.fr\/blog\/lintelligence-artificielle-dans-la-retouche-photo\/"},"author":{"name":"Thomas","@id":"https:\/\/www.les-photos-de-mon-mariage.fr\/blog\/#\/schema\/person\/e311f978808719b066047d2ca870eed7"},"headline":"L&rsquo;intelligence artificielle dans la retouche photo ?","datePublished":"2023-07-29T13:43:00+00:00","dateModified":"2024-03-16T13:58:47+00:00","mainEntityOfPage":{"@id":"https:\/\/www.les-photos-de-mon-mariage.fr\/blog\/lintelligence-artificielle-dans-la-retouche-photo\/"},"wordCount":417,"commentCount":0,"publisher":{"@id":"https:\/\/www.les-photos-de-mon-mariage.fr\/blog\/#\/schema\/person\/e311f978808719b066047d2ca870eed7"},"image":{"@id":"https:\/\/www.les-photos-de-mon-mariage.fr\/blog\/lintelligence-artificielle-dans-la-retouche-photo\/#primaryimage"},"thumbnailUrl":"https:\/\/www.les-photos-de-mon-mariage.fr\/blog\/wp-content\/uploads\/2024\/03\/363990635_819657539889989_7389174660865458346_n-1024x763.jpg","articleSection":["technique photo"],"inLanguage":"fr-FR","potentialAction":[{"@type":"CommentAction","name":"Comment","target":["https:\/\/www.les-photos-de-mon-mariage.fr\/blog\/lintelligence-artificielle-dans-la-retouche-photo\/#respond"]}]},{"@type":"WebPage","@id":"https:\/\/www.les-photos-de-mon-mariage.fr\/blog\/lintelligence-artificielle-dans-la-retouche-photo\/","url":"https:\/\/www.les-photos-de-mon-mariage.fr\/blog\/lintelligence-artificielle-dans-la-retouche-photo\/","name":"L'intelligence artificielle dans la retouche photo ? - Le blog d&#039;un photographe mariage","isPartOf":{"@id":"https:\/\/www.les-photos-de-mon-mariage.fr\/blog\/#website"},"primaryImageOfPage":{"@id":"https:\/\/www.les-photos-de-mon-mariage.fr\/blog\/lintelligence-artificielle-dans-la-retouche-photo\/#primaryimage"},"image":{"@id":"https:\/\/www.les-photos-de-mon-mariage.fr\/blog\/lintelligence-artificielle-dans-la-retouche-photo\/#primaryimage"},"thumbnailUrl":"https:\/\/www.les-photos-de-mon-mariage.fr\/blog\/wp-content\/uploads\/2024\/03\/363990635_819657539889989_7389174660865458346_n-1024x763.jpg","datePublished":"2023-07-29T13:43:00+00:00","dateModified":"2024-03-16T13:58:47+00:00","breadcrumb":{"@id":"https:\/\/www.les-photos-de-mon-mariage.fr\/blog\/lintelligence-artificielle-dans-la-retouche-photo\/#breadcrumb"},"inLanguage":"fr-FR","potentialAction":[{"@type":"ReadAction","target":["https:\/\/www.les-photos-de-mon-mariage.fr\/blog\/lintelligence-artificielle-dans-la-retouche-photo\/"]}]},{"@type":"ImageObject","inLanguage":"fr-FR","@id":"https:\/\/www.les-photos-de-mon-mariage.fr\/blog\/lintelligence-artificielle-dans-la-retouche-photo\/#primaryimage","url":"https:\/\/www.les-photos-de-mon-mariage.fr\/blog\/wp-content\/uploads\/2024\/03\/363990635_819657539889989_7389174660865458346_n.jpg","contentUrl":"https:\/\/www.les-photos-de-mon-mariage.fr\/blog\/wp-content\/uploads\/2024\/03\/363990635_819657539889989_7389174660865458346_n.jpg","width":2048,"height":1525,"caption":"Traitement photo avant\/apr\u00e8s"},{"@type":"BreadcrumbList","@id":"https:\/\/www.les-photos-de-mon-mariage.fr\/blog\/lintelligence-artificielle-dans-la-retouche-photo\/#breadcrumb","itemListElement":[{"@type":"ListItem","position":1,"name":"Accueil","item":"https:\/\/www.les-photos-de-mon-mariage.fr\/blog\/"},{"@type":"ListItem","position":2,"name":"L&rsquo;intelligence artificielle dans la retouche photo ?"}]},{"@type":"WebSite","@id":"https:\/\/www.les-photos-de-mon-mariage.fr\/blog\/#website","url":"https:\/\/www.les-photos-de-mon-mariage.fr\/blog\/","name":"Le blog d'un photographe mariage","description":"Thomas Lamart | Votre photographe mariage en Seine-et-marne","publisher":{"@id":"https:\/\/www.les-photos-de-mon-mariage.fr\/blog\/#\/schema\/person\/e311f978808719b066047d2ca870eed7"},"potentialAction":[{"@type":"SearchAction","target":{"@type":"EntryPoint","urlTemplate":"https:\/\/www.les-photos-de-mon-mariage.fr\/blog\/?s={search_term_string}"},"query-input":{"@type":"PropertyValueSpecification","valueRequired":true,"valueName":"search_term_string"}}],"inLanguage":"fr-FR"},{"@type":["Person","Organization"],"@id":"https:\/\/www.les-photos-de-mon-mariage.fr\/blog\/#\/schema\/person\/e311f978808719b066047d2ca870eed7","name":"Thomas","image":{"@type":"ImageObject","inLanguage":"fr-FR","@id":"https:\/\/www.les-photos-de-mon-mariage.fr\/blog\/wp-content\/uploads\/2024\/03\/accueil.jpg","url":"https:\/\/www.les-photos-de-mon-mariage.fr\/blog\/wp-content\/uploads\/2024\/03\/accueil.jpg","contentUrl":"https:\/\/www.les-photos-de-mon-mariage.fr\/blog\/wp-content\/uploads\/2024\/03\/accueil.jpg","width":700,"height":489,"caption":"Thomas"},"logo":{"@id":"https:\/\/www.les-photos-de-mon-mariage.fr\/blog\/wp-content\/uploads\/2024\/03\/accueil.jpg"},"sameAs":["https:\/\/www.les-photos-de-mon-mariage.fr","https:\/\/www.facebook.com\/thomas.lamart\/","https:\/\/www.instagram.com\/les.photos.de.mon.mariage\/"],"url":"https:\/\/www.les-photos-de-mon-mariage.fr\/blog\/author\/thomasadmin\/"}]}},"_links":{"self":[{"href":"https:\/\/www.les-photos-de-mon-mariage.fr\/blog\/wp-json\/wp\/v2\/posts\/1136","targetHints":{"allow":["GET"]}}],"collection":[{"href":"https:\/\/www.les-photos-de-mon-mariage.fr\/blog\/wp-json\/wp\/v2\/posts"}],"about":[{"href":"https:\/\/www.les-photos-de-mon-mariage.fr\/blog\/wp-json\/wp\/v2\/types\/post"}],"author":[{"embeddable":true,"href":"https:\/\/www.les-photos-de-mon-mariage.fr\/blog\/wp-json\/wp\/v2\/users\/1"}],"replies":[{"embeddable":true,"href":"https:\/\/www.les-photos-de-mon-mariage.fr\/blog\/wp-json\/wp\/v2\/comments?post=1136"}],"version-history":[{"count":3,"href":"https:\/\/www.les-photos-de-mon-mariage.fr\/blog\/wp-json\/wp\/v2\/posts\/1136\/revisions"}],"predecessor-version":[{"id":1142,"href":"https:\/\/www.les-photos-de-mon-mariage.fr\/blog\/wp-json\/wp\/v2\/posts\/1136\/revisions\/1142"}],"wp:attachment":[{"href":"https:\/\/www.les-photos-de-mon-mariage.fr\/blog\/wp-json\/wp\/v2\/media?parent=1136"}],"wp:term":[{"taxonomy":"category","embeddable":true,"href":"https:\/\/www.les-photos-de-mon-mariage.fr\/blog\/wp-json\/wp\/v2\/categories?post=1136"},{"taxonomy":"post_tag","embeddable":true,"href":"https:\/\/www.les-photos-de-mon-mariage.fr\/blog\/wp-json\/wp\/v2\/tags?post=1136"}],"curies":[{"name":"wp","href":"https:\/\/api.w.org\/{rel}","templated":true}]}}