{"id":1171,"date":"2024-02-25T16:25:00","date_gmt":"2024-02-25T14:25:00","guid":{"rendered":"https:\/\/www.les-photos-de-mon-mariage.fr\/blog\/?p=1171"},"modified":"2024-03-16T16:28:48","modified_gmt":"2024-03-16T14:28:48","slug":"menage-de-printemps-ou-presque","status":"publish","type":"post","link":"https:\/\/www.les-photos-de-mon-mariage.fr\/blog\/menage-de-printemps-ou-presque\/","title":{"rendered":"M\u00e9nage de printemps (ou presque)"},"content":{"rendered":"\n<p>Bonsoir \u00e0 tous !<\/p>\n\n\n\n<p>Alors que la saison 2024 se profile \u00e0 l&rsquo;horizon, je viens tout juste de consacrer quelques (dizaines d&rsquo;) heures \u00e0 donner un coup de frais \u00e0 mon site internet ! &#x1f60a;<\/p>\n\n\n\n<p><a href=\"http:\/\/www.les-photos-de-mon-mariage.fr\">www.les-photos-de-mon-mariage.fr<\/a><\/p>\n\n\n\n<p>Il \u00e9tait grand temps de s&rsquo;y mettre ! Bien que cela ne soit peut-\u00eatre pas imm\u00e9diatement perceptible pour tout le monde, du travail a \u00e9t\u00e9 abattu ! Oh oui !!! &#x1f605;<\/p>\n\n\n\n<p>Jusqu&rsquo;\u00e0 pr\u00e9sent, mon site (que j&rsquo;ai cod\u00e9 moi-m\u00eame, de mes petites mains) n&rsquo;\u00e9tait pas vraiment \u00ab\u00a0responsive\u00a0\u00bb&#8230; Mais maintenant, c&rsquo;est chose faite ! Cela signifie que son design s&rsquo;ajuste automatiquement, que vous le parcouriez depuis votre ordinateur de bureau ou votre smartphone !<\/p>\n\n\n\n<p>Et oui, en 2024, il \u00e9tait grand temps !!! (95 % de mes visiteurs utilisent leur t\u00e9l\u00e9phone pour consulter mon site internet !)<\/p>\n\n\n\n<p>C&rsquo;\u00e9tait \u00e9galement l&rsquo;occasion de proc\u00e9der \u00e0 une mise \u00e0 jour g\u00e9n\u00e9rale&#8230; de la page d&rsquo;accueil aux galeries photos, et bien plus encore&#8230;<\/p>\n\n\n\n<p>Je vous souhaite une agr\u00e9able visite sur mon tout nouveau site et n&rsquo;h\u00e9sitez surtout pas \u00e0 me contacter pour tous vos projets photos !!<\/p>\n\n\n\n<figure class=\"wp-block-image size-full\"><img loading=\"lazy\" decoding=\"async\" width=\"700\" height=\"489\" src=\"https:\/\/www.les-photos-de-mon-mariage.fr\/blog\/wp-content\/uploads\/2024\/03\/accueil.jpg\" alt=\"Image d'accueil de mon site de photographe mariage\" class=\"wp-image-1172\" srcset=\"https:\/\/www.les-photos-de-mon-mariage.fr\/blog\/wp-content\/uploads\/2024\/03\/accueil.jpg 700w, https:\/\/www.les-photos-de-mon-mariage.fr\/blog\/wp-content\/uploads\/2024\/03\/accueil-300x210.jpg 300w\" sizes=\"auto, (max-width: 700px) 100vw, 700px\" \/><\/figure>\n","protected":false},"excerpt":{"rendered":"<p>Bonsoir \u00e0 tous ! Alors que la saison 2024 se profile \u00e0 l&rsquo;horizon, je viens tout juste de consacrer quelques (dizaines d&rsquo;) heures \u00e0 donner un coup de frais \u00e0 mon site internet ! &#x1f60a; www.les-photos-de-mon-mariage.fr Il \u00e9tait grand temps de s&rsquo;y mettre ! Bien que cela ne soit peut-\u00eatre pas imm\u00e9diatement perceptible pour tout le monde, du travail a \u00e9t\u00e9 abattu ! Oh oui &hellip; <a href=\"https:\/\/www.les-photos-de-mon-mariage.fr\/blog\/menage-de-printemps-ou-presque\/\" class=\"more-link\">Continue reading <span class=\"screen-reader-text\">M\u00e9nage de printemps (ou presque)<\/span> <span class=\"meta-nav\">&raquo;<\/span><\/a><\/p>\n","protected":false},"author":1,"featured_media":0,"comment_status":"open","ping_status":"open","sticky":false,"template":"","format":"standard","meta":{"footnotes":""},"categories":[2],"tags":[],"class_list":["post-1171","post","type-post","status-publish","format-standard","hentry","category-site"],"yoast_head":"<!-- This site is optimized with the Yoast SEO plugin v27.5 - https:\/\/yoast.com\/product\/yoast-seo-wordpress\/ -->\n<title>M\u00e9nage de printemps (ou presque) - Le blog d&#039;un photographe mariage<\/title>\n<meta name=\"robots\" content=\"index, follow, max-snippet:-1, max-image-preview:large, max-video-preview:-1\" \/>\n<link rel=\"canonical\" href=\"https:\/\/www.les-photos-de-mon-mariage.fr\/blog\/menage-de-printemps-ou-presque\/\" \/>\n<meta property=\"og:locale\" content=\"fr_FR\" \/>\n<meta property=\"og:type\" content=\"article\" \/>\n<meta property=\"og:title\" content=\"M\u00e9nage de printemps (ou presque) - Le blog d&#039;un photographe mariage\" \/>\n<meta property=\"og:description\" content=\"Bonsoir \u00e0 tous ! Alors que la saison 2024 se profile \u00e0 l&rsquo;horizon, je viens tout juste de consacrer quelques (dizaines d&rsquo;) heures \u00e0 donner un coup de frais \u00e0 mon site internet ! &#x1f60a; www.les-photos-de-mon-mariage.fr Il \u00e9tait grand temps de s&rsquo;y mettre ! Bien que cela ne soit peut-\u00eatre pas imm\u00e9diatement perceptible pour tout le monde, du travail a \u00e9t\u00e9 abattu ! Oh oui &hellip; Continue reading M\u00e9nage de printemps (ou presque) &raquo;\" \/>\n<meta property=\"og:url\" content=\"https:\/\/www.les-photos-de-mon-mariage.fr\/blog\/menage-de-printemps-ou-presque\/\" \/>\n<meta property=\"og:site_name\" content=\"Le blog d&#039;un photographe mariage\" \/>\n<meta property=\"article:publisher\" content=\"https:\/\/www.facebook.com\/thomas.lamart\/\" \/>\n<meta property=\"article:author\" content=\"https:\/\/www.facebook.com\/thomas.lamart\/\" \/>\n<meta property=\"article:published_time\" content=\"2024-02-25T14:25:00+00:00\" \/>\n<meta property=\"article:modified_time\" content=\"2024-03-16T14:28:48+00:00\" \/>\n<meta property=\"og:image\" content=\"https:\/\/www.les-photos-de-mon-mariage.fr\/blog\/wp-content\/uploads\/2024\/03\/accueil.jpg\" \/>\n<meta name=\"author\" content=\"Thomas\" \/>\n<meta name=\"twitter:card\" content=\"summary_large_image\" \/>\n<meta name=\"twitter:label1\" content=\"\u00c9crit par\" \/>\n\t<meta name=\"twitter:data1\" content=\"Thomas\" \/>\n\t<meta name=\"twitter:label2\" content=\"Dur\u00e9e de lecture estim\u00e9e\" \/>\n\t<meta name=\"twitter:data2\" content=\"1 minute\" \/>\n<script type=\"application\/ld+json\" class=\"yoast-schema-graph\">{\"@context\":\"https:\\\/\\\/schema.org\",\"@graph\":[{\"@type\":\"Article\",\"@id\":\"https:\\\/\\\/www.les-photos-de-mon-mariage.fr\\\/blog\\\/menage-de-printemps-ou-presque\\\/#article\",\"isPartOf\":{\"@id\":\"https:\\\/\\\/www.les-photos-de-mon-mariage.fr\\\/blog\\\/menage-de-printemps-ou-presque\\\/\"},\"author\":{\"name\":\"Thomas\",\"@id\":\"https:\\\/\\\/www.les-photos-de-mon-mariage.fr\\\/blog\\\/#\\\/schema\\\/person\\\/e311f978808719b066047d2ca870eed7\"},\"headline\":\"M\u00e9nage de printemps (ou presque)\",\"datePublished\":\"2024-02-25T14:25:00+00:00\",\"dateModified\":\"2024-03-16T14:28:48+00:00\",\"mainEntityOfPage\":{\"@id\":\"https:\\\/\\\/www.les-photos-de-mon-mariage.fr\\\/blog\\\/menage-de-printemps-ou-presque\\\/\"},\"wordCount\":189,\"commentCount\":0,\"publisher\":{\"@id\":\"https:\\\/\\\/www.les-photos-de-mon-mariage.fr\\\/blog\\\/#\\\/schema\\\/person\\\/e311f978808719b066047d2ca870eed7\"},\"image\":{\"@id\":\"https:\\\/\\\/www.les-photos-de-mon-mariage.fr\\\/blog\\\/menage-de-printemps-ou-presque\\\/#primaryimage\"},\"thumbnailUrl\":\"https:\\\/\\\/www.les-photos-de-mon-mariage.fr\\\/blog\\\/wp-content\\\/uploads\\\/2024\\\/03\\\/accueil.jpg\",\"articleSection\":[\"site\"],\"inLanguage\":\"fr-FR\",\"potentialAction\":[{\"@type\":\"CommentAction\",\"name\":\"Comment\",\"target\":[\"https:\\\/\\\/www.les-photos-de-mon-mariage.fr\\\/blog\\\/menage-de-printemps-ou-presque\\\/#respond\"]}]},{\"@type\":\"WebPage\",\"@id\":\"https:\\\/\\\/www.les-photos-de-mon-mariage.fr\\\/blog\\\/menage-de-printemps-ou-presque\\\/\",\"url\":\"https:\\\/\\\/www.les-photos-de-mon-mariage.fr\\\/blog\\\/menage-de-printemps-ou-presque\\\/\",\"name\":\"M\u00e9nage de printemps (ou presque) - Le blog d&#039;un photographe mariage\",\"isPartOf\":{\"@id\":\"https:\\\/\\\/www.les-photos-de-mon-mariage.fr\\\/blog\\\/#website\"},\"primaryImageOfPage\":{\"@id\":\"https:\\\/\\\/www.les-photos-de-mon-mariage.fr\\\/blog\\\/menage-de-printemps-ou-presque\\\/#primaryimage\"},\"image\":{\"@id\":\"https:\\\/\\\/www.les-photos-de-mon-mariage.fr\\\/blog\\\/menage-de-printemps-ou-presque\\\/#primaryimage\"},\"thumbnailUrl\":\"https:\\\/\\\/www.les-photos-de-mon-mariage.fr\\\/blog\\\/wp-content\\\/uploads\\\/2024\\\/03\\\/accueil.jpg\",\"datePublished\":\"2024-02-25T14:25:00+00:00\",\"dateModified\":\"2024-03-16T14:28:48+00:00\",\"breadcrumb\":{\"@id\":\"https:\\\/\\\/www.les-photos-de-mon-mariage.fr\\\/blog\\\/menage-de-printemps-ou-presque\\\/#breadcrumb\"},\"inLanguage\":\"fr-FR\",\"potentialAction\":[{\"@type\":\"ReadAction\",\"target\":[\"https:\\\/\\\/www.les-photos-de-mon-mariage.fr\\\/blog\\\/menage-de-printemps-ou-presque\\\/\"]}]},{\"@type\":\"ImageObject\",\"inLanguage\":\"fr-FR\",\"@id\":\"https:\\\/\\\/www.les-photos-de-mon-mariage.fr\\\/blog\\\/menage-de-printemps-ou-presque\\\/#primaryimage\",\"url\":\"https:\\\/\\\/www.les-photos-de-mon-mariage.fr\\\/blog\\\/wp-content\\\/uploads\\\/2024\\\/03\\\/accueil.jpg\",\"contentUrl\":\"https:\\\/\\\/www.les-photos-de-mon-mariage.fr\\\/blog\\\/wp-content\\\/uploads\\\/2024\\\/03\\\/accueil.jpg\",\"width\":700,\"height\":489,\"caption\":\"Image d'accueil de mon site de photographe mariage\"},{\"@type\":\"BreadcrumbList\",\"@id\":\"https:\\\/\\\/www.les-photos-de-mon-mariage.fr\\\/blog\\\/menage-de-printemps-ou-presque\\\/#breadcrumb\",\"itemListElement\":[{\"@type\":\"ListItem\",\"position\":1,\"name\":\"Accueil\",\"item\":\"https:\\\/\\\/www.les-photos-de-mon-mariage.fr\\\/blog\\\/\"},{\"@type\":\"ListItem\",\"position\":2,\"name\":\"M\u00e9nage de printemps (ou presque)\"}]},{\"@type\":\"WebSite\",\"@id\":\"https:\\\/\\\/www.les-photos-de-mon-mariage.fr\\\/blog\\\/#website\",\"url\":\"https:\\\/\\\/www.les-photos-de-mon-mariage.fr\\\/blog\\\/\",\"name\":\"Le blog d'un photographe mariage\",\"description\":\"Thomas Lamart | Votre photographe mariage en Seine-et-marne\",\"publisher\":{\"@id\":\"https:\\\/\\\/www.les-photos-de-mon-mariage.fr\\\/blog\\\/#\\\/schema\\\/person\\\/e311f978808719b066047d2ca870eed7\"},\"potentialAction\":[{\"@type\":\"SearchAction\",\"target\":{\"@type\":\"EntryPoint\",\"urlTemplate\":\"https:\\\/\\\/www.les-photos-de-mon-mariage.fr\\\/blog\\\/?s={search_term_string}\"},\"query-input\":{\"@type\":\"PropertyValueSpecification\",\"valueRequired\":true,\"valueName\":\"search_term_string\"}}],\"inLanguage\":\"fr-FR\"},{\"@type\":[\"Person\",\"Organization\"],\"@id\":\"https:\\\/\\\/www.les-photos-de-mon-mariage.fr\\\/blog\\\/#\\\/schema\\\/person\\\/e311f978808719b066047d2ca870eed7\",\"name\":\"Thomas\",\"image\":{\"@type\":\"ImageObject\",\"inLanguage\":\"fr-FR\",\"@id\":\"https:\\\/\\\/www.les-photos-de-mon-mariage.fr\\\/blog\\\/wp-content\\\/uploads\\\/2024\\\/03\\\/accueil.jpg\",\"url\":\"https:\\\/\\\/www.les-photos-de-mon-mariage.fr\\\/blog\\\/wp-content\\\/uploads\\\/2024\\\/03\\\/accueil.jpg\",\"contentUrl\":\"https:\\\/\\\/www.les-photos-de-mon-mariage.fr\\\/blog\\\/wp-content\\\/uploads\\\/2024\\\/03\\\/accueil.jpg\",\"width\":700,\"height\":489,\"caption\":\"Thomas\"},\"logo\":{\"@id\":\"https:\\\/\\\/www.les-photos-de-mon-mariage.fr\\\/blog\\\/wp-content\\\/uploads\\\/2024\\\/03\\\/accueil.jpg\"},\"sameAs\":[\"https:\\\/\\\/www.les-photos-de-mon-mariage.fr\",\"https:\\\/\\\/www.facebook.com\\\/thomas.lamart\\\/\",\"https:\\\/\\\/www.instagram.com\\\/les.photos.de.mon.mariage\\\/\"],\"url\":\"https:\\\/\\\/www.les-photos-de-mon-mariage.fr\\\/blog\\\/author\\\/thomasadmin\\\/\"}]}<\/script>\n<!-- \/ Yoast SEO plugin. -->","yoast_head_json":{"title":"M\u00e9nage de printemps (ou presque) - Le blog d&#039;un photographe mariage","robots":{"index":"index","follow":"follow","max-snippet":"max-snippet:-1","max-image-preview":"max-image-preview:large","max-video-preview":"max-video-preview:-1"},"canonical":"https:\/\/www.les-photos-de-mon-mariage.fr\/blog\/menage-de-printemps-ou-presque\/","og_locale":"fr_FR","og_type":"article","og_title":"M\u00e9nage de printemps (ou presque) - Le blog d&#039;un photographe mariage","og_description":"Bonsoir \u00e0 tous ! Alors que la saison 2024 se profile \u00e0 l&rsquo;horizon, je viens tout juste de consacrer quelques (dizaines d&rsquo;) heures \u00e0 donner un coup de frais \u00e0 mon site internet ! &#x1f60a; www.les-photos-de-mon-mariage.fr Il \u00e9tait grand temps de s&rsquo;y mettre ! Bien que cela ne soit peut-\u00eatre pas imm\u00e9diatement perceptible pour tout le monde, du travail a \u00e9t\u00e9 abattu ! Oh oui &hellip; Continue reading M\u00e9nage de printemps (ou presque) &raquo;","og_url":"https:\/\/www.les-photos-de-mon-mariage.fr\/blog\/menage-de-printemps-ou-presque\/","og_site_name":"Le blog d&#039;un photographe mariage","article_publisher":"https:\/\/www.facebook.com\/thomas.lamart\/","article_author":"https:\/\/www.facebook.com\/thomas.lamart\/","article_published_time":"2024-02-25T14:25:00+00:00","article_modified_time":"2024-03-16T14:28:48+00:00","og_image":[{"url":"https:\/\/www.les-photos-de-mon-mariage.fr\/blog\/wp-content\/uploads\/2024\/03\/accueil.jpg","type":"","width":"","height":""}],"author":"Thomas","twitter_card":"summary_large_image","twitter_misc":{"\u00c9crit par":"Thomas","Dur\u00e9e de lecture estim\u00e9e":"1 minute"},"schema":{"@context":"https:\/\/schema.org","@graph":[{"@type":"Article","@id":"https:\/\/www.les-photos-de-mon-mariage.fr\/blog\/menage-de-printemps-ou-presque\/#article","isPartOf":{"@id":"https:\/\/www.les-photos-de-mon-mariage.fr\/blog\/menage-de-printemps-ou-presque\/"},"author":{"name":"Thomas","@id":"https:\/\/www.les-photos-de-mon-mariage.fr\/blog\/#\/schema\/person\/e311f978808719b066047d2ca870eed7"},"headline":"M\u00e9nage de printemps (ou presque)","datePublished":"2024-02-25T14:25:00+00:00","dateModified":"2024-03-16T14:28:48+00:00","mainEntityOfPage":{"@id":"https:\/\/www.les-photos-de-mon-mariage.fr\/blog\/menage-de-printemps-ou-presque\/"},"wordCount":189,"commentCount":0,"publisher":{"@id":"https:\/\/www.les-photos-de-mon-mariage.fr\/blog\/#\/schema\/person\/e311f978808719b066047d2ca870eed7"},"image":{"@id":"https:\/\/www.les-photos-de-mon-mariage.fr\/blog\/menage-de-printemps-ou-presque\/#primaryimage"},"thumbnailUrl":"https:\/\/www.les-photos-de-mon-mariage.fr\/blog\/wp-content\/uploads\/2024\/03\/accueil.jpg","articleSection":["site"],"inLanguage":"fr-FR","potentialAction":[{"@type":"CommentAction","name":"Comment","target":["https:\/\/www.les-photos-de-mon-mariage.fr\/blog\/menage-de-printemps-ou-presque\/#respond"]}]},{"@type":"WebPage","@id":"https:\/\/www.les-photos-de-mon-mariage.fr\/blog\/menage-de-printemps-ou-presque\/","url":"https:\/\/www.les-photos-de-mon-mariage.fr\/blog\/menage-de-printemps-ou-presque\/","name":"M\u00e9nage de printemps (ou presque) - Le blog d&#039;un photographe mariage","isPartOf":{"@id":"https:\/\/www.les-photos-de-mon-mariage.fr\/blog\/#website"},"primaryImageOfPage":{"@id":"https:\/\/www.les-photos-de-mon-mariage.fr\/blog\/menage-de-printemps-ou-presque\/#primaryimage"},"image":{"@id":"https:\/\/www.les-photos-de-mon-mariage.fr\/blog\/menage-de-printemps-ou-presque\/#primaryimage"},"thumbnailUrl":"https:\/\/www.les-photos-de-mon-mariage.fr\/blog\/wp-content\/uploads\/2024\/03\/accueil.jpg","datePublished":"2024-02-25T14:25:00+00:00","dateModified":"2024-03-16T14:28:48+00:00","breadcrumb":{"@id":"https:\/\/www.les-photos-de-mon-mariage.fr\/blog\/menage-de-printemps-ou-presque\/#breadcrumb"},"inLanguage":"fr-FR","potentialAction":[{"@type":"ReadAction","target":["https:\/\/www.les-photos-de-mon-mariage.fr\/blog\/menage-de-printemps-ou-presque\/"]}]},{"@type":"ImageObject","inLanguage":"fr-FR","@id":"https:\/\/www.les-photos-de-mon-mariage.fr\/blog\/menage-de-printemps-ou-presque\/#primaryimage","url":"https:\/\/www.les-photos-de-mon-mariage.fr\/blog\/wp-content\/uploads\/2024\/03\/accueil.jpg","contentUrl":"https:\/\/www.les-photos-de-mon-mariage.fr\/blog\/wp-content\/uploads\/2024\/03\/accueil.jpg","width":700,"height":489,"caption":"Image d'accueil de mon site de photographe mariage"},{"@type":"BreadcrumbList","@id":"https:\/\/www.les-photos-de-mon-mariage.fr\/blog\/menage-de-printemps-ou-presque\/#breadcrumb","itemListElement":[{"@type":"ListItem","position":1,"name":"Accueil","item":"https:\/\/www.les-photos-de-mon-mariage.fr\/blog\/"},{"@type":"ListItem","position":2,"name":"M\u00e9nage de printemps (ou presque)"}]},{"@type":"WebSite","@id":"https:\/\/www.les-photos-de-mon-mariage.fr\/blog\/#website","url":"https:\/\/www.les-photos-de-mon-mariage.fr\/blog\/","name":"Le blog d'un photographe mariage","description":"Thomas Lamart | Votre photographe mariage en Seine-et-marne","publisher":{"@id":"https:\/\/www.les-photos-de-mon-mariage.fr\/blog\/#\/schema\/person\/e311f978808719b066047d2ca870eed7"},"potentialAction":[{"@type":"SearchAction","target":{"@type":"EntryPoint","urlTemplate":"https:\/\/www.les-photos-de-mon-mariage.fr\/blog\/?s={search_term_string}"},"query-input":{"@type":"PropertyValueSpecification","valueRequired":true,"valueName":"search_term_string"}}],"inLanguage":"fr-FR"},{"@type":["Person","Organization"],"@id":"https:\/\/www.les-photos-de-mon-mariage.fr\/blog\/#\/schema\/person\/e311f978808719b066047d2ca870eed7","name":"Thomas","image":{"@type":"ImageObject","inLanguage":"fr-FR","@id":"https:\/\/www.les-photos-de-mon-mariage.fr\/blog\/wp-content\/uploads\/2024\/03\/accueil.jpg","url":"https:\/\/www.les-photos-de-mon-mariage.fr\/blog\/wp-content\/uploads\/2024\/03\/accueil.jpg","contentUrl":"https:\/\/www.les-photos-de-mon-mariage.fr\/blog\/wp-content\/uploads\/2024\/03\/accueil.jpg","width":700,"height":489,"caption":"Thomas"},"logo":{"@id":"https:\/\/www.les-photos-de-mon-mariage.fr\/blog\/wp-content\/uploads\/2024\/03\/accueil.jpg"},"sameAs":["https:\/\/www.les-photos-de-mon-mariage.fr","https:\/\/www.facebook.com\/thomas.lamart\/","https:\/\/www.instagram.com\/les.photos.de.mon.mariage\/"],"url":"https:\/\/www.les-photos-de-mon-mariage.fr\/blog\/author\/thomasadmin\/"}]}},"_links":{"self":[{"href":"https:\/\/www.les-photos-de-mon-mariage.fr\/blog\/wp-json\/wp\/v2\/posts\/1171","targetHints":{"allow":["GET"]}}],"collection":[{"href":"https:\/\/www.les-photos-de-mon-mariage.fr\/blog\/wp-json\/wp\/v2\/posts"}],"about":[{"href":"https:\/\/www.les-photos-de-mon-mariage.fr\/blog\/wp-json\/wp\/v2\/types\/post"}],"author":[{"embeddable":true,"href":"https:\/\/www.les-photos-de-mon-mariage.fr\/blog\/wp-json\/wp\/v2\/users\/1"}],"replies":[{"embeddable":true,"href":"https:\/\/www.les-photos-de-mon-mariage.fr\/blog\/wp-json\/wp\/v2\/comments?post=1171"}],"version-history":[{"count":1,"href":"https:\/\/www.les-photos-de-mon-mariage.fr\/blog\/wp-json\/wp\/v2\/posts\/1171\/revisions"}],"predecessor-version":[{"id":1173,"href":"https:\/\/www.les-photos-de-mon-mariage.fr\/blog\/wp-json\/wp\/v2\/posts\/1171\/revisions\/1173"}],"wp:attachment":[{"href":"https:\/\/www.les-photos-de-mon-mariage.fr\/blog\/wp-json\/wp\/v2\/media?parent=1171"}],"wp:term":[{"taxonomy":"category","embeddable":true,"href":"https:\/\/www.les-photos-de-mon-mariage.fr\/blog\/wp-json\/wp\/v2\/categories?post=1171"},{"taxonomy":"post_tag","embeddable":true,"href":"https:\/\/www.les-photos-de-mon-mariage.fr\/blog\/wp-json\/wp\/v2\/tags?post=1171"}],"curies":[{"name":"wp","href":"https:\/\/api.w.org\/{rel}","templated":true}]}}