{"id":1179,"date":"2025-09-18T20:19:01","date_gmt":"2025-09-18T18:19:01","guid":{"rendered":"https:\/\/www.les-photos-de-mon-mariage.fr\/blog\/?p=1179"},"modified":"2025-09-18T20:19:02","modified_gmt":"2025-09-18T18:19:02","slug":"mariage-de-coralie-et-clement","status":"publish","type":"post","link":"https:\/\/www.les-photos-de-mon-mariage.fr\/blog\/mariage-de-coralie-et-clement\/","title":{"rendered":"Mariage de Coralie et Cl\u00e9ment"},"content":{"rendered":"\n<p>Bonjour \u00e0 toutes et \u00e0 tous !<\/p>\n\n\n\n<p>J\u2019ai eu le plaisir d\u2019accompagner Coralie et Cl\u00e9ment lors de leur mariage, c\u00e9l\u00e9br\u00e9 le 15 septembre 2025\u2026 Une journ\u00e9e \u00e0 leur image : simple, chaleureuse, et profond\u00e9ment authentique.<\/p>\n\n\n\n<p>Ce qui m\u2019a particuli\u00e8rement marqu\u00e9, c\u2019est ce moment suspendu entre Coralie et son papa, juste avant la c\u00e9r\u00e9monie : un \u00e9change rempli d\u2019\u00e9motion, de tendresse et de fiert\u00e9. Des instants comme ceux-l\u00e0 rappellent pourquoi j\u2019aime tant mon m\u00e9tier de photographe de mariage : capturer ces regards et ces gestes qui en disent mille fois plus que les mots.<\/p>\n\n\n\n<p>Ils avaient fait le choix d\u2019un mariage intimiste, entour\u00e9s d\u2019une quarantaine de proches seulement\u2026 et c\u2019est justement ce qui a rendu cette journ\u00e9e si belle ! Moins nombreux, mais tellement plus pr\u00e9sents : chaque sourire, chaque \u00e9clat de rire, chaque \u00e9treinte semblait avoir plus de place pour s\u2019exprimer. L\u2019ambiance \u00e9tait incroyablement chaleureuse, comme un grand repas de famille o\u00f9 tout le monde se conna\u00eet (ou finit par se conna\u00eetre !).<\/p>\n\n\n\n<p>La galerie photo priv\u00e9e est d\u00e9sormais en ligne, accessible \u00e0 toutes les personnes disposant des codes d\u2019acc\u00e8s :<br><a href=\"https:\/\/www.les-photos-de-mon-mariage.fr\/piwigo\">https:\/\/www.les-photos-de-mon-mariage.fr\/piwigo<\/a><\/p>\n\n\n\n<p>Coralie, Cl\u00e9ment, toutes mes f\u00e9licitations !<br>Merci de m\u2019avoir fait confiance pour immortaliser cette si belle journ\u00e9e \u00e0 vos c\u00f4t\u00e9s<\/p>\n\n\n\n<figure class=\"wp-block-gallery has-nested-images columns-default is-cropped wp-block-gallery-1 is-layout-flex wp-block-gallery-is-layout-flex\">\n<figure class=\"wp-block-image size-large\"><img loading=\"lazy\" decoding=\"async\" width=\"1024\" height=\"683\" data-id=\"1182\" src=\"https:\/\/www.les-photos-de-mon-mariage.fr\/blog\/wp-content\/uploads\/2025\/09\/Mariage-CoralieClement-33-1-1024x683.jpg\" alt=\"\" class=\"wp-image-1182\" title=\"Instant d\u2019\u00e9motion captur\u00e9 pendant une c\u00e9r\u00e9monie de mariage\" srcset=\"https:\/\/www.les-photos-de-mon-mariage.fr\/blog\/wp-content\/uploads\/2025\/09\/Mariage-CoralieClement-33-1-1024x683.jpg 1024w, https:\/\/www.les-photos-de-mon-mariage.fr\/blog\/wp-content\/uploads\/2025\/09\/Mariage-CoralieClement-33-1-300x200.jpg 300w, https:\/\/www.les-photos-de-mon-mariage.fr\/blog\/wp-content\/uploads\/2025\/09\/Mariage-CoralieClement-33-1-768x512.jpg 768w, https:\/\/www.les-photos-de-mon-mariage.fr\/blog\/wp-content\/uploads\/2025\/09\/Mariage-CoralieClement-33-1-1536x1024.jpg 1536w, https:\/\/www.les-photos-de-mon-mariage.fr\/blog\/wp-content\/uploads\/2025\/09\/Mariage-CoralieClement-33-1-2048x1365.jpg 2048w, https:\/\/www.les-photos-de-mon-mariage.fr\/blog\/wp-content\/uploads\/2025\/09\/Mariage-CoralieClement-33-1-800x533.jpg 800w, https:\/\/www.les-photos-de-mon-mariage.fr\/blog\/wp-content\/uploads\/2025\/09\/Mariage-CoralieClement-33-1-1200x800.jpg 1200w\" sizes=\"auto, (max-width: 1024px) 100vw, 1024px\" \/><\/figure>\n\n\n\n<figure class=\"wp-block-image size-large\"><img loading=\"lazy\" decoding=\"async\" width=\"1024\" height=\"683\" data-id=\"1185\" src=\"https:\/\/www.les-photos-de-mon-mariage.fr\/blog\/wp-content\/uploads\/2025\/09\/Mariage-CoralieClement-41-1-1024x683.jpg\" alt=\"\" class=\"wp-image-1185\" title=\"Photographe de mariage en Seine-et-Marne \u2013 reportage photo naturel et lumineux\" srcset=\"https:\/\/www.les-photos-de-mon-mariage.fr\/blog\/wp-content\/uploads\/2025\/09\/Mariage-CoralieClement-41-1-1024x683.jpg 1024w, https:\/\/www.les-photos-de-mon-mariage.fr\/blog\/wp-content\/uploads\/2025\/09\/Mariage-CoralieClement-41-1-300x200.jpg 300w, https:\/\/www.les-photos-de-mon-mariage.fr\/blog\/wp-content\/uploads\/2025\/09\/Mariage-CoralieClement-41-1-768x512.jpg 768w, https:\/\/www.les-photos-de-mon-mariage.fr\/blog\/wp-content\/uploads\/2025\/09\/Mariage-CoralieClement-41-1-1536x1025.jpg 1536w, https:\/\/www.les-photos-de-mon-mariage.fr\/blog\/wp-content\/uploads\/2025\/09\/Mariage-CoralieClement-41-1-2048x1366.jpg 2048w, https:\/\/www.les-photos-de-mon-mariage.fr\/blog\/wp-content\/uploads\/2025\/09\/Mariage-CoralieClement-41-1-800x534.jpg 800w, https:\/\/www.les-photos-de-mon-mariage.fr\/blog\/wp-content\/uploads\/2025\/09\/Mariage-CoralieClement-41-1-1200x800.jpg 1200w\" sizes=\"auto, (max-width: 1024px) 100vw, 1024px\" \/><\/figure>\n\n\n\n<figure class=\"wp-block-image size-large\"><img loading=\"lazy\" decoding=\"async\" width=\"1024\" height=\"683\" data-id=\"1186\" src=\"https:\/\/www.les-photos-de-mon-mariage.fr\/blog\/wp-content\/uploads\/2025\/09\/Mariage-CoralieClement-91-1024x683.jpg\" alt=\"\" class=\"wp-image-1186\" title=\"C\u00e9r\u00e9monie de mariage civile \u2013 \u00e9changes de v\u0153ux\" srcset=\"https:\/\/www.les-photos-de-mon-mariage.fr\/blog\/wp-content\/uploads\/2025\/09\/Mariage-CoralieClement-91-1024x683.jpg 1024w, https:\/\/www.les-photos-de-mon-mariage.fr\/blog\/wp-content\/uploads\/2025\/09\/Mariage-CoralieClement-91-300x200.jpg 300w, https:\/\/www.les-photos-de-mon-mariage.fr\/blog\/wp-content\/uploads\/2025\/09\/Mariage-CoralieClement-91-768x512.jpg 768w, https:\/\/www.les-photos-de-mon-mariage.fr\/blog\/wp-content\/uploads\/2025\/09\/Mariage-CoralieClement-91-1536x1025.jpg 1536w, https:\/\/www.les-photos-de-mon-mariage.fr\/blog\/wp-content\/uploads\/2025\/09\/Mariage-CoralieClement-91-2048x1366.jpg 2048w, https:\/\/www.les-photos-de-mon-mariage.fr\/blog\/wp-content\/uploads\/2025\/09\/Mariage-CoralieClement-91-800x534.jpg 800w, https:\/\/www.les-photos-de-mon-mariage.fr\/blog\/wp-content\/uploads\/2025\/09\/Mariage-CoralieClement-91-1200x800.jpg 1200w\" sizes=\"auto, (max-width: 1024px) 100vw, 1024px\" \/><\/figure>\n\n\n\n<figure class=\"wp-block-image size-large\"><img loading=\"lazy\" decoding=\"async\" width=\"683\" height=\"1024\" data-id=\"1187\" src=\"https:\/\/www.les-photos-de-mon-mariage.fr\/blog\/wp-content\/uploads\/2025\/09\/Mariage-CoralieClement-114-683x1024.jpg\" alt=\"\" class=\"wp-image-1187\" title=\"Souvenirs inoubliables captur\u00e9s par un photographe professionnel\" srcset=\"https:\/\/www.les-photos-de-mon-mariage.fr\/blog\/wp-content\/uploads\/2025\/09\/Mariage-CoralieClement-114-683x1024.jpg 683w, https:\/\/www.les-photos-de-mon-mariage.fr\/blog\/wp-content\/uploads\/2025\/09\/Mariage-CoralieClement-114-200x300.jpg 200w, https:\/\/www.les-photos-de-mon-mariage.fr\/blog\/wp-content\/uploads\/2025\/09\/Mariage-CoralieClement-114-768x1152.jpg 768w, https:\/\/www.les-photos-de-mon-mariage.fr\/blog\/wp-content\/uploads\/2025\/09\/Mariage-CoralieClement-114-1024x1536.jpg 1024w, https:\/\/www.les-photos-de-mon-mariage.fr\/blog\/wp-content\/uploads\/2025\/09\/Mariage-CoralieClement-114-1366x2048.jpg 1366w, https:\/\/www.les-photos-de-mon-mariage.fr\/blog\/wp-content\/uploads\/2025\/09\/Mariage-CoralieClement-114-800x1199.jpg 800w, https:\/\/www.les-photos-de-mon-mariage.fr\/blog\/wp-content\/uploads\/2025\/09\/Mariage-CoralieClement-114-1200x1799.jpg 1200w, https:\/\/www.les-photos-de-mon-mariage.fr\/blog\/wp-content\/uploads\/2025\/09\/Mariage-CoralieClement-114-scaled.jpg 1707w\" sizes=\"auto, (max-width: 683px) 100vw, 683px\" \/><\/figure>\n\n\n\n<figure class=\"wp-block-image size-large\"><img loading=\"lazy\" decoding=\"async\" width=\"683\" height=\"1024\" data-id=\"1183\" src=\"https:\/\/www.les-photos-de-mon-mariage.fr\/blog\/wp-content\/uploads\/2025\/09\/Mariage-CoralieClement-177-683x1024.jpg\" alt=\"\" class=\"wp-image-1183\" title=\"Mari\u00e9s \u2013 d\u00e9tails et ambiance\" srcset=\"https:\/\/www.les-photos-de-mon-mariage.fr\/blog\/wp-content\/uploads\/2025\/09\/Mariage-CoralieClement-177-683x1024.jpg 683w, https:\/\/www.les-photos-de-mon-mariage.fr\/blog\/wp-content\/uploads\/2025\/09\/Mariage-CoralieClement-177-200x300.jpg 200w, https:\/\/www.les-photos-de-mon-mariage.fr\/blog\/wp-content\/uploads\/2025\/09\/Mariage-CoralieClement-177-768x1152.jpg 768w, https:\/\/www.les-photos-de-mon-mariage.fr\/blog\/wp-content\/uploads\/2025\/09\/Mariage-CoralieClement-177-1024x1536.jpg 1024w, https:\/\/www.les-photos-de-mon-mariage.fr\/blog\/wp-content\/uploads\/2025\/09\/Mariage-CoralieClement-177-1365x2048.jpg 1365w, https:\/\/www.les-photos-de-mon-mariage.fr\/blog\/wp-content\/uploads\/2025\/09\/Mariage-CoralieClement-177-800x1200.jpg 800w, https:\/\/www.les-photos-de-mon-mariage.fr\/blog\/wp-content\/uploads\/2025\/09\/Mariage-CoralieClement-177-1200x1800.jpg 1200w, https:\/\/www.les-photos-de-mon-mariage.fr\/blog\/wp-content\/uploads\/2025\/09\/Mariage-CoralieClement-177-scaled.jpg 1707w\" sizes=\"auto, (max-width: 683px) 100vw, 683px\" \/><\/figure>\n\n\n\n<figure class=\"wp-block-image size-large\"><img loading=\"lazy\" decoding=\"async\" width=\"1024\" height=\"683\" data-id=\"1184\" src=\"https:\/\/www.les-photos-de-mon-mariage.fr\/blog\/wp-content\/uploads\/2025\/09\/Mariage-CoralieClement-184-1024x683.jpg\" alt=\"\" class=\"wp-image-1184\" title=\"Reportage photo de mariage intime et authentique\" srcset=\"https:\/\/www.les-photos-de-mon-mariage.fr\/blog\/wp-content\/uploads\/2025\/09\/Mariage-CoralieClement-184-1024x683.jpg 1024w, https:\/\/www.les-photos-de-mon-mariage.fr\/blog\/wp-content\/uploads\/2025\/09\/Mariage-CoralieClement-184-300x200.jpg 300w, https:\/\/www.les-photos-de-mon-mariage.fr\/blog\/wp-content\/uploads\/2025\/09\/Mariage-CoralieClement-184-768x512.jpg 768w, https:\/\/www.les-photos-de-mon-mariage.fr\/blog\/wp-content\/uploads\/2025\/09\/Mariage-CoralieClement-184-1536x1024.jpg 1536w, https:\/\/www.les-photos-de-mon-mariage.fr\/blog\/wp-content\/uploads\/2025\/09\/Mariage-CoralieClement-184-2048x1365.jpg 2048w, https:\/\/www.les-photos-de-mon-mariage.fr\/blog\/wp-content\/uploads\/2025\/09\/Mariage-CoralieClement-184-800x533.jpg 800w, https:\/\/www.les-photos-de-mon-mariage.fr\/blog\/wp-content\/uploads\/2025\/09\/Mariage-CoralieClement-184-1200x800.jpg 1200w\" sizes=\"auto, (max-width: 1024px) 100vw, 1024px\" \/><\/figure>\n\n\n\n<figure class=\"wp-block-image size-large\"><img loading=\"lazy\" decoding=\"async\" width=\"1024\" height=\"672\" data-id=\"1190\" src=\"https:\/\/www.les-photos-de-mon-mariage.fr\/blog\/wp-content\/uploads\/2025\/09\/Mariage-CoralieClement-239-1024x672.jpg\" alt=\"\" class=\"wp-image-1190\" title=\"Reportage photo de mariage en \u00cele-de-France \u2013 moments naturels et spontan\u00e9s\" srcset=\"https:\/\/www.les-photos-de-mon-mariage.fr\/blog\/wp-content\/uploads\/2025\/09\/Mariage-CoralieClement-239-1024x672.jpg 1024w, https:\/\/www.les-photos-de-mon-mariage.fr\/blog\/wp-content\/uploads\/2025\/09\/Mariage-CoralieClement-239-300x197.jpg 300w, https:\/\/www.les-photos-de-mon-mariage.fr\/blog\/wp-content\/uploads\/2025\/09\/Mariage-CoralieClement-239-768x504.jpg 768w, https:\/\/www.les-photos-de-mon-mariage.fr\/blog\/wp-content\/uploads\/2025\/09\/Mariage-CoralieClement-239-1536x1009.jpg 1536w, https:\/\/www.les-photos-de-mon-mariage.fr\/blog\/wp-content\/uploads\/2025\/09\/Mariage-CoralieClement-239-2048x1345.jpg 2048w, https:\/\/www.les-photos-de-mon-mariage.fr\/blog\/wp-content\/uploads\/2025\/09\/Mariage-CoralieClement-239-800x525.jpg 800w, https:\/\/www.les-photos-de-mon-mariage.fr\/blog\/wp-content\/uploads\/2025\/09\/Mariage-CoralieClement-239-1200x788.jpg 1200w\" sizes=\"auto, (max-width: 1024px) 100vw, 1024px\" \/><\/figure>\n\n\n\n<figure class=\"wp-block-image size-large\"><img loading=\"lazy\" decoding=\"async\" width=\"1024\" height=\"683\" data-id=\"1191\" src=\"https:\/\/www.les-photos-de-mon-mariage.fr\/blog\/wp-content\/uploads\/2025\/09\/Mariage-CoralieClement-340-1024x683.jpg\" alt=\"\" class=\"wp-image-1191\" title=\"Moments spontan\u00e9s et rires entre les invit\u00e9s du mariage\" srcset=\"https:\/\/www.les-photos-de-mon-mariage.fr\/blog\/wp-content\/uploads\/2025\/09\/Mariage-CoralieClement-340-1024x683.jpg 1024w, https:\/\/www.les-photos-de-mon-mariage.fr\/blog\/wp-content\/uploads\/2025\/09\/Mariage-CoralieClement-340-300x200.jpg 300w, https:\/\/www.les-photos-de-mon-mariage.fr\/blog\/wp-content\/uploads\/2025\/09\/Mariage-CoralieClement-340-768x512.jpg 768w, https:\/\/www.les-photos-de-mon-mariage.fr\/blog\/wp-content\/uploads\/2025\/09\/Mariage-CoralieClement-340-1536x1025.jpg 1536w, https:\/\/www.les-photos-de-mon-mariage.fr\/blog\/wp-content\/uploads\/2025\/09\/Mariage-CoralieClement-340-2048x1366.jpg 2048w, https:\/\/www.les-photos-de-mon-mariage.fr\/blog\/wp-content\/uploads\/2025\/09\/Mariage-CoralieClement-340-800x534.jpg 800w, https:\/\/www.les-photos-de-mon-mariage.fr\/blog\/wp-content\/uploads\/2025\/09\/Mariage-CoralieClement-340-1200x800.jpg 1200w\" sizes=\"auto, (max-width: 1024px) 100vw, 1024px\" \/><\/figure>\n\n\n\n<figure class=\"wp-block-image size-large\"><img loading=\"lazy\" decoding=\"async\" width=\"1024\" height=\"683\" data-id=\"1189\" src=\"https:\/\/www.les-photos-de-mon-mariage.fr\/blog\/wp-content\/uploads\/2025\/09\/Mariage-CoralieClement-427-1024x683.jpg\" alt=\"\" class=\"wp-image-1189\" title=\"Ambiance chaleureuse et festive pendant la soir\u00e9e de mariage\" srcset=\"https:\/\/www.les-photos-de-mon-mariage.fr\/blog\/wp-content\/uploads\/2025\/09\/Mariage-CoralieClement-427-1024x683.jpg 1024w, https:\/\/www.les-photos-de-mon-mariage.fr\/blog\/wp-content\/uploads\/2025\/09\/Mariage-CoralieClement-427-300x200.jpg 300w, https:\/\/www.les-photos-de-mon-mariage.fr\/blog\/wp-content\/uploads\/2025\/09\/Mariage-CoralieClement-427-768x512.jpg 768w, https:\/\/www.les-photos-de-mon-mariage.fr\/blog\/wp-content\/uploads\/2025\/09\/Mariage-CoralieClement-427-1536x1025.jpg 1536w, https:\/\/www.les-photos-de-mon-mariage.fr\/blog\/wp-content\/uploads\/2025\/09\/Mariage-CoralieClement-427-2048x1366.jpg 2048w, https:\/\/www.les-photos-de-mon-mariage.fr\/blog\/wp-content\/uploads\/2025\/09\/Mariage-CoralieClement-427-800x534.jpg 800w, https:\/\/www.les-photos-de-mon-mariage.fr\/blog\/wp-content\/uploads\/2025\/09\/Mariage-CoralieClement-427-1200x800.jpg 1200w\" sizes=\"auto, (max-width: 1024px) 100vw, 1024px\" \/><\/figure>\n\n\n\n<figure class=\"wp-block-image size-large\"><img loading=\"lazy\" decoding=\"async\" width=\"1024\" height=\"683\" data-id=\"1188\" src=\"https:\/\/www.les-photos-de-mon-mariage.fr\/blog\/wp-content\/uploads\/2025\/09\/Mariage-CoralieClement-430-1024x683.jpg\" alt=\"\" class=\"wp-image-1188\" title=\"Premi\u00e8re danse des mari\u00e9s \u2013 ambiance festive\" srcset=\"https:\/\/www.les-photos-de-mon-mariage.fr\/blog\/wp-content\/uploads\/2025\/09\/Mariage-CoralieClement-430-1024x683.jpg 1024w, https:\/\/www.les-photos-de-mon-mariage.fr\/blog\/wp-content\/uploads\/2025\/09\/Mariage-CoralieClement-430-300x200.jpg 300w, https:\/\/www.les-photos-de-mon-mariage.fr\/blog\/wp-content\/uploads\/2025\/09\/Mariage-CoralieClement-430-768x512.jpg 768w, https:\/\/www.les-photos-de-mon-mariage.fr\/blog\/wp-content\/uploads\/2025\/09\/Mariage-CoralieClement-430-1536x1025.jpg 1536w, https:\/\/www.les-photos-de-mon-mariage.fr\/blog\/wp-content\/uploads\/2025\/09\/Mariage-CoralieClement-430-2048x1366.jpg 2048w, https:\/\/www.les-photos-de-mon-mariage.fr\/blog\/wp-content\/uploads\/2025\/09\/Mariage-CoralieClement-430-800x534.jpg 800w, https:\/\/www.les-photos-de-mon-mariage.fr\/blog\/wp-content\/uploads\/2025\/09\/Mariage-CoralieClement-430-1200x800.jpg 1200w\" sizes=\"auto, (max-width: 1024px) 100vw, 1024px\" \/><\/figure>\n\n\n\n<figure class=\"wp-block-image size-large\"><img loading=\"lazy\" decoding=\"async\" width=\"1024\" height=\"683\" data-id=\"1192\" src=\"https:\/\/www.les-photos-de-mon-mariage.fr\/blog\/wp-content\/uploads\/2025\/09\/Mariage-CoralieClement-386-1024x683.jpg\" alt=\"\" class=\"wp-image-1192\" title=\"Reportage photo de mariage intime et authentique\" srcset=\"https:\/\/www.les-photos-de-mon-mariage.fr\/blog\/wp-content\/uploads\/2025\/09\/Mariage-CoralieClement-386-1024x683.jpg 1024w, https:\/\/www.les-photos-de-mon-mariage.fr\/blog\/wp-content\/uploads\/2025\/09\/Mariage-CoralieClement-386-300x200.jpg 300w, https:\/\/www.les-photos-de-mon-mariage.fr\/blog\/wp-content\/uploads\/2025\/09\/Mariage-CoralieClement-386-768x512.jpg 768w, https:\/\/www.les-photos-de-mon-mariage.fr\/blog\/wp-content\/uploads\/2025\/09\/Mariage-CoralieClement-386-1536x1024.jpg 1536w, https:\/\/www.les-photos-de-mon-mariage.fr\/blog\/wp-content\/uploads\/2025\/09\/Mariage-CoralieClement-386-2048x1366.jpg 2048w, https:\/\/www.les-photos-de-mon-mariage.fr\/blog\/wp-content\/uploads\/2025\/09\/Mariage-CoralieClement-386-800x534.jpg 800w, https:\/\/www.les-photos-de-mon-mariage.fr\/blog\/wp-content\/uploads\/2025\/09\/Mariage-CoralieClement-386-1200x800.jpg 1200w\" sizes=\"auto, (max-width: 1024px) 100vw, 1024px\" \/><\/figure>\n\n\n\n<figure class=\"wp-block-image size-large\"><img loading=\"lazy\" decoding=\"async\" width=\"1024\" height=\"683\" data-id=\"1193\" src=\"https:\/\/www.les-photos-de-mon-mariage.fr\/blog\/wp-content\/uploads\/2025\/09\/Mariage-CoralieClement-398-1024x683.jpg\" alt=\"\" class=\"wp-image-1193\" title=\"Instant complice entre les mari\u00e9s capt\u00e9 sur le vif\" srcset=\"https:\/\/www.les-photos-de-mon-mariage.fr\/blog\/wp-content\/uploads\/2025\/09\/Mariage-CoralieClement-398-1024x683.jpg 1024w, https:\/\/www.les-photos-de-mon-mariage.fr\/blog\/wp-content\/uploads\/2025\/09\/Mariage-CoralieClement-398-300x200.jpg 300w, https:\/\/www.les-photos-de-mon-mariage.fr\/blog\/wp-content\/uploads\/2025\/09\/Mariage-CoralieClement-398-768x512.jpg 768w, https:\/\/www.les-photos-de-mon-mariage.fr\/blog\/wp-content\/uploads\/2025\/09\/Mariage-CoralieClement-398-1536x1025.jpg 1536w, https:\/\/www.les-photos-de-mon-mariage.fr\/blog\/wp-content\/uploads\/2025\/09\/Mariage-CoralieClement-398-2048x1366.jpg 2048w, https:\/\/www.les-photos-de-mon-mariage.fr\/blog\/wp-content\/uploads\/2025\/09\/Mariage-CoralieClement-398-800x534.jpg 800w, https:\/\/www.les-photos-de-mon-mariage.fr\/blog\/wp-content\/uploads\/2025\/09\/Mariage-CoralieClement-398-1200x800.jpg 1200w\" sizes=\"auto, (max-width: 1024px) 100vw, 1024px\" \/><\/figure>\n<\/figure>\n","protected":false},"excerpt":{"rendered":"<p>Bonjour \u00e0 toutes et \u00e0 tous ! J\u2019ai eu le plaisir d\u2019accompagner Coralie et Cl\u00e9ment lors de leur mariage, c\u00e9l\u00e9br\u00e9 le 15 septembre 2025\u2026 Une journ\u00e9e \u00e0 leur image : simple, chaleureuse, et profond\u00e9ment authentique. Ce qui m\u2019a particuli\u00e8rement marqu\u00e9, c\u2019est ce moment suspendu entre Coralie et son papa, juste avant la c\u00e9r\u00e9monie : un \u00e9change rempli d\u2019\u00e9motion, de tendresse et de fiert\u00e9. Des instants &hellip; <a href=\"https:\/\/www.les-photos-de-mon-mariage.fr\/blog\/mariage-de-coralie-et-clement\/\" class=\"more-link\">Continue reading <span class=\"screen-reader-text\">Mariage de Coralie et Cl\u00e9ment<\/span> <span class=\"meta-nav\">&raquo;<\/span><\/a><\/p>\n","protected":false},"author":1,"featured_media":0,"comment_status":"closed","ping_status":"open","sticky":false,"template":"","format":"standard","meta":{"footnotes":""},"categories":[4],"tags":[],"class_list":["post-1179","post","type-post","status-publish","format-standard","hentry","category-mariages"],"yoast_head":"<!-- This site is optimized with the Yoast SEO plugin v27.5 - https:\/\/yoast.com\/product\/yoast-seo-wordpress\/ -->\n<title>Mariage de Coralie et Cl\u00e9ment - Le blog d&#039;un photographe mariage<\/title>\n<meta name=\"robots\" content=\"index, follow, max-snippet:-1, max-image-preview:large, max-video-preview:-1\" \/>\n<link rel=\"canonical\" href=\"https:\/\/www.les-photos-de-mon-mariage.fr\/blog\/mariage-de-coralie-et-clement\/\" \/>\n<meta property=\"og:locale\" content=\"fr_FR\" \/>\n<meta property=\"og:type\" content=\"article\" \/>\n<meta property=\"og:title\" content=\"Mariage de Coralie et Cl\u00e9ment - Le blog d&#039;un photographe mariage\" \/>\n<meta property=\"og:description\" content=\"Bonjour \u00e0 toutes et \u00e0 tous ! J\u2019ai eu le plaisir d\u2019accompagner Coralie et Cl\u00e9ment lors de leur mariage, c\u00e9l\u00e9br\u00e9 le 15 septembre 2025\u2026 Une journ\u00e9e \u00e0 leur image : simple, chaleureuse, et profond\u00e9ment authentique. Ce qui m\u2019a particuli\u00e8rement marqu\u00e9, c\u2019est ce moment suspendu entre Coralie et son papa, juste avant la c\u00e9r\u00e9monie : un \u00e9change rempli d\u2019\u00e9motion, de tendresse et de fiert\u00e9. Des instants &hellip; Continue reading Mariage de Coralie et Cl\u00e9ment &raquo;\" \/>\n<meta property=\"og:url\" content=\"https:\/\/www.les-photos-de-mon-mariage.fr\/blog\/mariage-de-coralie-et-clement\/\" \/>\n<meta property=\"og:site_name\" content=\"Le blog d&#039;un photographe mariage\" \/>\n<meta property=\"article:publisher\" content=\"https:\/\/www.facebook.com\/thomas.lamart\/\" \/>\n<meta property=\"article:author\" content=\"https:\/\/www.facebook.com\/thomas.lamart\/\" \/>\n<meta property=\"article:published_time\" content=\"2025-09-18T18:19:01+00:00\" \/>\n<meta property=\"article:modified_time\" content=\"2025-09-18T18:19:02+00:00\" \/>\n<meta property=\"og:image\" content=\"https:\/\/www.les-photos-de-mon-mariage.fr\/blog\/wp-content\/uploads\/2025\/09\/Mariage-CoralieClement-33-1-scaled.jpg\" \/>\n\t<meta property=\"og:image:width\" content=\"2560\" \/>\n\t<meta property=\"og:image:height\" content=\"1707\" \/>\n\t<meta property=\"og:image:type\" content=\"image\/jpeg\" \/>\n<meta name=\"author\" content=\"Thomas\" \/>\n<meta name=\"twitter:card\" content=\"summary_large_image\" \/>\n<meta name=\"twitter:label1\" content=\"\u00c9crit par\" \/>\n\t<meta name=\"twitter:data1\" content=\"Thomas\" \/>\n\t<meta name=\"twitter:label2\" content=\"Dur\u00e9e de lecture estim\u00e9e\" \/>\n\t<meta name=\"twitter:data2\" content=\"4 minutes\" \/>\n<script type=\"application\/ld+json\" class=\"yoast-schema-graph\">{\"@context\":\"https:\\\/\\\/schema.org\",\"@graph\":[{\"@type\":\"Article\",\"@id\":\"https:\\\/\\\/www.les-photos-de-mon-mariage.fr\\\/blog\\\/mariage-de-coralie-et-clement\\\/#article\",\"isPartOf\":{\"@id\":\"https:\\\/\\\/www.les-photos-de-mon-mariage.fr\\\/blog\\\/mariage-de-coralie-et-clement\\\/\"},\"author\":{\"name\":\"Thomas\",\"@id\":\"https:\\\/\\\/www.les-photos-de-mon-mariage.fr\\\/blog\\\/#\\\/schema\\\/person\\\/e311f978808719b066047d2ca870eed7\"},\"headline\":\"Mariage de Coralie et Cl\u00e9ment\",\"datePublished\":\"2025-09-18T18:19:01+00:00\",\"dateModified\":\"2025-09-18T18:19:02+00:00\",\"mainEntityOfPage\":{\"@id\":\"https:\\\/\\\/www.les-photos-de-mon-mariage.fr\\\/blog\\\/mariage-de-coralie-et-clement\\\/\"},\"wordCount\":231,\"publisher\":{\"@id\":\"https:\\\/\\\/www.les-photos-de-mon-mariage.fr\\\/blog\\\/#\\\/schema\\\/person\\\/e311f978808719b066047d2ca870eed7\"},\"image\":{\"@id\":\"https:\\\/\\\/www.les-photos-de-mon-mariage.fr\\\/blog\\\/mariage-de-coralie-et-clement\\\/#primaryimage\"},\"thumbnailUrl\":\"https:\\\/\\\/www.les-photos-de-mon-mariage.fr\\\/blog\\\/wp-content\\\/uploads\\\/2025\\\/09\\\/Mariage-CoralieClement-33-1-1024x683.jpg\",\"articleSection\":[\"mariages\"],\"inLanguage\":\"fr-FR\"},{\"@type\":\"WebPage\",\"@id\":\"https:\\\/\\\/www.les-photos-de-mon-mariage.fr\\\/blog\\\/mariage-de-coralie-et-clement\\\/\",\"url\":\"https:\\\/\\\/www.les-photos-de-mon-mariage.fr\\\/blog\\\/mariage-de-coralie-et-clement\\\/\",\"name\":\"Mariage de Coralie et Cl\u00e9ment - Le blog d&#039;un photographe mariage\",\"isPartOf\":{\"@id\":\"https:\\\/\\\/www.les-photos-de-mon-mariage.fr\\\/blog\\\/#website\"},\"primaryImageOfPage\":{\"@id\":\"https:\\\/\\\/www.les-photos-de-mon-mariage.fr\\\/blog\\\/mariage-de-coralie-et-clement\\\/#primaryimage\"},\"image\":{\"@id\":\"https:\\\/\\\/www.les-photos-de-mon-mariage.fr\\\/blog\\\/mariage-de-coralie-et-clement\\\/#primaryimage\"},\"thumbnailUrl\":\"https:\\\/\\\/www.les-photos-de-mon-mariage.fr\\\/blog\\\/wp-content\\\/uploads\\\/2025\\\/09\\\/Mariage-CoralieClement-33-1-1024x683.jpg\",\"datePublished\":\"2025-09-18T18:19:01+00:00\",\"dateModified\":\"2025-09-18T18:19:02+00:00\",\"breadcrumb\":{\"@id\":\"https:\\\/\\\/www.les-photos-de-mon-mariage.fr\\\/blog\\\/mariage-de-coralie-et-clement\\\/#breadcrumb\"},\"inLanguage\":\"fr-FR\",\"potentialAction\":[{\"@type\":\"ReadAction\",\"target\":[\"https:\\\/\\\/www.les-photos-de-mon-mariage.fr\\\/blog\\\/mariage-de-coralie-et-clement\\\/\"]}]},{\"@type\":\"ImageObject\",\"inLanguage\":\"fr-FR\",\"@id\":\"https:\\\/\\\/www.les-photos-de-mon-mariage.fr\\\/blog\\\/mariage-de-coralie-et-clement\\\/#primaryimage\",\"url\":\"https:\\\/\\\/www.les-photos-de-mon-mariage.fr\\\/blog\\\/wp-content\\\/uploads\\\/2025\\\/09\\\/Mariage-CoralieClement-33-1-scaled.jpg\",\"contentUrl\":\"https:\\\/\\\/www.les-photos-de-mon-mariage.fr\\\/blog\\\/wp-content\\\/uploads\\\/2025\\\/09\\\/Mariage-CoralieClement-33-1-scaled.jpg\",\"width\":2560,\"height\":1707},{\"@type\":\"BreadcrumbList\",\"@id\":\"https:\\\/\\\/www.les-photos-de-mon-mariage.fr\\\/blog\\\/mariage-de-coralie-et-clement\\\/#breadcrumb\",\"itemListElement\":[{\"@type\":\"ListItem\",\"position\":1,\"name\":\"Accueil\",\"item\":\"https:\\\/\\\/www.les-photos-de-mon-mariage.fr\\\/blog\\\/\"},{\"@type\":\"ListItem\",\"position\":2,\"name\":\"Mariage de Coralie et Cl\u00e9ment\"}]},{\"@type\":\"WebSite\",\"@id\":\"https:\\\/\\\/www.les-photos-de-mon-mariage.fr\\\/blog\\\/#website\",\"url\":\"https:\\\/\\\/www.les-photos-de-mon-mariage.fr\\\/blog\\\/\",\"name\":\"Le blog d'un photographe mariage\",\"description\":\"Thomas Lamart | Votre photographe mariage en Seine-et-marne\",\"publisher\":{\"@id\":\"https:\\\/\\\/www.les-photos-de-mon-mariage.fr\\\/blog\\\/#\\\/schema\\\/person\\\/e311f978808719b066047d2ca870eed7\"},\"potentialAction\":[{\"@type\":\"SearchAction\",\"target\":{\"@type\":\"EntryPoint\",\"urlTemplate\":\"https:\\\/\\\/www.les-photos-de-mon-mariage.fr\\\/blog\\\/?s={search_term_string}\"},\"query-input\":{\"@type\":\"PropertyValueSpecification\",\"valueRequired\":true,\"valueName\":\"search_term_string\"}}],\"inLanguage\":\"fr-FR\"},{\"@type\":[\"Person\",\"Organization\"],\"@id\":\"https:\\\/\\\/www.les-photos-de-mon-mariage.fr\\\/blog\\\/#\\\/schema\\\/person\\\/e311f978808719b066047d2ca870eed7\",\"name\":\"Thomas\",\"image\":{\"@type\":\"ImageObject\",\"inLanguage\":\"fr-FR\",\"@id\":\"https:\\\/\\\/www.les-photos-de-mon-mariage.fr\\\/blog\\\/wp-content\\\/uploads\\\/2024\\\/03\\\/accueil.jpg\",\"url\":\"https:\\\/\\\/www.les-photos-de-mon-mariage.fr\\\/blog\\\/wp-content\\\/uploads\\\/2024\\\/03\\\/accueil.jpg\",\"contentUrl\":\"https:\\\/\\\/www.les-photos-de-mon-mariage.fr\\\/blog\\\/wp-content\\\/uploads\\\/2024\\\/03\\\/accueil.jpg\",\"width\":700,\"height\":489,\"caption\":\"Thomas\"},\"logo\":{\"@id\":\"https:\\\/\\\/www.les-photos-de-mon-mariage.fr\\\/blog\\\/wp-content\\\/uploads\\\/2024\\\/03\\\/accueil.jpg\"},\"sameAs\":[\"https:\\\/\\\/www.les-photos-de-mon-mariage.fr\",\"https:\\\/\\\/www.facebook.com\\\/thomas.lamart\\\/\",\"https:\\\/\\\/www.instagram.com\\\/les.photos.de.mon.mariage\\\/\"],\"url\":\"https:\\\/\\\/www.les-photos-de-mon-mariage.fr\\\/blog\\\/author\\\/thomasadmin\\\/\"}]}<\/script>\n<!-- \/ Yoast SEO plugin. -->","yoast_head_json":{"title":"Mariage de Coralie et Cl\u00e9ment - Le blog d&#039;un photographe mariage","robots":{"index":"index","follow":"follow","max-snippet":"max-snippet:-1","max-image-preview":"max-image-preview:large","max-video-preview":"max-video-preview:-1"},"canonical":"https:\/\/www.les-photos-de-mon-mariage.fr\/blog\/mariage-de-coralie-et-clement\/","og_locale":"fr_FR","og_type":"article","og_title":"Mariage de Coralie et Cl\u00e9ment - Le blog d&#039;un photographe mariage","og_description":"Bonjour \u00e0 toutes et \u00e0 tous ! J\u2019ai eu le plaisir d\u2019accompagner Coralie et Cl\u00e9ment lors de leur mariage, c\u00e9l\u00e9br\u00e9 le 15 septembre 2025\u2026 Une journ\u00e9e \u00e0 leur image : simple, chaleureuse, et profond\u00e9ment authentique. Ce qui m\u2019a particuli\u00e8rement marqu\u00e9, c\u2019est ce moment suspendu entre Coralie et son papa, juste avant la c\u00e9r\u00e9monie : un \u00e9change rempli d\u2019\u00e9motion, de tendresse et de fiert\u00e9. Des instants &hellip; Continue reading Mariage de Coralie et Cl\u00e9ment &raquo;","og_url":"https:\/\/www.les-photos-de-mon-mariage.fr\/blog\/mariage-de-coralie-et-clement\/","og_site_name":"Le blog d&#039;un photographe mariage","article_publisher":"https:\/\/www.facebook.com\/thomas.lamart\/","article_author":"https:\/\/www.facebook.com\/thomas.lamart\/","article_published_time":"2025-09-18T18:19:01+00:00","article_modified_time":"2025-09-18T18:19:02+00:00","og_image":[{"width":2560,"height":1707,"url":"https:\/\/www.les-photos-de-mon-mariage.fr\/blog\/wp-content\/uploads\/2025\/09\/Mariage-CoralieClement-33-1-scaled.jpg","type":"image\/jpeg"}],"author":"Thomas","twitter_card":"summary_large_image","twitter_misc":{"\u00c9crit par":"Thomas","Dur\u00e9e de lecture estim\u00e9e":"4 minutes"},"schema":{"@context":"https:\/\/schema.org","@graph":[{"@type":"Article","@id":"https:\/\/www.les-photos-de-mon-mariage.fr\/blog\/mariage-de-coralie-et-clement\/#article","isPartOf":{"@id":"https:\/\/www.les-photos-de-mon-mariage.fr\/blog\/mariage-de-coralie-et-clement\/"},"author":{"name":"Thomas","@id":"https:\/\/www.les-photos-de-mon-mariage.fr\/blog\/#\/schema\/person\/e311f978808719b066047d2ca870eed7"},"headline":"Mariage de Coralie et Cl\u00e9ment","datePublished":"2025-09-18T18:19:01+00:00","dateModified":"2025-09-18T18:19:02+00:00","mainEntityOfPage":{"@id":"https:\/\/www.les-photos-de-mon-mariage.fr\/blog\/mariage-de-coralie-et-clement\/"},"wordCount":231,"publisher":{"@id":"https:\/\/www.les-photos-de-mon-mariage.fr\/blog\/#\/schema\/person\/e311f978808719b066047d2ca870eed7"},"image":{"@id":"https:\/\/www.les-photos-de-mon-mariage.fr\/blog\/mariage-de-coralie-et-clement\/#primaryimage"},"thumbnailUrl":"https:\/\/www.les-photos-de-mon-mariage.fr\/blog\/wp-content\/uploads\/2025\/09\/Mariage-CoralieClement-33-1-1024x683.jpg","articleSection":["mariages"],"inLanguage":"fr-FR"},{"@type":"WebPage","@id":"https:\/\/www.les-photos-de-mon-mariage.fr\/blog\/mariage-de-coralie-et-clement\/","url":"https:\/\/www.les-photos-de-mon-mariage.fr\/blog\/mariage-de-coralie-et-clement\/","name":"Mariage de Coralie et Cl\u00e9ment - Le blog d&#039;un photographe mariage","isPartOf":{"@id":"https:\/\/www.les-photos-de-mon-mariage.fr\/blog\/#website"},"primaryImageOfPage":{"@id":"https:\/\/www.les-photos-de-mon-mariage.fr\/blog\/mariage-de-coralie-et-clement\/#primaryimage"},"image":{"@id":"https:\/\/www.les-photos-de-mon-mariage.fr\/blog\/mariage-de-coralie-et-clement\/#primaryimage"},"thumbnailUrl":"https:\/\/www.les-photos-de-mon-mariage.fr\/blog\/wp-content\/uploads\/2025\/09\/Mariage-CoralieClement-33-1-1024x683.jpg","datePublished":"2025-09-18T18:19:01+00:00","dateModified":"2025-09-18T18:19:02+00:00","breadcrumb":{"@id":"https:\/\/www.les-photos-de-mon-mariage.fr\/blog\/mariage-de-coralie-et-clement\/#breadcrumb"},"inLanguage":"fr-FR","potentialAction":[{"@type":"ReadAction","target":["https:\/\/www.les-photos-de-mon-mariage.fr\/blog\/mariage-de-coralie-et-clement\/"]}]},{"@type":"ImageObject","inLanguage":"fr-FR","@id":"https:\/\/www.les-photos-de-mon-mariage.fr\/blog\/mariage-de-coralie-et-clement\/#primaryimage","url":"https:\/\/www.les-photos-de-mon-mariage.fr\/blog\/wp-content\/uploads\/2025\/09\/Mariage-CoralieClement-33-1-scaled.jpg","contentUrl":"https:\/\/www.les-photos-de-mon-mariage.fr\/blog\/wp-content\/uploads\/2025\/09\/Mariage-CoralieClement-33-1-scaled.jpg","width":2560,"height":1707},{"@type":"BreadcrumbList","@id":"https:\/\/www.les-photos-de-mon-mariage.fr\/blog\/mariage-de-coralie-et-clement\/#breadcrumb","itemListElement":[{"@type":"ListItem","position":1,"name":"Accueil","item":"https:\/\/www.les-photos-de-mon-mariage.fr\/blog\/"},{"@type":"ListItem","position":2,"name":"Mariage de Coralie et Cl\u00e9ment"}]},{"@type":"WebSite","@id":"https:\/\/www.les-photos-de-mon-mariage.fr\/blog\/#website","url":"https:\/\/www.les-photos-de-mon-mariage.fr\/blog\/","name":"Le blog d'un photographe mariage","description":"Thomas Lamart | Votre photographe mariage en Seine-et-marne","publisher":{"@id":"https:\/\/www.les-photos-de-mon-mariage.fr\/blog\/#\/schema\/person\/e311f978808719b066047d2ca870eed7"},"potentialAction":[{"@type":"SearchAction","target":{"@type":"EntryPoint","urlTemplate":"https:\/\/www.les-photos-de-mon-mariage.fr\/blog\/?s={search_term_string}"},"query-input":{"@type":"PropertyValueSpecification","valueRequired":true,"valueName":"search_term_string"}}],"inLanguage":"fr-FR"},{"@type":["Person","Organization"],"@id":"https:\/\/www.les-photos-de-mon-mariage.fr\/blog\/#\/schema\/person\/e311f978808719b066047d2ca870eed7","name":"Thomas","image":{"@type":"ImageObject","inLanguage":"fr-FR","@id":"https:\/\/www.les-photos-de-mon-mariage.fr\/blog\/wp-content\/uploads\/2024\/03\/accueil.jpg","url":"https:\/\/www.les-photos-de-mon-mariage.fr\/blog\/wp-content\/uploads\/2024\/03\/accueil.jpg","contentUrl":"https:\/\/www.les-photos-de-mon-mariage.fr\/blog\/wp-content\/uploads\/2024\/03\/accueil.jpg","width":700,"height":489,"caption":"Thomas"},"logo":{"@id":"https:\/\/www.les-photos-de-mon-mariage.fr\/blog\/wp-content\/uploads\/2024\/03\/accueil.jpg"},"sameAs":["https:\/\/www.les-photos-de-mon-mariage.fr","https:\/\/www.facebook.com\/thomas.lamart\/","https:\/\/www.instagram.com\/les.photos.de.mon.mariage\/"],"url":"https:\/\/www.les-photos-de-mon-mariage.fr\/blog\/author\/thomasadmin\/"}]}},"_links":{"self":[{"href":"https:\/\/www.les-photos-de-mon-mariage.fr\/blog\/wp-json\/wp\/v2\/posts\/1179","targetHints":{"allow":["GET"]}}],"collection":[{"href":"https:\/\/www.les-photos-de-mon-mariage.fr\/blog\/wp-json\/wp\/v2\/posts"}],"about":[{"href":"https:\/\/www.les-photos-de-mon-mariage.fr\/blog\/wp-json\/wp\/v2\/types\/post"}],"author":[{"embeddable":true,"href":"https:\/\/www.les-photos-de-mon-mariage.fr\/blog\/wp-json\/wp\/v2\/users\/1"}],"replies":[{"embeddable":true,"href":"https:\/\/www.les-photos-de-mon-mariage.fr\/blog\/wp-json\/wp\/v2\/comments?post=1179"}],"version-history":[{"count":1,"href":"https:\/\/www.les-photos-de-mon-mariage.fr\/blog\/wp-json\/wp\/v2\/posts\/1179\/revisions"}],"predecessor-version":[{"id":1194,"href":"https:\/\/www.les-photos-de-mon-mariage.fr\/blog\/wp-json\/wp\/v2\/posts\/1179\/revisions\/1194"}],"wp:attachment":[{"href":"https:\/\/www.les-photos-de-mon-mariage.fr\/blog\/wp-json\/wp\/v2\/media?parent=1179"}],"wp:term":[{"taxonomy":"category","embeddable":true,"href":"https:\/\/www.les-photos-de-mon-mariage.fr\/blog\/wp-json\/wp\/v2\/categories?post=1179"},{"taxonomy":"post_tag","embeddable":true,"href":"https:\/\/www.les-photos-de-mon-mariage.fr\/blog\/wp-json\/wp\/v2\/tags?post=1179"}],"curies":[{"name":"wp","href":"https:\/\/api.w.org\/{rel}","templated":true}]}}