{"id":144,"date":"2015-06-30T23:39:38","date_gmt":"2015-06-30T21:39:38","guid":{"rendered":"http:\/\/www.les-photos-de-mon-mariage.fr\/blog\/?p=144"},"modified":"2015-07-02T07:29:45","modified_gmt":"2015-07-02T05:29:45","slug":"le-post-traitement","status":"publish","type":"post","link":"https:\/\/www.les-photos-de-mon-mariage.fr\/blog\/le-post-traitement\/","title":{"rendered":"Le post-traitement"},"content":{"rendered":"<p><a href=\"http:\/\/www.les-photos-de-mon-mariage.fr\/blog\/wp-content\/uploads\/2015\/06\/post-traitement1.jpg\"><img loading=\"lazy\" decoding=\"async\" class=\"alignleft wp-image-223\" src=\"http:\/\/www.les-photos-de-mon-mariage.fr\/blog\/wp-content\/uploads\/2015\/06\/post-traitement1-300x200.jpg\" alt=\"\" width=\"390\" height=\"260\" srcset=\"https:\/\/www.les-photos-de-mon-mariage.fr\/blog\/wp-content\/uploads\/2015\/06\/post-traitement1-300x200.jpg 300w, https:\/\/www.les-photos-de-mon-mariage.fr\/blog\/wp-content\/uploads\/2015\/06\/post-traitement1-1024x683.jpg 1024w, https:\/\/www.les-photos-de-mon-mariage.fr\/blog\/wp-content\/uploads\/2015\/06\/post-traitement1-685x457.jpg 685w, https:\/\/www.les-photos-de-mon-mariage.fr\/blog\/wp-content\/uploads\/2015\/06\/post-traitement1.jpg 1350w\" sizes=\"auto, (max-width: 390px) 100vw, 390px\" \/><\/a>Bonjour \u00e0 tous,<\/p>\n<p style=\"text-align: justify;\">Aujourd&rsquo;hui je vous propose un article sur un tr\u00e8s vaste sujet : <span style=\"color: #999999;\"><strong>le post-traitement des photos sur ordinateur<\/strong> !<\/span><\/p>\n<p style=\"text-align: justify;\">L&rsquo;id\u00e9e n&rsquo;est pas ici de donner un cours complet de post-traitement mais plut\u00f4t d&rsquo;expliquer la d\u00e9marche de ce qui est &#8211; et de loin &#8211; l&rsquo;\u00e9tape la plus chronophage du travail de photographe mariage&#8230; Car oui, c&rsquo;est bel et bien avec une souris d&rsquo;ordinateur \u00e0 la main et non un appareil photo que le photographe (s\u00e9rieux) passe la plus grande partie de son temps de travail !<\/p>\n<p><!--more--><\/p>\n<p>&nbsp;<\/p>\n<p>&nbsp;<\/p>\n<h3 style=\"padding-left: 30px;\"><span style=\"color: #808080;\">Le post-traitement, une \u00e9tape indispensable<\/span><\/h3>\n<p>&nbsp;<\/p>\n<p style=\"text-align: justify;\">On pourrait s&rsquo;attendre \u00e0 ce qu&rsquo;un photographe mariage professionnel fasse des photos \u00ab\u00a0parfaites\u00a0\u00bb d\u00e8s la prise de vue&#8230; Il est cens\u00e9 avoir \u00ab\u00a0l&rsquo;oeil\u00a0\u00bb ainsi que du mat\u00e9riel au top&#8230; Mais c&rsquo;est loin d&rsquo;\u00eatre aussi simple.<\/p>\n<p style=\"text-align: justify;\">En effet, il faut savoir que, plus un appareil photo est \u00ab\u00a0grand public\u00a0\u00bb, plus celui-ci va effectuer lui m\u00eame toute une s\u00e9rie de traitement sur l&rsquo;image avant de l&rsquo;enregistrer sur la carte m\u00e9moire. Le r\u00e9sultat donne une photo assez flatteuse \u00e0 l\u2019\u0153il sans que l&rsquo;utilisateur n&rsquo;ait besoin de passer 15 minutes \u00e0 la retoucher sur ordinateur (ce qui correspond au souhait de la tr\u00e8s grande majorit\u00e9 des photographes amateurs).<\/p>\n<p style=\"text-align: justify;\">L\u2019appareil photo professionnel, lui, ne va que tr\u00e8s peu traiter ses fichiers, voir ne pas les traiter du tout (comme c&rsquo;est le cas lorsque l&rsquo;on utilise certains formats comme le format RAW). Ces photos sont donc plus \u00ab\u00a0plates\u00a0\u00bb et beaucoup moins flatteuses \u00e0 l\u2019\u0153il en sortie d&rsquo;appareil photo&#8230; Mais en contrepartie, vierges de tout traitement, la latitude offerte pour les retoucher est la plus grande possible : <span style=\"color: #999999;\"><strong>Il s&rsquo;agit donc ici de brider le moins possible la d\u00e9marche artistique du photographe !<\/strong><\/span><\/p>\n<p>&nbsp;<\/p>\n<p>&nbsp;<\/p>\n<h3 style=\"padding-left: 30px;\"><span style=\"color: #808080;\">Que permet cette \u00e9tape ?<\/span><\/h3>\n<p>&nbsp;<\/p>\n<p style=\"text-align: justify;\">Quand un photographe mariage vous parle de post-traitement, il ne faut pas s&rsquo;imaginer un travail de retouche modifiant l&rsquo;apparence corporel des sujets (affinage de silhouette, remodelage de nez&#8230;). Non, il ne s&rsquo;agit pas ici de faire de la photo de votre Grande Tante prise durant le vin d&rsquo;honneur, la prochaine couverture du magazine Vogue ! \ud83d\ude09<\/p>\n<p style=\"text-align: justify;\">Il s&rsquo;agit plut\u00f4t de jouer de mani\u00e8re plus ou moins importante sur certaines caract\u00e9ristiques de l&rsquo;image pour la sublimer (contraste, luminosit\u00e9, saturation des couleurs, etc)&#8230;<\/p>\n<p style=\"text-align: justify;\">Mais aussi &#8211; et surtout &#8211; de lui faire raconter l&rsquo;histoire que l&rsquo;on veut lui faire raconter ! En effet, le \u00ab\u00a0conteur\u00a0\u00bb qu&rsquo;est le photographe est libre d&rsquo;influer sur cette histoire, m\u00eame apr\u00e8s la prise de vue, par un recadrage, par le choix de la couleur ou du noir et blanc, par la mise en valeur de tel ou tel d\u00e9tail, etc&#8230;<\/p>\n<p>&nbsp;<\/p>\n<p>&nbsp;<\/p>\n<h3 style=\"padding-left: 30px;\"><span style=\"color: #999999;\">Ma d\u00e9marche<\/span><\/h3>\n<p>&nbsp;<\/p>\n<p style=\"text-align: justify;\">Je travaille avec un <strong><span style=\"color: #808080;\"><span style=\"color: #999999;\">Canon 5D mark III<\/span><\/span><\/strong>, un appareil photo professionnel tr\u00e8s r\u00e9put\u00e9 pour la qualit\u00e9 de son capteur plein format et une s\u00e9rie d&rsquo;optiques pro de la m\u00eame marque&#8230;.<\/p>\n<p style=\"text-align: justify;\">Pour les raisons expliqu\u00e9es ci-dessus, j&rsquo;ai choisi d&rsquo;enregistrer mes photos au format RAW. Ce fichier, compos\u00e9 de donn\u00e9es \u00ab\u00a0brutes\u00a0\u00bb issues du capteur de l&rsquo;appareil photo, n&rsquo;est pas encore une \u00ab\u00a0image\u00a0\u00bb \u00e0 proprement parl\u00e9. En effet, une \u00e9tape de \u00ab\u00a0d\u00e9veloppement\u00a0\u00bb est n\u00e9cessaire avant de pouvoir visualiser la photo et donc de s&rsquo;attaquer \u00e0 l&rsquo;\u00e9tape de post-traitement.<\/p>\n<p style=\"text-align: justify;\">Le terme de \u00ab\u00a0d\u00e9veloppement\u00a0\u00bb est commun avec une \u00e9tape tout aussi indispensable du travail en argentique&#8230; Mais heureusement, c\u00f4t\u00e9 num\u00e9rique, celle-ci est beaucoup moins fastidieuse : Les derniers logiciels permettent d\u2019effectuer cette \u00e9tape en deux clics ! (Je d\u00e9veloppe moi m\u00eame mes films argentiques et je vous assure que c&rsquo;est un autre travail ! \ud83d\ude42 ).<\/p>\n<p style=\"text-align: justify;\">J&rsquo;effectue mes d\u00e9veloppements et post-traitements sur un logiciel pl\u00e9biscit\u00e9 par les professionnels et les amateurs confirm\u00e9s : <span style=\"color: #999999;\"><strong>LightRoom 5 d&rsquo;Adobe Photoshop<\/strong> <\/span>qui r\u00e9pond \u00e0 95% de mes besoins&#8230; Et si ce logiciel permet d&rsquo;automatiser une s\u00e9rie de t\u00e2ches, je pr\u00e9f\u00e8re m&rsquo;occuper de chaque photo individuellement pour assurer un r\u00e9sultat optimal !<\/p>\n<div id=\"attachment_231\" style=\"width: 695px\" class=\"wp-caption aligncenter\"><a href=\"http:\/\/www.les-photos-de-mon-mariage.fr\/blog\/wp-content\/uploads\/2015\/06\/lightroom.jpg\"><img loading=\"lazy\" decoding=\"async\" aria-describedby=\"caption-attachment-231\" class=\"wp-image-231 size-large\" src=\"http:\/\/www.les-photos-de-mon-mariage.fr\/blog\/wp-content\/uploads\/2015\/06\/lightroom-1024x307.jpg\" alt=\"Lightroom5\" width=\"685\" height=\"205\" srcset=\"https:\/\/www.les-photos-de-mon-mariage.fr\/blog\/wp-content\/uploads\/2015\/06\/lightroom-1024x307.jpg 1024w, https:\/\/www.les-photos-de-mon-mariage.fr\/blog\/wp-content\/uploads\/2015\/06\/lightroom-300x90.jpg 300w, https:\/\/www.les-photos-de-mon-mariage.fr\/blog\/wp-content\/uploads\/2015\/06\/lightroom-685x206.jpg 685w\" sizes=\"auto, (max-width: 685px) 100vw, 685px\" \/><\/a><p id=\"caption-attachment-231\" class=\"wp-caption-text\">Petit aper\u00e7u des deux fen\u00eatres principales de Lightroom5 o\u00f9 n&rsquo;est visible qu&rsquo;une toute petite partie des param\u00e8tres modifiables (\u00e0 droite).<\/p><\/div>\n<p>&nbsp;<\/p>\n<p style=\"text-align: justify;\">Comme je vous l&rsquo;ai indiqu\u00e9 en pr\u00e9ambule, cet article n&rsquo;a pas la pr\u00e9tention de donner un cours de post-traitement&#8230; Mais voici tout de m\u00eame deux exemples comment\u00e9s pour illustrer cette \u00e9tape&#8230;<\/p>\n<p>&nbsp;<\/p>\n<p style=\"text-align: justify;\"><span style=\"text-decoration: underline;\"><span style=\"color: #808080;\"><strong>Exemple 1<\/strong><\/span><\/span> : Voici une photo r\u00e9alis\u00e9e en mode \u00ab\u00a0reportage\u00a0\u00bb lors d&rsquo;un de mes derniers mariages&#8230; D\u00e8s la prise de vue, j&rsquo;avais en t\u00eate d&rsquo;effectuer un recadrage carr\u00e9, format que j&rsquo;affectionne particuli\u00e8rement&#8230;<\/p>\n<div id=\"attachment_163\" style=\"width: 460px\" class=\"wp-caption aligncenter\"><a href=\"http:\/\/www.les-photos-de-mon-mariage.fr\/blog\/wp-content\/uploads\/2015\/06\/01.jpg\"><img loading=\"lazy\" decoding=\"async\" aria-describedby=\"caption-attachment-163\" class=\"wp-image-163\" src=\"http:\/\/www.les-photos-de-mon-mariage.fr\/blog\/wp-content\/uploads\/2015\/06\/01-300x200.jpg\" alt=\"robin-01\" width=\"450\" height=\"300\" srcset=\"https:\/\/www.les-photos-de-mon-mariage.fr\/blog\/wp-content\/uploads\/2015\/06\/01-300x200.jpg 300w, https:\/\/www.les-photos-de-mon-mariage.fr\/blog\/wp-content\/uploads\/2015\/06\/01-1024x683.jpg 1024w, https:\/\/www.les-photos-de-mon-mariage.fr\/blog\/wp-content\/uploads\/2015\/06\/01-685x457.jpg 685w, https:\/\/www.les-photos-de-mon-mariage.fr\/blog\/wp-content\/uploads\/2015\/06\/01.jpg 1350w\" sizes=\"auto, (max-width: 450px) 100vw, 450px\" \/><\/a><p id=\"caption-attachment-163\" class=\"wp-caption-text\">photo brute<\/p><\/div>\n<p style=\"text-align: justify;\">En plus de ce fameux recadrage, quelques r\u00e9glages sur la lumi\u00e8re (luminosit\u00e9, contraste, clart\u00e9&#8230;) ont \u00e9t\u00e9 les premi\u00e8res manipulations effectu\u00e9es sur cette photo&#8230; Les plus observateurs d&rsquo;entre vous auront aussi remarqu\u00e9 que j&rsquo;ai \u00ab\u00a0nettoy\u00e9\u00a0\u00bb le veston du gar\u00e7on des taches de liquide \u00e0 bulle ! Il \u00e9tait tout \u00e0 fait possible de les laisser et d&rsquo;en faire un \u00e9l\u00e9ment de l&rsquo;histoire racont\u00e9e par cette photo&#8230; Mais ce n&rsquo;est pas le choix que j&rsquo;ai retenu !<\/p>\n<p>&nbsp;<\/p>\n<div id=\"attachment_164\" style=\"width: 310px\" class=\"wp-caption aligncenter\"><a href=\"http:\/\/www.les-photos-de-mon-mariage.fr\/blog\/wp-content\/uploads\/2015\/06\/02.jpg\"><img loading=\"lazy\" decoding=\"async\" aria-describedby=\"caption-attachment-164\" class=\"wp-image-164 size-medium\" src=\"http:\/\/www.les-photos-de-mon-mariage.fr\/blog\/wp-content\/uploads\/2015\/06\/02-300x300.jpg\" alt=\"robin-02\" width=\"300\" height=\"300\" srcset=\"https:\/\/www.les-photos-de-mon-mariage.fr\/blog\/wp-content\/uploads\/2015\/06\/02-300x300.jpg 300w, https:\/\/www.les-photos-de-mon-mariage.fr\/blog\/wp-content\/uploads\/2015\/06\/02-685x685.jpg 685w, https:\/\/www.les-photos-de-mon-mariage.fr\/blog\/wp-content\/uploads\/2015\/06\/02.jpg 900w\" sizes=\"auto, (max-width: 300px) 100vw, 300px\" \/><\/a><p id=\"caption-attachment-164\" class=\"wp-caption-text\">photo recadr\u00e9e et retouch\u00e9e<\/p><\/div>\n<p style=\"text-align: justify;\">C&rsquo;est tr\u00e8s naturellement, au cours du post-traitement, que l&rsquo;option du noir et blanc est devenu une \u00e9vidence pour moi&#8230; (Je ne rentrerai pas dans les d\u00e9tails des r\u00e9glages \u00e0 appliquer pour passer d&rsquo;une photo couleur \u00e0 une photo noir et blanc. La \u00ab\u00a0simple\u00a0\u00bb d\u00e9saturation des couleurs n&rsquo;est pas suffisante : l&rsquo;histogramme est \u00e0 retravailler pour obtenir de vrais blancs, de vrais noirs et une jolie nuance de gris).<\/p>\n<p>&nbsp;<\/p>\n<div id=\"attachment_165\" style=\"width: 310px\" class=\"wp-caption aligncenter\"><a href=\"http:\/\/www.les-photos-de-mon-mariage.fr\/blog\/wp-content\/uploads\/2015\/06\/03.jpg\"><img loading=\"lazy\" decoding=\"async\" aria-describedby=\"caption-attachment-165\" class=\"size-medium wp-image-165\" src=\"http:\/\/www.les-photos-de-mon-mariage.fr\/blog\/wp-content\/uploads\/2015\/06\/03-300x300.jpg\" alt=\"photo finale\" width=\"300\" height=\"300\" srcset=\"https:\/\/www.les-photos-de-mon-mariage.fr\/blog\/wp-content\/uploads\/2015\/06\/03-300x300.jpg 300w, https:\/\/www.les-photos-de-mon-mariage.fr\/blog\/wp-content\/uploads\/2015\/06\/03-685x685.jpg 685w, https:\/\/www.les-photos-de-mon-mariage.fr\/blog\/wp-content\/uploads\/2015\/06\/03.jpg 900w\" sizes=\"auto, (max-width: 300px) 100vw, 300px\" \/><\/a><p id=\"caption-attachment-165\" class=\"wp-caption-text\">photo finale<\/p><\/div>\n<p style=\"text-align: justify;\">Il est \u00e0 noter que le travail sur LightRoom est \u00ab\u00a0non destructif\u00a0\u00bb : cela signifie qu&rsquo;aucune information de l&rsquo;image n&rsquo;est perdue au cours du post-traitement&#8230; il est donc toujours possible, \u00e0 partir d&rsquo;une photo noir et blanc, de revenir \u00e0 une photo couleur !<\/p>\n<p>&nbsp;<\/p>\n<p style=\"text-align: justify;\"><span style=\"text-decoration: underline;\"><span style=\"color: #808080;\"><strong>Exemple 2<\/strong><\/span><\/span> : L\u00e0 encore il s&rsquo;agit une photo r\u00e9alis\u00e9e en mode \u00ab\u00a0reportage\u00a0\u00bb lors d&rsquo;un de mes derniers mariages : l&rsquo;accueil des invit\u00e9s par les futurs mari\u00e9s, juste avant la C\u00e9r\u00e9monie \u00e0 la Mairie&#8230;<\/p>\n<p>&nbsp;<\/p>\n<div id=\"attachment_187\" style=\"width: 460px\" class=\"wp-caption aligncenter\"><a href=\"http:\/\/www.les-photos-de-mon-mariage.fr\/blog\/wp-content\/uploads\/2015\/06\/post-traitement-1.jpg\"><img loading=\"lazy\" decoding=\"async\" aria-describedby=\"caption-attachment-187\" class=\"wp-image-187\" src=\"http:\/\/www.les-photos-de-mon-mariage.fr\/blog\/wp-content\/uploads\/2015\/06\/post-traitement-1-300x200.jpg\" alt=\"post-traitement-1\" width=\"450\" height=\"300\" srcset=\"https:\/\/www.les-photos-de-mon-mariage.fr\/blog\/wp-content\/uploads\/2015\/06\/post-traitement-1-300x200.jpg 300w, https:\/\/www.les-photos-de-mon-mariage.fr\/blog\/wp-content\/uploads\/2015\/06\/post-traitement-1-1024x683.jpg 1024w, https:\/\/www.les-photos-de-mon-mariage.fr\/blog\/wp-content\/uploads\/2015\/06\/post-traitement-1-685x457.jpg 685w, https:\/\/www.les-photos-de-mon-mariage.fr\/blog\/wp-content\/uploads\/2015\/06\/post-traitement-1.jpg 1350w\" sizes=\"auto, (max-width: 450px) 100vw, 450px\" \/><\/a><p id=\"caption-attachment-187\" class=\"wp-caption-text\">photo brute<\/p><\/div>\n<p style=\"text-align: justify;\">J&rsquo;ai dans un premier temps effectu\u00e9 un l\u00e9ger recadrage pour sortir la silhouette pr\u00e9sente \u00e0 l&rsquo;extr\u00eame gauche du cadre de la photo (Elle n&rsquo;apporte absolument rien \u00e0 la composition contrairement aux trois personnes que l&rsquo;on devine regardant dans la m\u00eame direction)<\/p>\n<p>J&rsquo;ai ensuite jou\u00e9 sur l&rsquo;exposition, les contrastes, et les \u00ab\u00a0blancs\u00a0\u00bb tout en veillant \u00e0 ne pas \u00ab\u00a0br\u00fbler\u00a0\u00bb ces derniers (il s&rsquo;agit de garder le maximum de d\u00e9tail dans le blanc de la robe de la mari\u00e9e&#8230; \u00ab\u00a0Br\u00fbler\u00a0\u00bb cette robe et obtenir une zone de blanc uniforme est un des pi\u00e8ges classiques de la photo de mariage !).<\/p>\n<p>&nbsp;<\/p>\n<div id=\"attachment_188\" style=\"width: 460px\" class=\"wp-caption aligncenter\"><a href=\"http:\/\/www.les-photos-de-mon-mariage.fr\/blog\/wp-content\/uploads\/2015\/06\/post-traitement-2.jpg\"><img loading=\"lazy\" decoding=\"async\" aria-describedby=\"caption-attachment-188\" class=\"wp-image-188\" src=\"http:\/\/www.les-photos-de-mon-mariage.fr\/blog\/wp-content\/uploads\/2015\/06\/post-traitement-2-300x200.jpg\" alt=\"post-traitement-2\" width=\"450\" height=\"300\" srcset=\"https:\/\/www.les-photos-de-mon-mariage.fr\/blog\/wp-content\/uploads\/2015\/06\/post-traitement-2-300x200.jpg 300w, https:\/\/www.les-photos-de-mon-mariage.fr\/blog\/wp-content\/uploads\/2015\/06\/post-traitement-2-1024x683.jpg 1024w, https:\/\/www.les-photos-de-mon-mariage.fr\/blog\/wp-content\/uploads\/2015\/06\/post-traitement-2-685x457.jpg 685w, https:\/\/www.les-photos-de-mon-mariage.fr\/blog\/wp-content\/uploads\/2015\/06\/post-traitement-2.jpg 1350w\" sizes=\"auto, (max-width: 450px) 100vw, 450px\" \/><\/a><p id=\"caption-attachment-188\" class=\"wp-caption-text\">l\u00e9ger recadrage et r\u00e9glage de la lumi\u00e8re<\/p><\/div>\n<p style=\"text-align: justify;\">A l&rsquo;aide du pinceau de retouche, la saturation des couleurs a \u00e9t\u00e9 augment\u00e9e sur plusieurs zones pour donner un peu de \u00ab\u00a0peps\u00a0\u00bb \u00e0 l&rsquo;image&#8230;<\/p>\n<p>&nbsp;<\/p>\n<div id=\"attachment_189\" style=\"width: 460px\" class=\"wp-caption aligncenter\"><a href=\"http:\/\/www.les-photos-de-mon-mariage.fr\/blog\/wp-content\/uploads\/2015\/06\/post-traitement-3.jpg\"><img loading=\"lazy\" decoding=\"async\" aria-describedby=\"caption-attachment-189\" class=\"wp-image-189\" src=\"http:\/\/www.les-photos-de-mon-mariage.fr\/blog\/wp-content\/uploads\/2015\/06\/post-traitement-3-300x200.jpg\" alt=\"post-traitement-3\" width=\"450\" height=\"300\" srcset=\"https:\/\/www.les-photos-de-mon-mariage.fr\/blog\/wp-content\/uploads\/2015\/06\/post-traitement-3-300x200.jpg 300w, https:\/\/www.les-photos-de-mon-mariage.fr\/blog\/wp-content\/uploads\/2015\/06\/post-traitement-3-1024x683.jpg 1024w, https:\/\/www.les-photos-de-mon-mariage.fr\/blog\/wp-content\/uploads\/2015\/06\/post-traitement-3-685x457.jpg 685w, https:\/\/www.les-photos-de-mon-mariage.fr\/blog\/wp-content\/uploads\/2015\/06\/post-traitement-3.jpg 1350w\" sizes=\"auto, (max-width: 450px) 100vw, 450px\" \/><\/a><p id=\"caption-attachment-189\" class=\"wp-caption-text\">augmentation de la saturation des couleurs<\/p><\/div>\n<p style=\"text-align: justify;\">Et pour terminer, j&rsquo;ai effectu\u00e9 un travail de retouche tr\u00e8s localis\u00e9, sur la main droite de la mari\u00e9e&#8230; Celle-ci, en plus d&rsquo;\u00eatre \u00e0 l&rsquo;ombre du bouquet, pr\u00e9sentait une couleur l\u00e9g\u00e8rement verd\u00e2tre due au reflet de celui-ci&#8230; J&rsquo;ai donc jou\u00e9 sur l&rsquo;exposition, le contraste et surtout la teinte de cette zone pour gommer ce d\u00e9faut !<\/p>\n<p>&nbsp;<\/p>\n<div id=\"attachment_191\" style=\"width: 460px\" class=\"wp-caption aligncenter\"><a href=\"http:\/\/www.les-photos-de-mon-mariage.fr\/blog\/wp-content\/uploads\/2015\/06\/post-traitement-5.jpg\"><img loading=\"lazy\" decoding=\"async\" aria-describedby=\"caption-attachment-191\" class=\"wp-image-191\" src=\"http:\/\/www.les-photos-de-mon-mariage.fr\/blog\/wp-content\/uploads\/2015\/06\/post-traitement-5-300x200.jpg\" alt=\"post-traitement-4\" width=\"450\" height=\"300\" srcset=\"https:\/\/www.les-photos-de-mon-mariage.fr\/blog\/wp-content\/uploads\/2015\/06\/post-traitement-5-300x200.jpg 300w, https:\/\/www.les-photos-de-mon-mariage.fr\/blog\/wp-content\/uploads\/2015\/06\/post-traitement-5-1024x683.jpg 1024w, https:\/\/www.les-photos-de-mon-mariage.fr\/blog\/wp-content\/uploads\/2015\/06\/post-traitement-5-685x457.jpg 685w, https:\/\/www.les-photos-de-mon-mariage.fr\/blog\/wp-content\/uploads\/2015\/06\/post-traitement-5.jpg 1350w\" sizes=\"auto, (max-width: 450px) 100vw, 450px\" \/><\/a><p id=\"caption-attachment-191\" class=\"wp-caption-text\">travail localis\u00e9 sur la main sous le bouquet<\/p><\/div>\n<p>&nbsp;<\/p>\n<p>&nbsp;<\/p>\n<h3 style=\"padding-left: 30px;\">\u00a0<span style=\"color: #999999;\">Pour conclure<\/span><\/h3>\n<p>&nbsp;<\/p>\n<p>Vous l&rsquo;avez compris, le post-traitement est une \u00e9tape tr\u00e8s importante dans mon travail de photographe mariage&#8230;\u00a0 <span style=\"color: #999999;\"><strong>Le but est simple : fournir les meilleurs souvenirs photographiques possible aux personnes qui m&rsquo;ont accord\u00e9 leur confiance !<\/strong><\/span><\/p>\n<p style=\"text-align: justify;\">En guise de clin d\u2019\u0153il final (et pour tordre le cou \u00e0 une id\u00e9e assez r\u00e9pandue), il est bon de rappeler que le post-traitement des photos n&rsquo;est pas apparu avec le num\u00e9rique : Les tireurs argentiques effectuaient d\u00e9j\u00e0, en chambres noires, des manipulations tr\u00e8s fastidieuses pour tirer le meilleur de leurs n\u00e9gatifs&#8230; Filtres pour accentuer telle ou telle couleur, caches bricol\u00e9s pour effectuer des expositions diff\u00e9rentielles, etc&#8230;<\/p>\n<div id=\"attachment_196\" style=\"width: 630px\" class=\"wp-caption aligncenter\"><a href=\"http:\/\/www.les-photos-de-mon-mariage.fr\/blog\/wp-content\/uploads\/2015\/06\/James-Dean-par-Dennis-Stock.jpg\"><img loading=\"lazy\" decoding=\"async\" aria-describedby=\"caption-attachment-196\" class=\"wp-image-196 size-full\" src=\"http:\/\/www.les-photos-de-mon-mariage.fr\/blog\/wp-content\/uploads\/2015\/06\/James-Dean-par-Dennis-Stock.jpg\" alt=\"James Dean par Dennis Stock\" width=\"620\" height=\"407\" srcset=\"https:\/\/www.les-photos-de-mon-mariage.fr\/blog\/wp-content\/uploads\/2015\/06\/James-Dean-par-Dennis-Stock.jpg 620w, https:\/\/www.les-photos-de-mon-mariage.fr\/blog\/wp-content\/uploads\/2015\/06\/James-Dean-par-Dennis-Stock-300x197.jpg 300w\" sizes=\"auto, (max-width: 620px) 100vw, 620px\" \/><\/a><p id=\"caption-attachment-196\" class=\"wp-caption-text\">photo de James Dean \u00e0 Time Square (photographe : Dennis Stock \/ tireur : Pablo Inirio) A gauche, le pr\u00e9-tirage comprenant toutes les indications n\u00e9cessaires pour r\u00e9aliser le tirage final, \u00e0 droite&#8230;<\/p><\/div>\n<p style=\"text-align: center;\"><span style=\"color: #999999;\"><em>\u00a0<\/em><\/span><\/p>\n<p style=\"text-align: justify;\">J&rsquo;esp\u00e8re que ce petit article, qui ne fait que survoler le sujet du post-traitement, vous aura int\u00e9ress\u00e9 ! Si vous avez des questions \u00e0 ce sujet (ou sur d&rsquo;autres), n&rsquo;h\u00e9sitez pas \u00e0 me contacter ou \u00e0 poster un commentaire !<\/p>\n","protected":false},"excerpt":{"rendered":"<p>Bonjour \u00e0 tous, Aujourd&rsquo;hui je vous propose un article sur un tr\u00e8s vaste sujet : le post-traitement des photos sur ordinateur ! L&rsquo;id\u00e9e n&rsquo;est pas ici de donner un cours complet de post-traitement mais plut\u00f4t d&rsquo;expliquer la d\u00e9marche de ce qui est &#8211; et de loin &#8211; l&rsquo;\u00e9tape la plus chronophage du travail de photographe mariage&#8230; Car oui, c&rsquo;est bel et bien avec une souris &hellip; <a href=\"https:\/\/www.les-photos-de-mon-mariage.fr\/blog\/le-post-traitement\/\" class=\"more-link\">Continue reading <span class=\"screen-reader-text\">Le post-traitement<\/span> <span class=\"meta-nav\">&raquo;<\/span><\/a><\/p>\n","protected":false},"author":1,"featured_media":0,"comment_status":"open","ping_status":"open","sticky":false,"template":"","format":"standard","meta":{"footnotes":""},"categories":[8],"tags":[],"class_list":["post-144","post","type-post","status-publish","format-standard","hentry","category-technique-photo"],"yoast_head":"<!-- This site is optimized with the Yoast SEO plugin v27.5 - https:\/\/yoast.com\/product\/yoast-seo-wordpress\/ -->\n<title>Le post-traitement - Le blog d&#039;un photographe mariage<\/title>\n<meta name=\"robots\" content=\"index, follow, max-snippet:-1, max-image-preview:large, max-video-preview:-1\" \/>\n<link rel=\"canonical\" href=\"https:\/\/www.les-photos-de-mon-mariage.fr\/blog\/le-post-traitement\/\" \/>\n<meta property=\"og:locale\" content=\"fr_FR\" \/>\n<meta property=\"og:type\" content=\"article\" \/>\n<meta property=\"og:title\" content=\"Le post-traitement - Le blog d&#039;un photographe mariage\" \/>\n<meta property=\"og:description\" content=\"Bonjour \u00e0 tous, Aujourd&rsquo;hui je vous propose un article sur un tr\u00e8s vaste sujet : le post-traitement des photos sur ordinateur ! L&rsquo;id\u00e9e n&rsquo;est pas ici de donner un cours complet de post-traitement mais plut\u00f4t d&rsquo;expliquer la d\u00e9marche de ce qui est &#8211; et de loin &#8211; l&rsquo;\u00e9tape la plus chronophage du travail de photographe mariage&#8230; Car oui, c&rsquo;est bel et bien avec une souris &hellip; Continue reading Le post-traitement &raquo;\" \/>\n<meta property=\"og:url\" content=\"https:\/\/www.les-photos-de-mon-mariage.fr\/blog\/le-post-traitement\/\" \/>\n<meta property=\"og:site_name\" content=\"Le blog d&#039;un photographe mariage\" \/>\n<meta property=\"article:publisher\" content=\"https:\/\/www.facebook.com\/thomas.lamart\/\" \/>\n<meta property=\"article:author\" content=\"https:\/\/www.facebook.com\/thomas.lamart\/\" \/>\n<meta property=\"article:published_time\" content=\"2015-06-30T21:39:38+00:00\" \/>\n<meta property=\"article:modified_time\" content=\"2015-07-02T05:29:45+00:00\" \/>\n<meta property=\"og:image\" content=\"http:\/\/www.les-photos-de-mon-mariage.fr\/blog\/wp-content\/uploads\/2015\/06\/post-traitement1-300x200.jpg\" \/>\n<meta name=\"author\" content=\"Thomas\" \/>\n<meta name=\"twitter:card\" content=\"summary_large_image\" \/>\n<meta name=\"twitter:label1\" content=\"\u00c9crit par\" \/>\n\t<meta name=\"twitter:data1\" content=\"Thomas\" \/>\n\t<meta name=\"twitter:label2\" content=\"Dur\u00e9e de lecture estim\u00e9e\" \/>\n\t<meta name=\"twitter:data2\" content=\"7 minutes\" \/>\n<script type=\"application\/ld+json\" class=\"yoast-schema-graph\">{\"@context\":\"https:\\\/\\\/schema.org\",\"@graph\":[{\"@type\":\"Article\",\"@id\":\"https:\\\/\\\/www.les-photos-de-mon-mariage.fr\\\/blog\\\/le-post-traitement\\\/#article\",\"isPartOf\":{\"@id\":\"https:\\\/\\\/www.les-photos-de-mon-mariage.fr\\\/blog\\\/le-post-traitement\\\/\"},\"author\":{\"name\":\"Thomas\",\"@id\":\"https:\\\/\\\/www.les-photos-de-mon-mariage.fr\\\/blog\\\/#\\\/schema\\\/person\\\/e311f978808719b066047d2ca870eed7\"},\"headline\":\"Le post-traitement\",\"datePublished\":\"2015-06-30T21:39:38+00:00\",\"dateModified\":\"2015-07-02T05:29:45+00:00\",\"mainEntityOfPage\":{\"@id\":\"https:\\\/\\\/www.les-photos-de-mon-mariage.fr\\\/blog\\\/le-post-traitement\\\/\"},\"wordCount\":1530,\"commentCount\":0,\"publisher\":{\"@id\":\"https:\\\/\\\/www.les-photos-de-mon-mariage.fr\\\/blog\\\/#\\\/schema\\\/person\\\/e311f978808719b066047d2ca870eed7\"},\"image\":{\"@id\":\"https:\\\/\\\/www.les-photos-de-mon-mariage.fr\\\/blog\\\/le-post-traitement\\\/#primaryimage\"},\"thumbnailUrl\":\"http:\\\/\\\/www.les-photos-de-mon-mariage.fr\\\/blog\\\/wp-content\\\/uploads\\\/2015\\\/06\\\/post-traitement1-300x200.jpg\",\"articleSection\":[\"technique photo\"],\"inLanguage\":\"fr-FR\",\"potentialAction\":[{\"@type\":\"CommentAction\",\"name\":\"Comment\",\"target\":[\"https:\\\/\\\/www.les-photos-de-mon-mariage.fr\\\/blog\\\/le-post-traitement\\\/#respond\"]}]},{\"@type\":\"WebPage\",\"@id\":\"https:\\\/\\\/www.les-photos-de-mon-mariage.fr\\\/blog\\\/le-post-traitement\\\/\",\"url\":\"https:\\\/\\\/www.les-photos-de-mon-mariage.fr\\\/blog\\\/le-post-traitement\\\/\",\"name\":\"Le post-traitement - Le blog d&#039;un photographe mariage\",\"isPartOf\":{\"@id\":\"https:\\\/\\\/www.les-photos-de-mon-mariage.fr\\\/blog\\\/#website\"},\"primaryImageOfPage\":{\"@id\":\"https:\\\/\\\/www.les-photos-de-mon-mariage.fr\\\/blog\\\/le-post-traitement\\\/#primaryimage\"},\"image\":{\"@id\":\"https:\\\/\\\/www.les-photos-de-mon-mariage.fr\\\/blog\\\/le-post-traitement\\\/#primaryimage\"},\"thumbnailUrl\":\"http:\\\/\\\/www.les-photos-de-mon-mariage.fr\\\/blog\\\/wp-content\\\/uploads\\\/2015\\\/06\\\/post-traitement1-300x200.jpg\",\"datePublished\":\"2015-06-30T21:39:38+00:00\",\"dateModified\":\"2015-07-02T05:29:45+00:00\",\"breadcrumb\":{\"@id\":\"https:\\\/\\\/www.les-photos-de-mon-mariage.fr\\\/blog\\\/le-post-traitement\\\/#breadcrumb\"},\"inLanguage\":\"fr-FR\",\"potentialAction\":[{\"@type\":\"ReadAction\",\"target\":[\"https:\\\/\\\/www.les-photos-de-mon-mariage.fr\\\/blog\\\/le-post-traitement\\\/\"]}]},{\"@type\":\"ImageObject\",\"inLanguage\":\"fr-FR\",\"@id\":\"https:\\\/\\\/www.les-photos-de-mon-mariage.fr\\\/blog\\\/le-post-traitement\\\/#primaryimage\",\"url\":\"https:\\\/\\\/www.les-photos-de-mon-mariage.fr\\\/blog\\\/wp-content\\\/uploads\\\/2015\\\/06\\\/post-traitement1.jpg\",\"contentUrl\":\"https:\\\/\\\/www.les-photos-de-mon-mariage.fr\\\/blog\\\/wp-content\\\/uploads\\\/2015\\\/06\\\/post-traitement1.jpg\",\"width\":1350,\"height\":900},{\"@type\":\"BreadcrumbList\",\"@id\":\"https:\\\/\\\/www.les-photos-de-mon-mariage.fr\\\/blog\\\/le-post-traitement\\\/#breadcrumb\",\"itemListElement\":[{\"@type\":\"ListItem\",\"position\":1,\"name\":\"Accueil\",\"item\":\"https:\\\/\\\/www.les-photos-de-mon-mariage.fr\\\/blog\\\/\"},{\"@type\":\"ListItem\",\"position\":2,\"name\":\"Le post-traitement\"}]},{\"@type\":\"WebSite\",\"@id\":\"https:\\\/\\\/www.les-photos-de-mon-mariage.fr\\\/blog\\\/#website\",\"url\":\"https:\\\/\\\/www.les-photos-de-mon-mariage.fr\\\/blog\\\/\",\"name\":\"Le blog d'un photographe mariage\",\"description\":\"Thomas Lamart | Votre photographe mariage en Seine-et-marne\",\"publisher\":{\"@id\":\"https:\\\/\\\/www.les-photos-de-mon-mariage.fr\\\/blog\\\/#\\\/schema\\\/person\\\/e311f978808719b066047d2ca870eed7\"},\"potentialAction\":[{\"@type\":\"SearchAction\",\"target\":{\"@type\":\"EntryPoint\",\"urlTemplate\":\"https:\\\/\\\/www.les-photos-de-mon-mariage.fr\\\/blog\\\/?s={search_term_string}\"},\"query-input\":{\"@type\":\"PropertyValueSpecification\",\"valueRequired\":true,\"valueName\":\"search_term_string\"}}],\"inLanguage\":\"fr-FR\"},{\"@type\":[\"Person\",\"Organization\"],\"@id\":\"https:\\\/\\\/www.les-photos-de-mon-mariage.fr\\\/blog\\\/#\\\/schema\\\/person\\\/e311f978808719b066047d2ca870eed7\",\"name\":\"Thomas\",\"image\":{\"@type\":\"ImageObject\",\"inLanguage\":\"fr-FR\",\"@id\":\"https:\\\/\\\/www.les-photos-de-mon-mariage.fr\\\/blog\\\/wp-content\\\/uploads\\\/2024\\\/03\\\/accueil.jpg\",\"url\":\"https:\\\/\\\/www.les-photos-de-mon-mariage.fr\\\/blog\\\/wp-content\\\/uploads\\\/2024\\\/03\\\/accueil.jpg\",\"contentUrl\":\"https:\\\/\\\/www.les-photos-de-mon-mariage.fr\\\/blog\\\/wp-content\\\/uploads\\\/2024\\\/03\\\/accueil.jpg\",\"width\":700,\"height\":489,\"caption\":\"Thomas\"},\"logo\":{\"@id\":\"https:\\\/\\\/www.les-photos-de-mon-mariage.fr\\\/blog\\\/wp-content\\\/uploads\\\/2024\\\/03\\\/accueil.jpg\"},\"sameAs\":[\"https:\\\/\\\/www.les-photos-de-mon-mariage.fr\",\"https:\\\/\\\/www.facebook.com\\\/thomas.lamart\\\/\",\"https:\\\/\\\/www.instagram.com\\\/les.photos.de.mon.mariage\\\/\"],\"url\":\"https:\\\/\\\/www.les-photos-de-mon-mariage.fr\\\/blog\\\/author\\\/thomasadmin\\\/\"}]}<\/script>\n<!-- \/ Yoast SEO plugin. -->","yoast_head_json":{"title":"Le post-traitement - Le blog d&#039;un photographe mariage","robots":{"index":"index","follow":"follow","max-snippet":"max-snippet:-1","max-image-preview":"max-image-preview:large","max-video-preview":"max-video-preview:-1"},"canonical":"https:\/\/www.les-photos-de-mon-mariage.fr\/blog\/le-post-traitement\/","og_locale":"fr_FR","og_type":"article","og_title":"Le post-traitement - Le blog d&#039;un photographe mariage","og_description":"Bonjour \u00e0 tous, Aujourd&rsquo;hui je vous propose un article sur un tr\u00e8s vaste sujet : le post-traitement des photos sur ordinateur ! L&rsquo;id\u00e9e n&rsquo;est pas ici de donner un cours complet de post-traitement mais plut\u00f4t d&rsquo;expliquer la d\u00e9marche de ce qui est &#8211; et de loin &#8211; l&rsquo;\u00e9tape la plus chronophage du travail de photographe mariage&#8230; Car oui, c&rsquo;est bel et bien avec une souris &hellip; Continue reading Le post-traitement &raquo;","og_url":"https:\/\/www.les-photos-de-mon-mariage.fr\/blog\/le-post-traitement\/","og_site_name":"Le blog d&#039;un photographe mariage","article_publisher":"https:\/\/www.facebook.com\/thomas.lamart\/","article_author":"https:\/\/www.facebook.com\/thomas.lamart\/","article_published_time":"2015-06-30T21:39:38+00:00","article_modified_time":"2015-07-02T05:29:45+00:00","og_image":[{"url":"http:\/\/www.les-photos-de-mon-mariage.fr\/blog\/wp-content\/uploads\/2015\/06\/post-traitement1-300x200.jpg","type":"","width":"","height":""}],"author":"Thomas","twitter_card":"summary_large_image","twitter_misc":{"\u00c9crit par":"Thomas","Dur\u00e9e de lecture estim\u00e9e":"7 minutes"},"schema":{"@context":"https:\/\/schema.org","@graph":[{"@type":"Article","@id":"https:\/\/www.les-photos-de-mon-mariage.fr\/blog\/le-post-traitement\/#article","isPartOf":{"@id":"https:\/\/www.les-photos-de-mon-mariage.fr\/blog\/le-post-traitement\/"},"author":{"name":"Thomas","@id":"https:\/\/www.les-photos-de-mon-mariage.fr\/blog\/#\/schema\/person\/e311f978808719b066047d2ca870eed7"},"headline":"Le post-traitement","datePublished":"2015-06-30T21:39:38+00:00","dateModified":"2015-07-02T05:29:45+00:00","mainEntityOfPage":{"@id":"https:\/\/www.les-photos-de-mon-mariage.fr\/blog\/le-post-traitement\/"},"wordCount":1530,"commentCount":0,"publisher":{"@id":"https:\/\/www.les-photos-de-mon-mariage.fr\/blog\/#\/schema\/person\/e311f978808719b066047d2ca870eed7"},"image":{"@id":"https:\/\/www.les-photos-de-mon-mariage.fr\/blog\/le-post-traitement\/#primaryimage"},"thumbnailUrl":"http:\/\/www.les-photos-de-mon-mariage.fr\/blog\/wp-content\/uploads\/2015\/06\/post-traitement1-300x200.jpg","articleSection":["technique photo"],"inLanguage":"fr-FR","potentialAction":[{"@type":"CommentAction","name":"Comment","target":["https:\/\/www.les-photos-de-mon-mariage.fr\/blog\/le-post-traitement\/#respond"]}]},{"@type":"WebPage","@id":"https:\/\/www.les-photos-de-mon-mariage.fr\/blog\/le-post-traitement\/","url":"https:\/\/www.les-photos-de-mon-mariage.fr\/blog\/le-post-traitement\/","name":"Le post-traitement - Le blog d&#039;un photographe mariage","isPartOf":{"@id":"https:\/\/www.les-photos-de-mon-mariage.fr\/blog\/#website"},"primaryImageOfPage":{"@id":"https:\/\/www.les-photos-de-mon-mariage.fr\/blog\/le-post-traitement\/#primaryimage"},"image":{"@id":"https:\/\/www.les-photos-de-mon-mariage.fr\/blog\/le-post-traitement\/#primaryimage"},"thumbnailUrl":"http:\/\/www.les-photos-de-mon-mariage.fr\/blog\/wp-content\/uploads\/2015\/06\/post-traitement1-300x200.jpg","datePublished":"2015-06-30T21:39:38+00:00","dateModified":"2015-07-02T05:29:45+00:00","breadcrumb":{"@id":"https:\/\/www.les-photos-de-mon-mariage.fr\/blog\/le-post-traitement\/#breadcrumb"},"inLanguage":"fr-FR","potentialAction":[{"@type":"ReadAction","target":["https:\/\/www.les-photos-de-mon-mariage.fr\/blog\/le-post-traitement\/"]}]},{"@type":"ImageObject","inLanguage":"fr-FR","@id":"https:\/\/www.les-photos-de-mon-mariage.fr\/blog\/le-post-traitement\/#primaryimage","url":"https:\/\/www.les-photos-de-mon-mariage.fr\/blog\/wp-content\/uploads\/2015\/06\/post-traitement1.jpg","contentUrl":"https:\/\/www.les-photos-de-mon-mariage.fr\/blog\/wp-content\/uploads\/2015\/06\/post-traitement1.jpg","width":1350,"height":900},{"@type":"BreadcrumbList","@id":"https:\/\/www.les-photos-de-mon-mariage.fr\/blog\/le-post-traitement\/#breadcrumb","itemListElement":[{"@type":"ListItem","position":1,"name":"Accueil","item":"https:\/\/www.les-photos-de-mon-mariage.fr\/blog\/"},{"@type":"ListItem","position":2,"name":"Le post-traitement"}]},{"@type":"WebSite","@id":"https:\/\/www.les-photos-de-mon-mariage.fr\/blog\/#website","url":"https:\/\/www.les-photos-de-mon-mariage.fr\/blog\/","name":"Le blog d'un photographe mariage","description":"Thomas Lamart | Votre photographe mariage en Seine-et-marne","publisher":{"@id":"https:\/\/www.les-photos-de-mon-mariage.fr\/blog\/#\/schema\/person\/e311f978808719b066047d2ca870eed7"},"potentialAction":[{"@type":"SearchAction","target":{"@type":"EntryPoint","urlTemplate":"https:\/\/www.les-photos-de-mon-mariage.fr\/blog\/?s={search_term_string}"},"query-input":{"@type":"PropertyValueSpecification","valueRequired":true,"valueName":"search_term_string"}}],"inLanguage":"fr-FR"},{"@type":["Person","Organization"],"@id":"https:\/\/www.les-photos-de-mon-mariage.fr\/blog\/#\/schema\/person\/e311f978808719b066047d2ca870eed7","name":"Thomas","image":{"@type":"ImageObject","inLanguage":"fr-FR","@id":"https:\/\/www.les-photos-de-mon-mariage.fr\/blog\/wp-content\/uploads\/2024\/03\/accueil.jpg","url":"https:\/\/www.les-photos-de-mon-mariage.fr\/blog\/wp-content\/uploads\/2024\/03\/accueil.jpg","contentUrl":"https:\/\/www.les-photos-de-mon-mariage.fr\/blog\/wp-content\/uploads\/2024\/03\/accueil.jpg","width":700,"height":489,"caption":"Thomas"},"logo":{"@id":"https:\/\/www.les-photos-de-mon-mariage.fr\/blog\/wp-content\/uploads\/2024\/03\/accueil.jpg"},"sameAs":["https:\/\/www.les-photos-de-mon-mariage.fr","https:\/\/www.facebook.com\/thomas.lamart\/","https:\/\/www.instagram.com\/les.photos.de.mon.mariage\/"],"url":"https:\/\/www.les-photos-de-mon-mariage.fr\/blog\/author\/thomasadmin\/"}]}},"_links":{"self":[{"href":"https:\/\/www.les-photos-de-mon-mariage.fr\/blog\/wp-json\/wp\/v2\/posts\/144","targetHints":{"allow":["GET"]}}],"collection":[{"href":"https:\/\/www.les-photos-de-mon-mariage.fr\/blog\/wp-json\/wp\/v2\/posts"}],"about":[{"href":"https:\/\/www.les-photos-de-mon-mariage.fr\/blog\/wp-json\/wp\/v2\/types\/post"}],"author":[{"embeddable":true,"href":"https:\/\/www.les-photos-de-mon-mariage.fr\/blog\/wp-json\/wp\/v2\/users\/1"}],"replies":[{"embeddable":true,"href":"https:\/\/www.les-photos-de-mon-mariage.fr\/blog\/wp-json\/wp\/v2\/comments?post=144"}],"version-history":[{"count":81,"href":"https:\/\/www.les-photos-de-mon-mariage.fr\/blog\/wp-json\/wp\/v2\/posts\/144\/revisions"}],"predecessor-version":[{"id":240,"href":"https:\/\/www.les-photos-de-mon-mariage.fr\/blog\/wp-json\/wp\/v2\/posts\/144\/revisions\/240"}],"wp:attachment":[{"href":"https:\/\/www.les-photos-de-mon-mariage.fr\/blog\/wp-json\/wp\/v2\/media?parent=144"}],"wp:term":[{"taxonomy":"category","embeddable":true,"href":"https:\/\/www.les-photos-de-mon-mariage.fr\/blog\/wp-json\/wp\/v2\/categories?post=144"},{"taxonomy":"post_tag","embeddable":true,"href":"https:\/\/www.les-photos-de-mon-mariage.fr\/blog\/wp-json\/wp\/v2\/tags?post=144"}],"curies":[{"name":"wp","href":"https:\/\/api.w.org\/{rel}","templated":true}]}}