{"id":35,"date":"2015-05-03T22:34:39","date_gmt":"2015-05-03T20:34:39","guid":{"rendered":"http:\/\/www.les-photos-de-mon-mariage.fr\/blog\/?p=35"},"modified":"2015-06-27T10:29:04","modified_gmt":"2015-06-27T08:29:04","slug":"mariage-amelie-et-antoine","status":"publish","type":"post","link":"https:\/\/www.les-photos-de-mon-mariage.fr\/blog\/mariage-amelie-et-antoine\/","title":{"rendered":"Mariage d&rsquo;Am\u00e9lie et Antoine"},"content":{"rendered":"<p><a href=\"http:\/\/www.les-photos-de-mon-mariage.fr\/blog\/wp-content\/uploads\/2015\/05\/AmelieAntoine-80.jpg\"><img loading=\"lazy\" decoding=\"async\" class=\"alignleft wp-image-81\" src=\"http:\/\/www.les-photos-de-mon-mariage.fr\/blog\/wp-content\/uploads\/2015\/05\/AmelieAntoine-80-300x200.jpg\" alt=\"Amelie &amp; Antoine\" width=\"390\" height=\"260\" srcset=\"https:\/\/www.les-photos-de-mon-mariage.fr\/blog\/wp-content\/uploads\/2015\/05\/AmelieAntoine-80-300x200.jpg 300w, https:\/\/www.les-photos-de-mon-mariage.fr\/blog\/wp-content\/uploads\/2015\/05\/AmelieAntoine-80-1024x683.jpg 1024w, https:\/\/www.les-photos-de-mon-mariage.fr\/blog\/wp-content\/uploads\/2015\/05\/AmelieAntoine-80-685x457.jpg 685w, https:\/\/www.les-photos-de-mon-mariage.fr\/blog\/wp-content\/uploads\/2015\/05\/AmelieAntoine-80.jpg 1200w\" sizes=\"auto, (max-width: 390px) 100vw, 390px\" \/><\/a>J&rsquo;ai pass\u00e9 la journ\u00e9e d&rsquo;hier, samedi 02 mai, en compagnie d&rsquo;<strong>Am\u00e9lie et Antoine<\/strong> qui avaient choisi cette date pour se dire \u00ab\u00a0<strong>oui<\/strong>\u00ab\u00a0, entour\u00e9s de leurs familles et amis !<\/p>\n<p><!--more--><\/p>\n<p>Ce mariage s&rsquo;est d\u00e9roul\u00e9 proche d\u2019Amiens&#8230; et oui, je suis mobile et ne me limite pas uniquement \u00e0 \u00ab\u00a0ma\u00a0\u00bb seule Seine-et-marne&#8230; Tenez-vous le pour dit ! \ud83d\ude42<\/p>\n<p>Malgr\u00e9 un temps mitig\u00e9, ce fut une tr\u00e8s chouette journ\u00e9e, riche en \u00e9motion et en jolies photographies ! 99% d&rsquo;entre elles restent \u00e0 \u00eatre d\u00e9velopp\u00e9es mais en voici quelques-une pour illustrer ce billet.<\/p>\n<p>Merci encore \u00e0 Am\u00e9lie et Antoine pour leur confiance, tous mes v\u0153ux de bonheur \u00e0 eux !<\/p>\n<p>&nbsp;<\/p>\n<p>&nbsp;<\/p>\n<p><em><strong>ajout du 16\/05\/15 \u00e0 l&rsquo;intention des proches :<\/strong> Les photos sont pr\u00eates&#8230; La galerie web priv\u00e9e sera accessible d\u00e8s que les mari\u00e9s seront rentr\u00e9s de leur voyage&#8230; Normal qu&rsquo;ils aient la primeur du premier visionnage non ? Merci pour votre patience !<\/em> \ud83d\ude42<\/p>\n<p>&nbsp;<\/p>\n<p>&nbsp;<\/p>\n<p><a href=\"http:\/\/www.les-photos-de-mon-mariage.fr\/blog\/wp-content\/uploads\/2015\/05\/AmelieAntoine-137.jpg\"><img loading=\"lazy\" decoding=\"async\" class=\"alignnone wp-image-93 size-large\" src=\"http:\/\/www.les-photos-de-mon-mariage.fr\/blog\/wp-content\/uploads\/2015\/05\/AmelieAntoine-137-683x1024.jpg\" alt=\"Amelie &amp; Antoine 137\" width=\"683\" height=\"1024\" srcset=\"https:\/\/www.les-photos-de-mon-mariage.fr\/blog\/wp-content\/uploads\/2015\/05\/AmelieAntoine-137-683x1024.jpg 683w, https:\/\/www.les-photos-de-mon-mariage.fr\/blog\/wp-content\/uploads\/2015\/05\/AmelieAntoine-137-200x300.jpg 200w, https:\/\/www.les-photos-de-mon-mariage.fr\/blog\/wp-content\/uploads\/2015\/05\/AmelieAntoine-137-685x1028.jpg 685w, https:\/\/www.les-photos-de-mon-mariage.fr\/blog\/wp-content\/uploads\/2015\/05\/AmelieAntoine-137.jpg 800w\" sizes=\"auto, (max-width: 683px) 100vw, 683px\" \/><\/a>\u00a0\u00a0 <a href=\"http:\/\/www.les-photos-de-mon-mariage.fr\/blog\/wp-content\/uploads\/2015\/05\/AmelieAntoine-185.jpg\"><img loading=\"lazy\" decoding=\"async\" class=\"alignnone wp-image-91 size-large\" src=\"http:\/\/www.les-photos-de-mon-mariage.fr\/blog\/wp-content\/uploads\/2015\/05\/AmelieAntoine-185-1024x683.jpg\" alt=\"Amelie &amp; Antoine 185\" width=\"685\" height=\"457\" srcset=\"https:\/\/www.les-photos-de-mon-mariage.fr\/blog\/wp-content\/uploads\/2015\/05\/AmelieAntoine-185-1024x683.jpg 1024w, https:\/\/www.les-photos-de-mon-mariage.fr\/blog\/wp-content\/uploads\/2015\/05\/AmelieAntoine-185-300x200.jpg 300w, https:\/\/www.les-photos-de-mon-mariage.fr\/blog\/wp-content\/uploads\/2015\/05\/AmelieAntoine-185-685x457.jpg 685w, https:\/\/www.les-photos-de-mon-mariage.fr\/blog\/wp-content\/uploads\/2015\/05\/AmelieAntoine-185.jpg 1200w\" sizes=\"auto, (max-width: 685px) 100vw, 685px\" \/><\/a>\u00a0 <a href=\"http:\/\/www.les-photos-de-mon-mariage.fr\/blog\/wp-content\/uploads\/2015\/05\/AmelieAntoine-205.jpg\"> \u00a0 <\/a><a href=\"http:\/\/www.les-photos-de-mon-mariage.fr\/blog\/wp-content\/uploads\/2015\/05\/AmelieAntoine-205.jpg\"><img loading=\"lazy\" decoding=\"async\" class=\"alignnone wp-image-92 size-large\" src=\"http:\/\/www.les-photos-de-mon-mariage.fr\/blog\/wp-content\/uploads\/2015\/05\/AmelieAntoine-205-683x1024.jpg\" alt=\"Amelie &amp; Antoine 205\" width=\"683\" height=\"1024\" srcset=\"https:\/\/www.les-photos-de-mon-mariage.fr\/blog\/wp-content\/uploads\/2015\/05\/AmelieAntoine-205-683x1024.jpg 683w, https:\/\/www.les-photos-de-mon-mariage.fr\/blog\/wp-content\/uploads\/2015\/05\/AmelieAntoine-205-200x300.jpg 200w, https:\/\/www.les-photos-de-mon-mariage.fr\/blog\/wp-content\/uploads\/2015\/05\/AmelieAntoine-205-685x1028.jpg 685w, https:\/\/www.les-photos-de-mon-mariage.fr\/blog\/wp-content\/uploads\/2015\/05\/AmelieAntoine-205.jpg 800w\" sizes=\"auto, (max-width: 683px) 100vw, 683px\" \/><\/a><a href=\"http:\/\/www.les-photos-de-mon-mariage.fr\/blog\/wp-content\/uploads\/2015\/05\/AmelieAntoine-194.jpg\">\u00a0<\/a><a href=\"http:\/\/www.les-photos-de-mon-mariage.fr\/blog\/wp-content\/uploads\/2015\/05\/AmelieAntoine-194.jpg\"><img loading=\"lazy\" decoding=\"async\" class=\"alignnone wp-image-90 size-large\" src=\"http:\/\/www.les-photos-de-mon-mariage.fr\/blog\/wp-content\/uploads\/2015\/05\/AmelieAntoine-194-1024x683.jpg\" alt=\"Amelie &amp; Antoine 194\" width=\"685\" height=\"457\" srcset=\"https:\/\/www.les-photos-de-mon-mariage.fr\/blog\/wp-content\/uploads\/2015\/05\/AmelieAntoine-194-1024x683.jpg 1024w, https:\/\/www.les-photos-de-mon-mariage.fr\/blog\/wp-content\/uploads\/2015\/05\/AmelieAntoine-194-300x200.jpg 300w, https:\/\/www.les-photos-de-mon-mariage.fr\/blog\/wp-content\/uploads\/2015\/05\/AmelieAntoine-194-685x457.jpg 685w, https:\/\/www.les-photos-de-mon-mariage.fr\/blog\/wp-content\/uploads\/2015\/05\/AmelieAntoine-194.jpg 1200w\" sizes=\"auto, (max-width: 685px) 100vw, 685px\" \/><\/a> <a href=\"http:\/\/www.les-photos-de-mon-mariage.fr\/blog\/wp-content\/uploads\/2015\/05\/AmelieAntoine-186.jpg\"><img loading=\"lazy\" decoding=\"async\" class=\"alignnone wp-image-89 size-large\" src=\"http:\/\/www.les-photos-de-mon-mariage.fr\/blog\/wp-content\/uploads\/2015\/05\/AmelieAntoine-186-1024x683.jpg\" alt=\"Amelie &amp; Antoine 186\" width=\"685\" height=\"457\" srcset=\"https:\/\/www.les-photos-de-mon-mariage.fr\/blog\/wp-content\/uploads\/2015\/05\/AmelieAntoine-186-1024x683.jpg 1024w, https:\/\/www.les-photos-de-mon-mariage.fr\/blog\/wp-content\/uploads\/2015\/05\/AmelieAntoine-186-300x200.jpg 300w, https:\/\/www.les-photos-de-mon-mariage.fr\/blog\/wp-content\/uploads\/2015\/05\/AmelieAntoine-186-685x457.jpg 685w, https:\/\/www.les-photos-de-mon-mariage.fr\/blog\/wp-content\/uploads\/2015\/05\/AmelieAntoine-186.jpg 1200w\" sizes=\"auto, (max-width: 685px) 100vw, 685px\" \/><\/a><a href=\"http:\/\/www.les-photos-de-mon-mariage.fr\/blog\/wp-content\/uploads\/2015\/05\/AmelieAntoine-269.jpg\"><img loading=\"lazy\" decoding=\"async\" class=\"alignnone wp-image-94 size-large\" src=\"http:\/\/www.les-photos-de-mon-mariage.fr\/blog\/wp-content\/uploads\/2015\/05\/AmelieAntoine-269-1024x683.jpg\" alt=\"Amelie &amp; Antoine 269\" width=\"685\" height=\"457\" srcset=\"https:\/\/www.les-photos-de-mon-mariage.fr\/blog\/wp-content\/uploads\/2015\/05\/AmelieAntoine-269-1024x683.jpg 1024w, https:\/\/www.les-photos-de-mon-mariage.fr\/blog\/wp-content\/uploads\/2015\/05\/AmelieAntoine-269-300x200.jpg 300w, https:\/\/www.les-photos-de-mon-mariage.fr\/blog\/wp-content\/uploads\/2015\/05\/AmelieAntoine-269-685x457.jpg 685w, https:\/\/www.les-photos-de-mon-mariage.fr\/blog\/wp-content\/uploads\/2015\/05\/AmelieAntoine-269.jpg 1200w\" sizes=\"auto, (max-width: 685px) 100vw, 685px\" \/><\/a><\/p>\n","protected":false},"excerpt":{"rendered":"<p>J&rsquo;ai pass\u00e9 la journ\u00e9e d&rsquo;hier, samedi 02 mai, en compagnie d&rsquo;Am\u00e9lie et Antoine qui avaient choisi cette date pour se dire \u00ab\u00a0oui\u00ab\u00a0, entour\u00e9s de leurs familles et amis !<\/p>\n","protected":false},"author":1,"featured_media":0,"comment_status":"open","ping_status":"open","sticky":false,"template":"","format":"standard","meta":{"footnotes":""},"categories":[4],"tags":[],"class_list":["post-35","post","type-post","status-publish","format-standard","hentry","category-mariages"],"yoast_head":"<!-- This site is optimized with the Yoast SEO plugin v27.5 - https:\/\/yoast.com\/product\/yoast-seo-wordpress\/ -->\n<title>Mariage d&#039;Am\u00e9lie et Antoine - Le blog d&#039;un photographe mariage<\/title>\n<meta name=\"robots\" content=\"index, follow, max-snippet:-1, max-image-preview:large, max-video-preview:-1\" \/>\n<link rel=\"canonical\" href=\"https:\/\/www.les-photos-de-mon-mariage.fr\/blog\/mariage-amelie-et-antoine\/\" \/>\n<meta property=\"og:locale\" content=\"fr_FR\" \/>\n<meta property=\"og:type\" content=\"article\" \/>\n<meta property=\"og:title\" content=\"Mariage d&#039;Am\u00e9lie et Antoine - Le blog d&#039;un photographe mariage\" \/>\n<meta property=\"og:description\" content=\"J&rsquo;ai pass\u00e9 la journ\u00e9e d&rsquo;hier, samedi 02 mai, en compagnie d&rsquo;Am\u00e9lie et Antoine qui avaient choisi cette date pour se dire \u00ab\u00a0oui\u00ab\u00a0, entour\u00e9s de leurs familles et amis !\" \/>\n<meta property=\"og:url\" content=\"https:\/\/www.les-photos-de-mon-mariage.fr\/blog\/mariage-amelie-et-antoine\/\" \/>\n<meta property=\"og:site_name\" content=\"Le blog d&#039;un photographe mariage\" \/>\n<meta property=\"article:publisher\" content=\"https:\/\/www.facebook.com\/thomas.lamart\/\" \/>\n<meta property=\"article:author\" content=\"https:\/\/www.facebook.com\/thomas.lamart\/\" \/>\n<meta property=\"article:published_time\" content=\"2015-05-03T20:34:39+00:00\" \/>\n<meta property=\"article:modified_time\" content=\"2015-06-27T08:29:04+00:00\" \/>\n<meta property=\"og:image\" content=\"http:\/\/www.les-photos-de-mon-mariage.fr\/blog\/wp-content\/uploads\/2015\/05\/AmelieAntoine-80-300x200.jpg\" \/>\n<meta name=\"author\" content=\"Thomas\" \/>\n<meta name=\"twitter:card\" content=\"summary_large_image\" \/>\n<meta name=\"twitter:label1\" content=\"\u00c9crit par\" \/>\n\t<meta name=\"twitter:data1\" content=\"Thomas\" \/>\n\t<meta name=\"twitter:label2\" content=\"Dur\u00e9e de lecture estim\u00e9e\" \/>\n\t<meta name=\"twitter:data2\" content=\"1 minute\" \/>\n<script type=\"application\/ld+json\" class=\"yoast-schema-graph\">{\"@context\":\"https:\\\/\\\/schema.org\",\"@graph\":[{\"@type\":\"Article\",\"@id\":\"https:\\\/\\\/www.les-photos-de-mon-mariage.fr\\\/blog\\\/mariage-amelie-et-antoine\\\/#article\",\"isPartOf\":{\"@id\":\"https:\\\/\\\/www.les-photos-de-mon-mariage.fr\\\/blog\\\/mariage-amelie-et-antoine\\\/\"},\"author\":{\"name\":\"Thomas\",\"@id\":\"https:\\\/\\\/www.les-photos-de-mon-mariage.fr\\\/blog\\\/#\\\/schema\\\/person\\\/e311f978808719b066047d2ca870eed7\"},\"headline\":\"Mariage d&rsquo;Am\u00e9lie et Antoine\",\"datePublished\":\"2015-05-03T20:34:39+00:00\",\"dateModified\":\"2015-06-27T08:29:04+00:00\",\"mainEntityOfPage\":{\"@id\":\"https:\\\/\\\/www.les-photos-de-mon-mariage.fr\\\/blog\\\/mariage-amelie-et-antoine\\\/\"},\"wordCount\":165,\"commentCount\":0,\"publisher\":{\"@id\":\"https:\\\/\\\/www.les-photos-de-mon-mariage.fr\\\/blog\\\/#\\\/schema\\\/person\\\/e311f978808719b066047d2ca870eed7\"},\"image\":{\"@id\":\"https:\\\/\\\/www.les-photos-de-mon-mariage.fr\\\/blog\\\/mariage-amelie-et-antoine\\\/#primaryimage\"},\"thumbnailUrl\":\"http:\\\/\\\/www.les-photos-de-mon-mariage.fr\\\/blog\\\/wp-content\\\/uploads\\\/2015\\\/05\\\/AmelieAntoine-80-300x200.jpg\",\"articleSection\":[\"mariages\"],\"inLanguage\":\"fr-FR\",\"potentialAction\":[{\"@type\":\"CommentAction\",\"name\":\"Comment\",\"target\":[\"https:\\\/\\\/www.les-photos-de-mon-mariage.fr\\\/blog\\\/mariage-amelie-et-antoine\\\/#respond\"]}]},{\"@type\":\"WebPage\",\"@id\":\"https:\\\/\\\/www.les-photos-de-mon-mariage.fr\\\/blog\\\/mariage-amelie-et-antoine\\\/\",\"url\":\"https:\\\/\\\/www.les-photos-de-mon-mariage.fr\\\/blog\\\/mariage-amelie-et-antoine\\\/\",\"name\":\"Mariage d'Am\u00e9lie et Antoine - Le blog d&#039;un photographe mariage\",\"isPartOf\":{\"@id\":\"https:\\\/\\\/www.les-photos-de-mon-mariage.fr\\\/blog\\\/#website\"},\"primaryImageOfPage\":{\"@id\":\"https:\\\/\\\/www.les-photos-de-mon-mariage.fr\\\/blog\\\/mariage-amelie-et-antoine\\\/#primaryimage\"},\"image\":{\"@id\":\"https:\\\/\\\/www.les-photos-de-mon-mariage.fr\\\/blog\\\/mariage-amelie-et-antoine\\\/#primaryimage\"},\"thumbnailUrl\":\"http:\\\/\\\/www.les-photos-de-mon-mariage.fr\\\/blog\\\/wp-content\\\/uploads\\\/2015\\\/05\\\/AmelieAntoine-80-300x200.jpg\",\"datePublished\":\"2015-05-03T20:34:39+00:00\",\"dateModified\":\"2015-06-27T08:29:04+00:00\",\"breadcrumb\":{\"@id\":\"https:\\\/\\\/www.les-photos-de-mon-mariage.fr\\\/blog\\\/mariage-amelie-et-antoine\\\/#breadcrumb\"},\"inLanguage\":\"fr-FR\",\"potentialAction\":[{\"@type\":\"ReadAction\",\"target\":[\"https:\\\/\\\/www.les-photos-de-mon-mariage.fr\\\/blog\\\/mariage-amelie-et-antoine\\\/\"]}]},{\"@type\":\"ImageObject\",\"inLanguage\":\"fr-FR\",\"@id\":\"https:\\\/\\\/www.les-photos-de-mon-mariage.fr\\\/blog\\\/mariage-amelie-et-antoine\\\/#primaryimage\",\"url\":\"https:\\\/\\\/www.les-photos-de-mon-mariage.fr\\\/blog\\\/wp-content\\\/uploads\\\/2015\\\/05\\\/AmelieAntoine-80.jpg\",\"contentUrl\":\"https:\\\/\\\/www.les-photos-de-mon-mariage.fr\\\/blog\\\/wp-content\\\/uploads\\\/2015\\\/05\\\/AmelieAntoine-80.jpg\",\"width\":1200,\"height\":800},{\"@type\":\"BreadcrumbList\",\"@id\":\"https:\\\/\\\/www.les-photos-de-mon-mariage.fr\\\/blog\\\/mariage-amelie-et-antoine\\\/#breadcrumb\",\"itemListElement\":[{\"@type\":\"ListItem\",\"position\":1,\"name\":\"Accueil\",\"item\":\"https:\\\/\\\/www.les-photos-de-mon-mariage.fr\\\/blog\\\/\"},{\"@type\":\"ListItem\",\"position\":2,\"name\":\"Mariage d&rsquo;Am\u00e9lie et Antoine\"}]},{\"@type\":\"WebSite\",\"@id\":\"https:\\\/\\\/www.les-photos-de-mon-mariage.fr\\\/blog\\\/#website\",\"url\":\"https:\\\/\\\/www.les-photos-de-mon-mariage.fr\\\/blog\\\/\",\"name\":\"Le blog d'un photographe mariage\",\"description\":\"Thomas Lamart | Votre photographe mariage en Seine-et-marne\",\"publisher\":{\"@id\":\"https:\\\/\\\/www.les-photos-de-mon-mariage.fr\\\/blog\\\/#\\\/schema\\\/person\\\/e311f978808719b066047d2ca870eed7\"},\"potentialAction\":[{\"@type\":\"SearchAction\",\"target\":{\"@type\":\"EntryPoint\",\"urlTemplate\":\"https:\\\/\\\/www.les-photos-de-mon-mariage.fr\\\/blog\\\/?s={search_term_string}\"},\"query-input\":{\"@type\":\"PropertyValueSpecification\",\"valueRequired\":true,\"valueName\":\"search_term_string\"}}],\"inLanguage\":\"fr-FR\"},{\"@type\":[\"Person\",\"Organization\"],\"@id\":\"https:\\\/\\\/www.les-photos-de-mon-mariage.fr\\\/blog\\\/#\\\/schema\\\/person\\\/e311f978808719b066047d2ca870eed7\",\"name\":\"Thomas\",\"image\":{\"@type\":\"ImageObject\",\"inLanguage\":\"fr-FR\",\"@id\":\"https:\\\/\\\/www.les-photos-de-mon-mariage.fr\\\/blog\\\/wp-content\\\/uploads\\\/2024\\\/03\\\/accueil.jpg\",\"url\":\"https:\\\/\\\/www.les-photos-de-mon-mariage.fr\\\/blog\\\/wp-content\\\/uploads\\\/2024\\\/03\\\/accueil.jpg\",\"contentUrl\":\"https:\\\/\\\/www.les-photos-de-mon-mariage.fr\\\/blog\\\/wp-content\\\/uploads\\\/2024\\\/03\\\/accueil.jpg\",\"width\":700,\"height\":489,\"caption\":\"Thomas\"},\"logo\":{\"@id\":\"https:\\\/\\\/www.les-photos-de-mon-mariage.fr\\\/blog\\\/wp-content\\\/uploads\\\/2024\\\/03\\\/accueil.jpg\"},\"sameAs\":[\"https:\\\/\\\/www.les-photos-de-mon-mariage.fr\",\"https:\\\/\\\/www.facebook.com\\\/thomas.lamart\\\/\",\"https:\\\/\\\/www.instagram.com\\\/les.photos.de.mon.mariage\\\/\"],\"url\":\"https:\\\/\\\/www.les-photos-de-mon-mariage.fr\\\/blog\\\/author\\\/thomasadmin\\\/\"}]}<\/script>\n<!-- \/ Yoast SEO plugin. -->","yoast_head_json":{"title":"Mariage d'Am\u00e9lie et Antoine - Le blog d&#039;un photographe mariage","robots":{"index":"index","follow":"follow","max-snippet":"max-snippet:-1","max-image-preview":"max-image-preview:large","max-video-preview":"max-video-preview:-1"},"canonical":"https:\/\/www.les-photos-de-mon-mariage.fr\/blog\/mariage-amelie-et-antoine\/","og_locale":"fr_FR","og_type":"article","og_title":"Mariage d'Am\u00e9lie et Antoine - Le blog d&#039;un photographe mariage","og_description":"J&rsquo;ai pass\u00e9 la journ\u00e9e d&rsquo;hier, samedi 02 mai, en compagnie d&rsquo;Am\u00e9lie et Antoine qui avaient choisi cette date pour se dire \u00ab\u00a0oui\u00ab\u00a0, entour\u00e9s de leurs familles et amis !","og_url":"https:\/\/www.les-photos-de-mon-mariage.fr\/blog\/mariage-amelie-et-antoine\/","og_site_name":"Le blog d&#039;un photographe mariage","article_publisher":"https:\/\/www.facebook.com\/thomas.lamart\/","article_author":"https:\/\/www.facebook.com\/thomas.lamart\/","article_published_time":"2015-05-03T20:34:39+00:00","article_modified_time":"2015-06-27T08:29:04+00:00","og_image":[{"url":"http:\/\/www.les-photos-de-mon-mariage.fr\/blog\/wp-content\/uploads\/2015\/05\/AmelieAntoine-80-300x200.jpg","type":"","width":"","height":""}],"author":"Thomas","twitter_card":"summary_large_image","twitter_misc":{"\u00c9crit par":"Thomas","Dur\u00e9e de lecture estim\u00e9e":"1 minute"},"schema":{"@context":"https:\/\/schema.org","@graph":[{"@type":"Article","@id":"https:\/\/www.les-photos-de-mon-mariage.fr\/blog\/mariage-amelie-et-antoine\/#article","isPartOf":{"@id":"https:\/\/www.les-photos-de-mon-mariage.fr\/blog\/mariage-amelie-et-antoine\/"},"author":{"name":"Thomas","@id":"https:\/\/www.les-photos-de-mon-mariage.fr\/blog\/#\/schema\/person\/e311f978808719b066047d2ca870eed7"},"headline":"Mariage d&rsquo;Am\u00e9lie et Antoine","datePublished":"2015-05-03T20:34:39+00:00","dateModified":"2015-06-27T08:29:04+00:00","mainEntityOfPage":{"@id":"https:\/\/www.les-photos-de-mon-mariage.fr\/blog\/mariage-amelie-et-antoine\/"},"wordCount":165,"commentCount":0,"publisher":{"@id":"https:\/\/www.les-photos-de-mon-mariage.fr\/blog\/#\/schema\/person\/e311f978808719b066047d2ca870eed7"},"image":{"@id":"https:\/\/www.les-photos-de-mon-mariage.fr\/blog\/mariage-amelie-et-antoine\/#primaryimage"},"thumbnailUrl":"http:\/\/www.les-photos-de-mon-mariage.fr\/blog\/wp-content\/uploads\/2015\/05\/AmelieAntoine-80-300x200.jpg","articleSection":["mariages"],"inLanguage":"fr-FR","potentialAction":[{"@type":"CommentAction","name":"Comment","target":["https:\/\/www.les-photos-de-mon-mariage.fr\/blog\/mariage-amelie-et-antoine\/#respond"]}]},{"@type":"WebPage","@id":"https:\/\/www.les-photos-de-mon-mariage.fr\/blog\/mariage-amelie-et-antoine\/","url":"https:\/\/www.les-photos-de-mon-mariage.fr\/blog\/mariage-amelie-et-antoine\/","name":"Mariage d'Am\u00e9lie et Antoine - Le blog d&#039;un photographe mariage","isPartOf":{"@id":"https:\/\/www.les-photos-de-mon-mariage.fr\/blog\/#website"},"primaryImageOfPage":{"@id":"https:\/\/www.les-photos-de-mon-mariage.fr\/blog\/mariage-amelie-et-antoine\/#primaryimage"},"image":{"@id":"https:\/\/www.les-photos-de-mon-mariage.fr\/blog\/mariage-amelie-et-antoine\/#primaryimage"},"thumbnailUrl":"http:\/\/www.les-photos-de-mon-mariage.fr\/blog\/wp-content\/uploads\/2015\/05\/AmelieAntoine-80-300x200.jpg","datePublished":"2015-05-03T20:34:39+00:00","dateModified":"2015-06-27T08:29:04+00:00","breadcrumb":{"@id":"https:\/\/www.les-photos-de-mon-mariage.fr\/blog\/mariage-amelie-et-antoine\/#breadcrumb"},"inLanguage":"fr-FR","potentialAction":[{"@type":"ReadAction","target":["https:\/\/www.les-photos-de-mon-mariage.fr\/blog\/mariage-amelie-et-antoine\/"]}]},{"@type":"ImageObject","inLanguage":"fr-FR","@id":"https:\/\/www.les-photos-de-mon-mariage.fr\/blog\/mariage-amelie-et-antoine\/#primaryimage","url":"https:\/\/www.les-photos-de-mon-mariage.fr\/blog\/wp-content\/uploads\/2015\/05\/AmelieAntoine-80.jpg","contentUrl":"https:\/\/www.les-photos-de-mon-mariage.fr\/blog\/wp-content\/uploads\/2015\/05\/AmelieAntoine-80.jpg","width":1200,"height":800},{"@type":"BreadcrumbList","@id":"https:\/\/www.les-photos-de-mon-mariage.fr\/blog\/mariage-amelie-et-antoine\/#breadcrumb","itemListElement":[{"@type":"ListItem","position":1,"name":"Accueil","item":"https:\/\/www.les-photos-de-mon-mariage.fr\/blog\/"},{"@type":"ListItem","position":2,"name":"Mariage d&rsquo;Am\u00e9lie et Antoine"}]},{"@type":"WebSite","@id":"https:\/\/www.les-photos-de-mon-mariage.fr\/blog\/#website","url":"https:\/\/www.les-photos-de-mon-mariage.fr\/blog\/","name":"Le blog d'un photographe mariage","description":"Thomas Lamart | Votre photographe mariage en Seine-et-marne","publisher":{"@id":"https:\/\/www.les-photos-de-mon-mariage.fr\/blog\/#\/schema\/person\/e311f978808719b066047d2ca870eed7"},"potentialAction":[{"@type":"SearchAction","target":{"@type":"EntryPoint","urlTemplate":"https:\/\/www.les-photos-de-mon-mariage.fr\/blog\/?s={search_term_string}"},"query-input":{"@type":"PropertyValueSpecification","valueRequired":true,"valueName":"search_term_string"}}],"inLanguage":"fr-FR"},{"@type":["Person","Organization"],"@id":"https:\/\/www.les-photos-de-mon-mariage.fr\/blog\/#\/schema\/person\/e311f978808719b066047d2ca870eed7","name":"Thomas","image":{"@type":"ImageObject","inLanguage":"fr-FR","@id":"https:\/\/www.les-photos-de-mon-mariage.fr\/blog\/wp-content\/uploads\/2024\/03\/accueil.jpg","url":"https:\/\/www.les-photos-de-mon-mariage.fr\/blog\/wp-content\/uploads\/2024\/03\/accueil.jpg","contentUrl":"https:\/\/www.les-photos-de-mon-mariage.fr\/blog\/wp-content\/uploads\/2024\/03\/accueil.jpg","width":700,"height":489,"caption":"Thomas"},"logo":{"@id":"https:\/\/www.les-photos-de-mon-mariage.fr\/blog\/wp-content\/uploads\/2024\/03\/accueil.jpg"},"sameAs":["https:\/\/www.les-photos-de-mon-mariage.fr","https:\/\/www.facebook.com\/thomas.lamart\/","https:\/\/www.instagram.com\/les.photos.de.mon.mariage\/"],"url":"https:\/\/www.les-photos-de-mon-mariage.fr\/blog\/author\/thomasadmin\/"}]}},"_links":{"self":[{"href":"https:\/\/www.les-photos-de-mon-mariage.fr\/blog\/wp-json\/wp\/v2\/posts\/35","targetHints":{"allow":["GET"]}}],"collection":[{"href":"https:\/\/www.les-photos-de-mon-mariage.fr\/blog\/wp-json\/wp\/v2\/posts"}],"about":[{"href":"https:\/\/www.les-photos-de-mon-mariage.fr\/blog\/wp-json\/wp\/v2\/types\/post"}],"author":[{"embeddable":true,"href":"https:\/\/www.les-photos-de-mon-mariage.fr\/blog\/wp-json\/wp\/v2\/users\/1"}],"replies":[{"embeddable":true,"href":"https:\/\/www.les-photos-de-mon-mariage.fr\/blog\/wp-json\/wp\/v2\/comments?post=35"}],"version-history":[{"count":22,"href":"https:\/\/www.les-photos-de-mon-mariage.fr\/blog\/wp-json\/wp\/v2\/posts\/35\/revisions"}],"predecessor-version":[{"id":138,"href":"https:\/\/www.les-photos-de-mon-mariage.fr\/blog\/wp-json\/wp\/v2\/posts\/35\/revisions\/138"}],"wp:attachment":[{"href":"https:\/\/www.les-photos-de-mon-mariage.fr\/blog\/wp-json\/wp\/v2\/media?parent=35"}],"wp:term":[{"taxonomy":"category","embeddable":true,"href":"https:\/\/www.les-photos-de-mon-mariage.fr\/blog\/wp-json\/wp\/v2\/categories?post=35"},{"taxonomy":"post_tag","embeddable":true,"href":"https:\/\/www.les-photos-de-mon-mariage.fr\/blog\/wp-json\/wp\/v2\/tags?post=35"}],"curies":[{"name":"wp","href":"https:\/\/api.w.org\/{rel}","templated":true}]}}