{"id":58,"date":"2015-05-14T17:43:33","date_gmt":"2015-05-14T15:43:33","guid":{"rendered":"http:\/\/www.les-photos-de-mon-mariage.fr\/blog\/?p=58"},"modified":"2015-08-02T05:36:11","modified_gmt":"2015-08-02T03:36:11","slug":"projet-52","status":"publish","type":"post","link":"https:\/\/www.les-photos-de-mon-mariage.fr\/blog\/projet-52\/","title":{"rendered":"Projet 52"},"content":{"rendered":"<p><a href=\"http:\/\/www.les-photos-de-mon-mariage.fr\/blog\/wp-content\/uploads\/2015\/05\/dark.jpg\"><img loading=\"lazy\" decoding=\"async\" class=\"alignright wp-image-67\" src=\"http:\/\/www.les-photos-de-mon-mariage.fr\/blog\/wp-content\/uploads\/2015\/05\/dark-300x200.jpg\" alt=\"The wet side of the Force\" width=\"390\" height=\"260\" srcset=\"https:\/\/www.les-photos-de-mon-mariage.fr\/blog\/wp-content\/uploads\/2015\/05\/dark-300x200.jpg 300w, https:\/\/www.les-photos-de-mon-mariage.fr\/blog\/wp-content\/uploads\/2015\/05\/dark-1024x683.jpg 1024w, https:\/\/www.les-photos-de-mon-mariage.fr\/blog\/wp-content\/uploads\/2015\/05\/dark-685x457.jpg 685w, https:\/\/www.les-photos-de-mon-mariage.fr\/blog\/wp-content\/uploads\/2015\/05\/dark.jpg 1029w\" sizes=\"auto, (max-width: 390px) 100vw, 390px\" \/><\/a>S&rsquo;est achev\u00e9 il y a quelques semaines un petit challenge photographique entre amis : <strong>un projet 52<\/strong> !<\/p>\n<p>Trois passionn\u00e9s de photographie&#8230; 52 semaines&#8230; Une photo \u00e0 poster tous les dimanches sur un blog commun !<\/p>\n<p><!--more--><\/p>\n<p>Tr\u00e8s \u00e9loign\u00e9 de mes habitudes de photographe de mariage et plus g\u00e9n\u00e9ralement de la photographie dite \u00ab\u00a0sociale\u00a0\u00bb, le but du jeu \u00e9tait ici de publier toutes les semaines pendant une ann\u00e9e une photo, sans th\u00e8me particulier mais obligatoirement r\u00e9alis\u00e9e la semaine \u00e9coul\u00e9e&#8230; Sans r\u00e9elle comp\u00e9tition entre nous, il \u00e9tait simplement question de s&rsquo;amuser malgr\u00e9 le c\u00f4t\u00e9 un peu contraignant de l&rsquo;exercice&#8230; Et oui, sur le papier, une photo par semaine, ce n&rsquo;est pas bien m\u00e9chant. Mais dans les faits, ce fut une vraie contrainte sur la dur\u00e9e !<\/p>\n<p>J&rsquo;avais d\u00e8s le d\u00e9but de ce challenge pas mal d&rsquo;id\u00e9es en t\u00eate&#8230; Je n&rsquo;ai pas r\u00e9ussi \u00e0 toutes les concr\u00e9tiser, faute de temps ou de mat\u00e9riel ad\u00e9quate&#8230; La qualit\u00e9 des clich\u00e9s est forcement variable sur 52 semaines et une des difficult\u00e9s \u00e9tait de se renouveler&#8230;<br \/>\nMais cela aussi faisait partie du jeu !<\/p>\n<p>Au final, ce projet 52 a \u00e9t\u00e9 un chouette exercice&#8230; \u00e0 renouveler (mais pas trop rapidement tout de m\u00eame ! \ud83d\ude09 )<\/p>\n<p>Retrouvez ici les 156 photos d&rsquo;Alex, Nico et moi m\u00eame :<br \/>\n<a href=\"http:\/\/500px.com\/projet52photos\" target=\"_blank\">http:\/\/500px.com\/projet52photos<\/a><\/p>\n<p>Quelques-uns de mes clich\u00e9s :<\/p>\n<p><a href=\"http:\/\/www.les-photos-de-mon-mariage.fr\/blog\/wp-content\/uploads\/2015\/05\/IZ1A5789-3.jpg\"><img loading=\"lazy\" decoding=\"async\" class=\"alignnone wp-image-69 size-large\" src=\"http:\/\/www.les-photos-de-mon-mariage.fr\/blog\/wp-content\/uploads\/2015\/05\/IZ1A5789-3-1024x683.jpg\" alt=\"The last of us\" width=\"685\" height=\"457\" srcset=\"https:\/\/www.les-photos-de-mon-mariage.fr\/blog\/wp-content\/uploads\/2015\/05\/IZ1A5789-3-1024x683.jpg 1024w, https:\/\/www.les-photos-de-mon-mariage.fr\/blog\/wp-content\/uploads\/2015\/05\/IZ1A5789-3-300x200.jpg 300w, https:\/\/www.les-photos-de-mon-mariage.fr\/blog\/wp-content\/uploads\/2015\/05\/IZ1A5789-3-685x457.jpg 685w, https:\/\/www.les-photos-de-mon-mariage.fr\/blog\/wp-content\/uploads\/2015\/05\/IZ1A5789-3.jpg 1200w\" sizes=\"auto, (max-width: 685px) 100vw, 685px\" \/><\/a><\/p>\n<p><a href=\"http:\/\/www.les-photos-de-mon-mariage.fr\/blog\/wp-content\/uploads\/2015\/05\/IZ1A2054.jpg\"><img loading=\"lazy\" decoding=\"async\" class=\"alignnone wp-image-68 size-large\" src=\"http:\/\/www.les-photos-de-mon-mariage.fr\/blog\/wp-content\/uploads\/2015\/05\/IZ1A2054-1024x683.jpg\" alt=\"Au gr\u00e9 du vent\" width=\"685\" height=\"457\" srcset=\"https:\/\/www.les-photos-de-mon-mariage.fr\/blog\/wp-content\/uploads\/2015\/05\/IZ1A2054-1024x683.jpg 1024w, https:\/\/www.les-photos-de-mon-mariage.fr\/blog\/wp-content\/uploads\/2015\/05\/IZ1A2054-300x200.jpg 300w, https:\/\/www.les-photos-de-mon-mariage.fr\/blog\/wp-content\/uploads\/2015\/05\/IZ1A2054-685x457.jpg 685w\" sizes=\"auto, (max-width: 685px) 100vw, 685px\" \/><\/a><a href=\"http:\/\/www.les-photos-de-mon-mariage.fr\/blog\/wp-content\/uploads\/2015\/05\/IZ1A8650-2.jpg\">\u00a0 \u00a0<\/a><a href=\"http:\/\/www.les-photos-de-mon-mariage.fr\/blog\/wp-content\/uploads\/2015\/05\/IZ1A8650-2.jpg\"><img loading=\"lazy\" decoding=\"async\" class=\"alignnone wp-image-64 size-large\" src=\"http:\/\/www.les-photos-de-mon-mariage.fr\/blog\/wp-content\/uploads\/2015\/05\/IZ1A8650-2-1024x1024.jpg\" alt=\"Plage\" width=\"685\" height=\"685\" srcset=\"https:\/\/www.les-photos-de-mon-mariage.fr\/blog\/wp-content\/uploads\/2015\/05\/IZ1A8650-2-1024x1024.jpg 1024w, https:\/\/www.les-photos-de-mon-mariage.fr\/blog\/wp-content\/uploads\/2015\/05\/IZ1A8650-2-150x150.jpg 150w, https:\/\/www.les-photos-de-mon-mariage.fr\/blog\/wp-content\/uploads\/2015\/05\/IZ1A8650-2-300x300.jpg 300w, https:\/\/www.les-photos-de-mon-mariage.fr\/blog\/wp-content\/uploads\/2015\/05\/IZ1A8650-2-685x685.jpg 685w, https:\/\/www.les-photos-de-mon-mariage.fr\/blog\/wp-content\/uploads\/2015\/05\/IZ1A8650-2.jpg 1200w\" sizes=\"auto, (max-width: 685px) 100vw, 685px\" \/><\/a> <a href=\"http:\/\/www.les-photos-de-mon-mariage.fr\/blog\/wp-content\/uploads\/2015\/05\/IZ1A7635-2.jpg\"><img loading=\"lazy\" decoding=\"async\" class=\"alignnone wp-image-63 size-large\" src=\"http:\/\/www.les-photos-de-mon-mariage.fr\/blog\/wp-content\/uploads\/2015\/05\/IZ1A7635-2-683x1024.jpg\" alt=\"Gramin\u00e9es\" width=\"683\" height=\"1024\" srcset=\"https:\/\/www.les-photos-de-mon-mariage.fr\/blog\/wp-content\/uploads\/2015\/05\/IZ1A7635-2-683x1024.jpg 683w, https:\/\/www.les-photos-de-mon-mariage.fr\/blog\/wp-content\/uploads\/2015\/05\/IZ1A7635-2-200x300.jpg 200w, https:\/\/www.les-photos-de-mon-mariage.fr\/blog\/wp-content\/uploads\/2015\/05\/IZ1A7635-2-685x1028.jpg 685w, https:\/\/www.les-photos-de-mon-mariage.fr\/blog\/wp-content\/uploads\/2015\/05\/IZ1A7635-2.jpg 1000w\" sizes=\"auto, (max-width: 683px) 100vw, 683px\" \/><\/a>\u00a0 <a href=\"http:\/\/www.les-photos-de-mon-mariage.fr\/blog\/wp-content\/uploads\/2015\/05\/IZ1A5789-3.jpg\">\u00a0<\/a> <a href=\"http:\/\/www.les-photos-de-mon-mariage.fr\/blog\/wp-content\/uploads\/2015\/05\/ni-idea.jpg\">\u00a0<\/a><a href=\"http:\/\/www.les-photos-de-mon-mariage.fr\/blog\/wp-content\/uploads\/2015\/05\/ni-idea.jpg\"><img loading=\"lazy\" decoding=\"async\" class=\"alignnone wp-image-65 size-large\" src=\"http:\/\/www.les-photos-de-mon-mariage.fr\/blog\/wp-content\/uploads\/2015\/05\/ni-idea-1024x683.jpg\" alt=\"No idea\" width=\"685\" height=\"457\" srcset=\"https:\/\/www.les-photos-de-mon-mariage.fr\/blog\/wp-content\/uploads\/2015\/05\/ni-idea-1024x683.jpg 1024w, https:\/\/www.les-photos-de-mon-mariage.fr\/blog\/wp-content\/uploads\/2015\/05\/ni-idea-300x200.jpg 300w, https:\/\/www.les-photos-de-mon-mariage.fr\/blog\/wp-content\/uploads\/2015\/05\/ni-idea-685x457.jpg 685w, https:\/\/www.les-photos-de-mon-mariage.fr\/blog\/wp-content\/uploads\/2015\/05\/ni-idea.jpg 1200w\" sizes=\"auto, (max-width: 685px) 100vw, 685px\" \/><\/a> <a href=\"http:\/\/www.les-photos-de-mon-mariage.fr\/blog\/wp-content\/uploads\/2015\/05\/pont-Bir-Hakem.jpg\"><img loading=\"lazy\" decoding=\"async\" class=\"alignnone wp-image-66 size-large\" src=\"http:\/\/www.les-photos-de-mon-mariage.fr\/blog\/wp-content\/uploads\/2015\/05\/pont-Bir-Hakem-683x1024.jpg\" alt=\"Pont Bir-Hakeim\" width=\"683\" height=\"1024\" srcset=\"https:\/\/www.les-photos-de-mon-mariage.fr\/blog\/wp-content\/uploads\/2015\/05\/pont-Bir-Hakem-683x1024.jpg 683w, https:\/\/www.les-photos-de-mon-mariage.fr\/blog\/wp-content\/uploads\/2015\/05\/pont-Bir-Hakem-200x300.jpg 200w, https:\/\/www.les-photos-de-mon-mariage.fr\/blog\/wp-content\/uploads\/2015\/05\/pont-Bir-Hakem-685x1028.jpg 685w, https:\/\/www.les-photos-de-mon-mariage.fr\/blog\/wp-content\/uploads\/2015\/05\/pont-Bir-Hakem.jpg 800w\" sizes=\"auto, (max-width: 683px) 100vw, 683px\" \/><\/a>\u00a0 <a href=\"http:\/\/www.les-photos-de-mon-mariage.fr\/blog\/wp-content\/uploads\/2015\/05\/IZ1A3470-7.jpg\"><img loading=\"lazy\" decoding=\"async\" class=\"alignnone wp-image-62 size-large\" src=\"http:\/\/www.les-photos-de-mon-mariage.fr\/blog\/wp-content\/uploads\/2015\/05\/IZ1A3470-7-1024x1024.jpg\" alt=\"Bancs des arts\" width=\"685\" height=\"685\" srcset=\"https:\/\/www.les-photos-de-mon-mariage.fr\/blog\/wp-content\/uploads\/2015\/05\/IZ1A3470-7-1024x1024.jpg 1024w, https:\/\/www.les-photos-de-mon-mariage.fr\/blog\/wp-content\/uploads\/2015\/05\/IZ1A3470-7-150x150.jpg 150w, https:\/\/www.les-photos-de-mon-mariage.fr\/blog\/wp-content\/uploads\/2015\/05\/IZ1A3470-7-300x300.jpg 300w, https:\/\/www.les-photos-de-mon-mariage.fr\/blog\/wp-content\/uploads\/2015\/05\/IZ1A3470-7-685x685.jpg 685w, https:\/\/www.les-photos-de-mon-mariage.fr\/blog\/wp-content\/uploads\/2015\/05\/IZ1A3470-7.jpg 1200w\" sizes=\"auto, (max-width: 685px) 100vw, 685px\" \/><\/a> <a href=\"http:\/\/www.les-photos-de-mon-mariage.fr\/blog\/wp-content\/uploads\/2015\/05\/bonsai-rosmarinus.jpg\"><img loading=\"lazy\" decoding=\"async\" class=\"alignnone wp-image-247 size-full\" src=\"http:\/\/www.les-photos-de-mon-mariage.fr\/blog\/wp-content\/uploads\/2015\/05\/bonsai-rosmarinus.jpg\" alt=\"bonsai-rosmarinus\" width=\"600\" height=\"900\" srcset=\"https:\/\/www.les-photos-de-mon-mariage.fr\/blog\/wp-content\/uploads\/2015\/05\/bonsai-rosmarinus.jpg 600w, https:\/\/www.les-photos-de-mon-mariage.fr\/blog\/wp-content\/uploads\/2015\/05\/bonsai-rosmarinus-200x300.jpg 200w\" sizes=\"auto, (max-width: 600px) 100vw, 600px\" \/><\/a><a href=\"http:\/\/www.les-photos-de-mon-mariage.fr\/blog\/wp-content\/uploads\/2015\/05\/colors.jpg\">\u00a0 <\/a><a href=\"http:\/\/www.les-photos-de-mon-mariage.fr\/blog\/wp-content\/uploads\/2015\/05\/colors.jpg\"><img loading=\"lazy\" decoding=\"async\" class=\"alignnone wp-image-248 size-full\" src=\"http:\/\/www.les-photos-de-mon-mariage.fr\/blog\/wp-content\/uploads\/2015\/05\/colors.jpg\" alt=\"colors\" width=\"600\" height=\"900\" srcset=\"https:\/\/www.les-photos-de-mon-mariage.fr\/blog\/wp-content\/uploads\/2015\/05\/colors.jpg 600w, https:\/\/www.les-photos-de-mon-mariage.fr\/blog\/wp-content\/uploads\/2015\/05\/colors-200x300.jpg 200w\" sizes=\"auto, (max-width: 600px) 100vw, 600px\" \/><\/a> <a href=\"http:\/\/www.les-photos-de-mon-mariage.fr\/blog\/wp-content\/uploads\/2015\/05\/quai-des-brumes.jpg\"><img loading=\"lazy\" decoding=\"async\" class=\"alignnone wp-image-249\" src=\"http:\/\/www.les-photos-de-mon-mariage.fr\/blog\/wp-content\/uploads\/2015\/05\/quai-des-brumes.jpg\" alt=\"quai-des-brumes\" width=\"685\" height=\"457\" srcset=\"https:\/\/www.les-photos-de-mon-mariage.fr\/blog\/wp-content\/uploads\/2015\/05\/quai-des-brumes.jpg 900w, https:\/\/www.les-photos-de-mon-mariage.fr\/blog\/wp-content\/uploads\/2015\/05\/quai-des-brumes-300x200.jpg 300w, https:\/\/www.les-photos-de-mon-mariage.fr\/blog\/wp-content\/uploads\/2015\/05\/quai-des-brumes-685x457.jpg 685w\" sizes=\"auto, (max-width: 685px) 100vw, 685px\" \/><\/a><\/p>\n","protected":false},"excerpt":{"rendered":"<p>S&rsquo;est achev\u00e9 il y a quelques semaines un petit challenge photographique entre amis : un projet 52 ! Trois passionn\u00e9s de photographie&#8230; 52 semaines&#8230; Une photo \u00e0 poster tous les dimanches sur un blog commun !<\/p>\n","protected":false},"author":1,"featured_media":0,"comment_status":"open","ping_status":"open","sticky":false,"template":"","format":"standard","meta":{"footnotes":""},"categories":[6],"tags":[],"class_list":["post-58","post","type-post","status-publish","format-standard","hentry","category-divers"],"yoast_head":"<!-- This site is optimized with the Yoast SEO plugin v27.5 - https:\/\/yoast.com\/product\/yoast-seo-wordpress\/ -->\n<title>Projet 52 - Le blog d&#039;un photographe mariage<\/title>\n<meta name=\"robots\" content=\"index, follow, max-snippet:-1, max-image-preview:large, max-video-preview:-1\" \/>\n<link rel=\"canonical\" href=\"https:\/\/www.les-photos-de-mon-mariage.fr\/blog\/projet-52\/\" \/>\n<meta property=\"og:locale\" content=\"fr_FR\" \/>\n<meta property=\"og:type\" content=\"article\" \/>\n<meta property=\"og:title\" content=\"Projet 52 - Le blog d&#039;un photographe mariage\" \/>\n<meta property=\"og:description\" content=\"S&rsquo;est achev\u00e9 il y a quelques semaines un petit challenge photographique entre amis : un projet 52 ! Trois passionn\u00e9s de photographie&#8230; 52 semaines&#8230; Une photo \u00e0 poster tous les dimanches sur un blog commun !\" \/>\n<meta property=\"og:url\" content=\"https:\/\/www.les-photos-de-mon-mariage.fr\/blog\/projet-52\/\" \/>\n<meta property=\"og:site_name\" content=\"Le blog d&#039;un photographe mariage\" \/>\n<meta property=\"article:publisher\" content=\"https:\/\/www.facebook.com\/thomas.lamart\/\" \/>\n<meta property=\"article:author\" content=\"https:\/\/www.facebook.com\/thomas.lamart\/\" \/>\n<meta property=\"article:published_time\" content=\"2015-05-14T15:43:33+00:00\" \/>\n<meta property=\"article:modified_time\" content=\"2015-08-02T03:36:11+00:00\" \/>\n<meta property=\"og:image\" content=\"http:\/\/www.les-photos-de-mon-mariage.fr\/blog\/wp-content\/uploads\/2015\/05\/dark-300x200.jpg\" \/>\n<meta name=\"author\" content=\"Thomas\" \/>\n<meta name=\"twitter:card\" content=\"summary_large_image\" \/>\n<meta name=\"twitter:label1\" content=\"\u00c9crit par\" \/>\n\t<meta name=\"twitter:data1\" content=\"Thomas\" \/>\n\t<meta name=\"twitter:label2\" content=\"Dur\u00e9e de lecture estim\u00e9e\" \/>\n\t<meta name=\"twitter:data2\" content=\"1 minute\" \/>\n<script type=\"application\/ld+json\" class=\"yoast-schema-graph\">{\"@context\":\"https:\\\/\\\/schema.org\",\"@graph\":[{\"@type\":\"Article\",\"@id\":\"https:\\\/\\\/www.les-photos-de-mon-mariage.fr\\\/blog\\\/projet-52\\\/#article\",\"isPartOf\":{\"@id\":\"https:\\\/\\\/www.les-photos-de-mon-mariage.fr\\\/blog\\\/projet-52\\\/\"},\"author\":{\"name\":\"Thomas\",\"@id\":\"https:\\\/\\\/www.les-photos-de-mon-mariage.fr\\\/blog\\\/#\\\/schema\\\/person\\\/e311f978808719b066047d2ca870eed7\"},\"headline\":\"Projet 52\",\"datePublished\":\"2015-05-14T15:43:33+00:00\",\"dateModified\":\"2015-08-02T03:36:11+00:00\",\"mainEntityOfPage\":{\"@id\":\"https:\\\/\\\/www.les-photos-de-mon-mariage.fr\\\/blog\\\/projet-52\\\/\"},\"wordCount\":238,\"commentCount\":0,\"publisher\":{\"@id\":\"https:\\\/\\\/www.les-photos-de-mon-mariage.fr\\\/blog\\\/#\\\/schema\\\/person\\\/e311f978808719b066047d2ca870eed7\"},\"image\":{\"@id\":\"https:\\\/\\\/www.les-photos-de-mon-mariage.fr\\\/blog\\\/projet-52\\\/#primaryimage\"},\"thumbnailUrl\":\"http:\\\/\\\/www.les-photos-de-mon-mariage.fr\\\/blog\\\/wp-content\\\/uploads\\\/2015\\\/05\\\/dark-300x200.jpg\",\"articleSection\":[\"divers\"],\"inLanguage\":\"fr-FR\",\"potentialAction\":[{\"@type\":\"CommentAction\",\"name\":\"Comment\",\"target\":[\"https:\\\/\\\/www.les-photos-de-mon-mariage.fr\\\/blog\\\/projet-52\\\/#respond\"]}]},{\"@type\":\"WebPage\",\"@id\":\"https:\\\/\\\/www.les-photos-de-mon-mariage.fr\\\/blog\\\/projet-52\\\/\",\"url\":\"https:\\\/\\\/www.les-photos-de-mon-mariage.fr\\\/blog\\\/projet-52\\\/\",\"name\":\"Projet 52 - Le blog d&#039;un photographe mariage\",\"isPartOf\":{\"@id\":\"https:\\\/\\\/www.les-photos-de-mon-mariage.fr\\\/blog\\\/#website\"},\"primaryImageOfPage\":{\"@id\":\"https:\\\/\\\/www.les-photos-de-mon-mariage.fr\\\/blog\\\/projet-52\\\/#primaryimage\"},\"image\":{\"@id\":\"https:\\\/\\\/www.les-photos-de-mon-mariage.fr\\\/blog\\\/projet-52\\\/#primaryimage\"},\"thumbnailUrl\":\"http:\\\/\\\/www.les-photos-de-mon-mariage.fr\\\/blog\\\/wp-content\\\/uploads\\\/2015\\\/05\\\/dark-300x200.jpg\",\"datePublished\":\"2015-05-14T15:43:33+00:00\",\"dateModified\":\"2015-08-02T03:36:11+00:00\",\"breadcrumb\":{\"@id\":\"https:\\\/\\\/www.les-photos-de-mon-mariage.fr\\\/blog\\\/projet-52\\\/#breadcrumb\"},\"inLanguage\":\"fr-FR\",\"potentialAction\":[{\"@type\":\"ReadAction\",\"target\":[\"https:\\\/\\\/www.les-photos-de-mon-mariage.fr\\\/blog\\\/projet-52\\\/\"]}]},{\"@type\":\"ImageObject\",\"inLanguage\":\"fr-FR\",\"@id\":\"https:\\\/\\\/www.les-photos-de-mon-mariage.fr\\\/blog\\\/projet-52\\\/#primaryimage\",\"url\":\"https:\\\/\\\/www.les-photos-de-mon-mariage.fr\\\/blog\\\/wp-content\\\/uploads\\\/2015\\\/05\\\/dark.jpg\",\"contentUrl\":\"https:\\\/\\\/www.les-photos-de-mon-mariage.fr\\\/blog\\\/wp-content\\\/uploads\\\/2015\\\/05\\\/dark.jpg\",\"width\":1029,\"height\":686},{\"@type\":\"BreadcrumbList\",\"@id\":\"https:\\\/\\\/www.les-photos-de-mon-mariage.fr\\\/blog\\\/projet-52\\\/#breadcrumb\",\"itemListElement\":[{\"@type\":\"ListItem\",\"position\":1,\"name\":\"Accueil\",\"item\":\"https:\\\/\\\/www.les-photos-de-mon-mariage.fr\\\/blog\\\/\"},{\"@type\":\"ListItem\",\"position\":2,\"name\":\"Projet 52\"}]},{\"@type\":\"WebSite\",\"@id\":\"https:\\\/\\\/www.les-photos-de-mon-mariage.fr\\\/blog\\\/#website\",\"url\":\"https:\\\/\\\/www.les-photos-de-mon-mariage.fr\\\/blog\\\/\",\"name\":\"Le blog d'un photographe mariage\",\"description\":\"Thomas Lamart | Votre photographe mariage en Seine-et-marne\",\"publisher\":{\"@id\":\"https:\\\/\\\/www.les-photos-de-mon-mariage.fr\\\/blog\\\/#\\\/schema\\\/person\\\/e311f978808719b066047d2ca870eed7\"},\"potentialAction\":[{\"@type\":\"SearchAction\",\"target\":{\"@type\":\"EntryPoint\",\"urlTemplate\":\"https:\\\/\\\/www.les-photos-de-mon-mariage.fr\\\/blog\\\/?s={search_term_string}\"},\"query-input\":{\"@type\":\"PropertyValueSpecification\",\"valueRequired\":true,\"valueName\":\"search_term_string\"}}],\"inLanguage\":\"fr-FR\"},{\"@type\":[\"Person\",\"Organization\"],\"@id\":\"https:\\\/\\\/www.les-photos-de-mon-mariage.fr\\\/blog\\\/#\\\/schema\\\/person\\\/e311f978808719b066047d2ca870eed7\",\"name\":\"Thomas\",\"image\":{\"@type\":\"ImageObject\",\"inLanguage\":\"fr-FR\",\"@id\":\"https:\\\/\\\/www.les-photos-de-mon-mariage.fr\\\/blog\\\/wp-content\\\/uploads\\\/2024\\\/03\\\/accueil.jpg\",\"url\":\"https:\\\/\\\/www.les-photos-de-mon-mariage.fr\\\/blog\\\/wp-content\\\/uploads\\\/2024\\\/03\\\/accueil.jpg\",\"contentUrl\":\"https:\\\/\\\/www.les-photos-de-mon-mariage.fr\\\/blog\\\/wp-content\\\/uploads\\\/2024\\\/03\\\/accueil.jpg\",\"width\":700,\"height\":489,\"caption\":\"Thomas\"},\"logo\":{\"@id\":\"https:\\\/\\\/www.les-photos-de-mon-mariage.fr\\\/blog\\\/wp-content\\\/uploads\\\/2024\\\/03\\\/accueil.jpg\"},\"sameAs\":[\"https:\\\/\\\/www.les-photos-de-mon-mariage.fr\",\"https:\\\/\\\/www.facebook.com\\\/thomas.lamart\\\/\",\"https:\\\/\\\/www.instagram.com\\\/les.photos.de.mon.mariage\\\/\"],\"url\":\"https:\\\/\\\/www.les-photos-de-mon-mariage.fr\\\/blog\\\/author\\\/thomasadmin\\\/\"}]}<\/script>\n<!-- \/ Yoast SEO plugin. -->","yoast_head_json":{"title":"Projet 52 - Le blog d&#039;un photographe mariage","robots":{"index":"index","follow":"follow","max-snippet":"max-snippet:-1","max-image-preview":"max-image-preview:large","max-video-preview":"max-video-preview:-1"},"canonical":"https:\/\/www.les-photos-de-mon-mariage.fr\/blog\/projet-52\/","og_locale":"fr_FR","og_type":"article","og_title":"Projet 52 - Le blog d&#039;un photographe mariage","og_description":"S&rsquo;est achev\u00e9 il y a quelques semaines un petit challenge photographique entre amis : un projet 52 ! Trois passionn\u00e9s de photographie&#8230; 52 semaines&#8230; Une photo \u00e0 poster tous les dimanches sur un blog commun !","og_url":"https:\/\/www.les-photos-de-mon-mariage.fr\/blog\/projet-52\/","og_site_name":"Le blog d&#039;un photographe mariage","article_publisher":"https:\/\/www.facebook.com\/thomas.lamart\/","article_author":"https:\/\/www.facebook.com\/thomas.lamart\/","article_published_time":"2015-05-14T15:43:33+00:00","article_modified_time":"2015-08-02T03:36:11+00:00","og_image":[{"url":"http:\/\/www.les-photos-de-mon-mariage.fr\/blog\/wp-content\/uploads\/2015\/05\/dark-300x200.jpg","type":"","width":"","height":""}],"author":"Thomas","twitter_card":"summary_large_image","twitter_misc":{"\u00c9crit par":"Thomas","Dur\u00e9e de lecture estim\u00e9e":"1 minute"},"schema":{"@context":"https:\/\/schema.org","@graph":[{"@type":"Article","@id":"https:\/\/www.les-photos-de-mon-mariage.fr\/blog\/projet-52\/#article","isPartOf":{"@id":"https:\/\/www.les-photos-de-mon-mariage.fr\/blog\/projet-52\/"},"author":{"name":"Thomas","@id":"https:\/\/www.les-photos-de-mon-mariage.fr\/blog\/#\/schema\/person\/e311f978808719b066047d2ca870eed7"},"headline":"Projet 52","datePublished":"2015-05-14T15:43:33+00:00","dateModified":"2015-08-02T03:36:11+00:00","mainEntityOfPage":{"@id":"https:\/\/www.les-photos-de-mon-mariage.fr\/blog\/projet-52\/"},"wordCount":238,"commentCount":0,"publisher":{"@id":"https:\/\/www.les-photos-de-mon-mariage.fr\/blog\/#\/schema\/person\/e311f978808719b066047d2ca870eed7"},"image":{"@id":"https:\/\/www.les-photos-de-mon-mariage.fr\/blog\/projet-52\/#primaryimage"},"thumbnailUrl":"http:\/\/www.les-photos-de-mon-mariage.fr\/blog\/wp-content\/uploads\/2015\/05\/dark-300x200.jpg","articleSection":["divers"],"inLanguage":"fr-FR","potentialAction":[{"@type":"CommentAction","name":"Comment","target":["https:\/\/www.les-photos-de-mon-mariage.fr\/blog\/projet-52\/#respond"]}]},{"@type":"WebPage","@id":"https:\/\/www.les-photos-de-mon-mariage.fr\/blog\/projet-52\/","url":"https:\/\/www.les-photos-de-mon-mariage.fr\/blog\/projet-52\/","name":"Projet 52 - Le blog d&#039;un photographe mariage","isPartOf":{"@id":"https:\/\/www.les-photos-de-mon-mariage.fr\/blog\/#website"},"primaryImageOfPage":{"@id":"https:\/\/www.les-photos-de-mon-mariage.fr\/blog\/projet-52\/#primaryimage"},"image":{"@id":"https:\/\/www.les-photos-de-mon-mariage.fr\/blog\/projet-52\/#primaryimage"},"thumbnailUrl":"http:\/\/www.les-photos-de-mon-mariage.fr\/blog\/wp-content\/uploads\/2015\/05\/dark-300x200.jpg","datePublished":"2015-05-14T15:43:33+00:00","dateModified":"2015-08-02T03:36:11+00:00","breadcrumb":{"@id":"https:\/\/www.les-photos-de-mon-mariage.fr\/blog\/projet-52\/#breadcrumb"},"inLanguage":"fr-FR","potentialAction":[{"@type":"ReadAction","target":["https:\/\/www.les-photos-de-mon-mariage.fr\/blog\/projet-52\/"]}]},{"@type":"ImageObject","inLanguage":"fr-FR","@id":"https:\/\/www.les-photos-de-mon-mariage.fr\/blog\/projet-52\/#primaryimage","url":"https:\/\/www.les-photos-de-mon-mariage.fr\/blog\/wp-content\/uploads\/2015\/05\/dark.jpg","contentUrl":"https:\/\/www.les-photos-de-mon-mariage.fr\/blog\/wp-content\/uploads\/2015\/05\/dark.jpg","width":1029,"height":686},{"@type":"BreadcrumbList","@id":"https:\/\/www.les-photos-de-mon-mariage.fr\/blog\/projet-52\/#breadcrumb","itemListElement":[{"@type":"ListItem","position":1,"name":"Accueil","item":"https:\/\/www.les-photos-de-mon-mariage.fr\/blog\/"},{"@type":"ListItem","position":2,"name":"Projet 52"}]},{"@type":"WebSite","@id":"https:\/\/www.les-photos-de-mon-mariage.fr\/blog\/#website","url":"https:\/\/www.les-photos-de-mon-mariage.fr\/blog\/","name":"Le blog d'un photographe mariage","description":"Thomas Lamart | Votre photographe mariage en Seine-et-marne","publisher":{"@id":"https:\/\/www.les-photos-de-mon-mariage.fr\/blog\/#\/schema\/person\/e311f978808719b066047d2ca870eed7"},"potentialAction":[{"@type":"SearchAction","target":{"@type":"EntryPoint","urlTemplate":"https:\/\/www.les-photos-de-mon-mariage.fr\/blog\/?s={search_term_string}"},"query-input":{"@type":"PropertyValueSpecification","valueRequired":true,"valueName":"search_term_string"}}],"inLanguage":"fr-FR"},{"@type":["Person","Organization"],"@id":"https:\/\/www.les-photos-de-mon-mariage.fr\/blog\/#\/schema\/person\/e311f978808719b066047d2ca870eed7","name":"Thomas","image":{"@type":"ImageObject","inLanguage":"fr-FR","@id":"https:\/\/www.les-photos-de-mon-mariage.fr\/blog\/wp-content\/uploads\/2024\/03\/accueil.jpg","url":"https:\/\/www.les-photos-de-mon-mariage.fr\/blog\/wp-content\/uploads\/2024\/03\/accueil.jpg","contentUrl":"https:\/\/www.les-photos-de-mon-mariage.fr\/blog\/wp-content\/uploads\/2024\/03\/accueil.jpg","width":700,"height":489,"caption":"Thomas"},"logo":{"@id":"https:\/\/www.les-photos-de-mon-mariage.fr\/blog\/wp-content\/uploads\/2024\/03\/accueil.jpg"},"sameAs":["https:\/\/www.les-photos-de-mon-mariage.fr","https:\/\/www.facebook.com\/thomas.lamart\/","https:\/\/www.instagram.com\/les.photos.de.mon.mariage\/"],"url":"https:\/\/www.les-photos-de-mon-mariage.fr\/blog\/author\/thomasadmin\/"}]}},"_links":{"self":[{"href":"https:\/\/www.les-photos-de-mon-mariage.fr\/blog\/wp-json\/wp\/v2\/posts\/58","targetHints":{"allow":["GET"]}}],"collection":[{"href":"https:\/\/www.les-photos-de-mon-mariage.fr\/blog\/wp-json\/wp\/v2\/posts"}],"about":[{"href":"https:\/\/www.les-photos-de-mon-mariage.fr\/blog\/wp-json\/wp\/v2\/types\/post"}],"author":[{"embeddable":true,"href":"https:\/\/www.les-photos-de-mon-mariage.fr\/blog\/wp-json\/wp\/v2\/users\/1"}],"replies":[{"embeddable":true,"href":"https:\/\/www.les-photos-de-mon-mariage.fr\/blog\/wp-json\/wp\/v2\/comments?post=58"}],"version-history":[{"count":19,"href":"https:\/\/www.les-photos-de-mon-mariage.fr\/blog\/wp-json\/wp\/v2\/posts\/58\/revisions"}],"predecessor-version":[{"id":250,"href":"https:\/\/www.les-photos-de-mon-mariage.fr\/blog\/wp-json\/wp\/v2\/posts\/58\/revisions\/250"}],"wp:attachment":[{"href":"https:\/\/www.les-photos-de-mon-mariage.fr\/blog\/wp-json\/wp\/v2\/media?parent=58"}],"wp:term":[{"taxonomy":"category","embeddable":true,"href":"https:\/\/www.les-photos-de-mon-mariage.fr\/blog\/wp-json\/wp\/v2\/categories?post=58"},{"taxonomy":"post_tag","embeddable":true,"href":"https:\/\/www.les-photos-de-mon-mariage.fr\/blog\/wp-json\/wp\/v2\/tags?post=58"}],"curies":[{"name":"wp","href":"https:\/\/api.w.org\/{rel}","templated":true}]}}