{"id":640,"date":"2017-06-10T19:15:56","date_gmt":"2017-06-10T17:15:56","guid":{"rendered":"http:\/\/www.les-photos-de-mon-mariage.fr\/blog\/?p=640"},"modified":"2017-07-26T07:12:58","modified_gmt":"2017-07-26T05:12:58","slug":"mariage-de-jessica-et-de-maiwenn","status":"publish","type":"post","link":"https:\/\/www.les-photos-de-mon-mariage.fr\/blog\/mariage-de-jessica-et-de-maiwenn\/","title":{"rendered":"Mariage de Jessica et de Maiwenn"},"content":{"rendered":"<p>Deux charmantes mari\u00e9es, des proches visiblement partant pour faire la f\u00eate, un temps magnifique et une limousine rose bonbon&#8230;<\/p>\n<p>Tous les ingr\u00e9dients \u00e9taient r\u00e9unis pour que le mariage de Jessica et de Maiwenn soit m\u00e9morable !!<\/p>\n<p>Encore f\u00e9licitations \u00e0 toutes les deux. Je vous souhaite le meilleur pour le suite !<\/p>\n<p><img loading=\"lazy\" decoding=\"async\" class=\"alignnone size-large wp-image-641\" src=\"http:\/\/www.les-photos-de-mon-mariage.fr\/blog\/wp-content\/uploads\/2017\/06\/JessicaMaiwenn-26-1024x683.jpg\" alt=\"mariage-mariage-Jessica&amp;Maiwenn-26\" width=\"685\" height=\"457\" srcset=\"https:\/\/www.les-photos-de-mon-mariage.fr\/blog\/wp-content\/uploads\/2017\/06\/JessicaMaiwenn-26-1024x683.jpg 1024w, https:\/\/www.les-photos-de-mon-mariage.fr\/blog\/wp-content\/uploads\/2017\/06\/JessicaMaiwenn-26-300x200.jpg 300w, https:\/\/www.les-photos-de-mon-mariage.fr\/blog\/wp-content\/uploads\/2017\/06\/JessicaMaiwenn-26-768x512.jpg 768w, https:\/\/www.les-photos-de-mon-mariage.fr\/blog\/wp-content\/uploads\/2017\/06\/JessicaMaiwenn-26-685x457.jpg 685w, https:\/\/www.les-photos-de-mon-mariage.fr\/blog\/wp-content\/uploads\/2017\/06\/JessicaMaiwenn-26.jpg 1200w\" sizes=\"auto, (max-width: 685px) 100vw, 685px\" \/> <img loading=\"lazy\" decoding=\"async\" class=\"alignnone size-large wp-image-642\" src=\"http:\/\/www.les-photos-de-mon-mariage.fr\/blog\/wp-content\/uploads\/2017\/06\/JessicaMaiwenn-36-1024x683.jpg\" alt=\"mariage-Jessica&amp;Maiwenn-36\" width=\"685\" height=\"457\" srcset=\"https:\/\/www.les-photos-de-mon-mariage.fr\/blog\/wp-content\/uploads\/2017\/06\/JessicaMaiwenn-36-1024x683.jpg 1024w, https:\/\/www.les-photos-de-mon-mariage.fr\/blog\/wp-content\/uploads\/2017\/06\/JessicaMaiwenn-36-300x200.jpg 300w, https:\/\/www.les-photos-de-mon-mariage.fr\/blog\/wp-content\/uploads\/2017\/06\/JessicaMaiwenn-36-768x512.jpg 768w, https:\/\/www.les-photos-de-mon-mariage.fr\/blog\/wp-content\/uploads\/2017\/06\/JessicaMaiwenn-36-685x457.jpg 685w, https:\/\/www.les-photos-de-mon-mariage.fr\/blog\/wp-content\/uploads\/2017\/06\/JessicaMaiwenn-36.jpg 1200w\" sizes=\"auto, (max-width: 685px) 100vw, 685px\" \/> <img loading=\"lazy\" decoding=\"async\" class=\"alignnone size-large wp-image-643\" src=\"http:\/\/www.les-photos-de-mon-mariage.fr\/blog\/wp-content\/uploads\/2017\/06\/JessicaMaiwenn-51-1024x683.jpg\" alt=\"mariage-Jessica&amp;Maiwenn-51\" width=\"685\" height=\"457\" srcset=\"https:\/\/www.les-photos-de-mon-mariage.fr\/blog\/wp-content\/uploads\/2017\/06\/JessicaMaiwenn-51-1024x683.jpg 1024w, https:\/\/www.les-photos-de-mon-mariage.fr\/blog\/wp-content\/uploads\/2017\/06\/JessicaMaiwenn-51-300x200.jpg 300w, https:\/\/www.les-photos-de-mon-mariage.fr\/blog\/wp-content\/uploads\/2017\/06\/JessicaMaiwenn-51-768x512.jpg 768w, https:\/\/www.les-photos-de-mon-mariage.fr\/blog\/wp-content\/uploads\/2017\/06\/JessicaMaiwenn-51-685x457.jpg 685w, https:\/\/www.les-photos-de-mon-mariage.fr\/blog\/wp-content\/uploads\/2017\/06\/JessicaMaiwenn-51.jpg 1200w\" sizes=\"auto, (max-width: 685px) 100vw, 685px\" \/> <img loading=\"lazy\" decoding=\"async\" class=\"alignnone size-large wp-image-644\" src=\"http:\/\/www.les-photos-de-mon-mariage.fr\/blog\/wp-content\/uploads\/2017\/06\/JessicaMaiwenn-64-1024x683.jpg\" alt=\"mariage-Jessica&amp;Maiwenn-64\" width=\"685\" height=\"457\" srcset=\"https:\/\/www.les-photos-de-mon-mariage.fr\/blog\/wp-content\/uploads\/2017\/06\/JessicaMaiwenn-64-1024x683.jpg 1024w, https:\/\/www.les-photos-de-mon-mariage.fr\/blog\/wp-content\/uploads\/2017\/06\/JessicaMaiwenn-64-300x200.jpg 300w, https:\/\/www.les-photos-de-mon-mariage.fr\/blog\/wp-content\/uploads\/2017\/06\/JessicaMaiwenn-64-768x512.jpg 768w, https:\/\/www.les-photos-de-mon-mariage.fr\/blog\/wp-content\/uploads\/2017\/06\/JessicaMaiwenn-64-685x457.jpg 685w, https:\/\/www.les-photos-de-mon-mariage.fr\/blog\/wp-content\/uploads\/2017\/06\/JessicaMaiwenn-64.jpg 1200w\" sizes=\"auto, (max-width: 685px) 100vw, 685px\" \/> <img loading=\"lazy\" decoding=\"async\" class=\"alignnone size-large wp-image-645\" src=\"http:\/\/www.les-photos-de-mon-mariage.fr\/blog\/wp-content\/uploads\/2017\/06\/JessicaMaiwenn-110-1024x683.jpg\" alt=\"mariage-Jessica&amp;Maiwenn-110\" width=\"685\" height=\"457\" srcset=\"https:\/\/www.les-photos-de-mon-mariage.fr\/blog\/wp-content\/uploads\/2017\/06\/JessicaMaiwenn-110-1024x683.jpg 1024w, https:\/\/www.les-photos-de-mon-mariage.fr\/blog\/wp-content\/uploads\/2017\/06\/JessicaMaiwenn-110-300x200.jpg 300w, https:\/\/www.les-photos-de-mon-mariage.fr\/blog\/wp-content\/uploads\/2017\/06\/JessicaMaiwenn-110-768x512.jpg 768w, https:\/\/www.les-photos-de-mon-mariage.fr\/blog\/wp-content\/uploads\/2017\/06\/JessicaMaiwenn-110-685x457.jpg 685w, https:\/\/www.les-photos-de-mon-mariage.fr\/blog\/wp-content\/uploads\/2017\/06\/JessicaMaiwenn-110.jpg 1200w\" sizes=\"auto, (max-width: 685px) 100vw, 685px\" \/> <img loading=\"lazy\" decoding=\"async\" class=\"alignnone size-large wp-image-646\" src=\"http:\/\/www.les-photos-de-mon-mariage.fr\/blog\/wp-content\/uploads\/2017\/06\/JessicaMaiwenn-132-1024x683.jpg\" alt=\"mariage-Jessica&amp;Maiwenn-132\" width=\"685\" height=\"457\" srcset=\"https:\/\/www.les-photos-de-mon-mariage.fr\/blog\/wp-content\/uploads\/2017\/06\/JessicaMaiwenn-132-1024x683.jpg 1024w, https:\/\/www.les-photos-de-mon-mariage.fr\/blog\/wp-content\/uploads\/2017\/06\/JessicaMaiwenn-132-300x200.jpg 300w, https:\/\/www.les-photos-de-mon-mariage.fr\/blog\/wp-content\/uploads\/2017\/06\/JessicaMaiwenn-132-768x512.jpg 768w, https:\/\/www.les-photos-de-mon-mariage.fr\/blog\/wp-content\/uploads\/2017\/06\/JessicaMaiwenn-132-685x457.jpg 685w, https:\/\/www.les-photos-de-mon-mariage.fr\/blog\/wp-content\/uploads\/2017\/06\/JessicaMaiwenn-132.jpg 1200w\" sizes=\"auto, (max-width: 685px) 100vw, 685px\" \/> <img loading=\"lazy\" decoding=\"async\" class=\"alignnone size-large wp-image-647\" src=\"http:\/\/www.les-photos-de-mon-mariage.fr\/blog\/wp-content\/uploads\/2017\/06\/JessicaMaiwenn-140-1024x683.jpg\" alt=\"mariage-Jessica&amp;Maiwenn-140\" width=\"685\" height=\"457\" srcset=\"https:\/\/www.les-photos-de-mon-mariage.fr\/blog\/wp-content\/uploads\/2017\/06\/JessicaMaiwenn-140-1024x683.jpg 1024w, https:\/\/www.les-photos-de-mon-mariage.fr\/blog\/wp-content\/uploads\/2017\/06\/JessicaMaiwenn-140-300x200.jpg 300w, https:\/\/www.les-photos-de-mon-mariage.fr\/blog\/wp-content\/uploads\/2017\/06\/JessicaMaiwenn-140-768x512.jpg 768w, https:\/\/www.les-photos-de-mon-mariage.fr\/blog\/wp-content\/uploads\/2017\/06\/JessicaMaiwenn-140-685x457.jpg 685w, https:\/\/www.les-photos-de-mon-mariage.fr\/blog\/wp-content\/uploads\/2017\/06\/JessicaMaiwenn-140.jpg 1200w\" sizes=\"auto, (max-width: 685px) 100vw, 685px\" \/> <img loading=\"lazy\" decoding=\"async\" class=\"alignnone size-large wp-image-648\" src=\"http:\/\/www.les-photos-de-mon-mariage.fr\/blog\/wp-content\/uploads\/2017\/06\/JessicaMaiwenn-150-1024x683.jpg\" alt=\"mariage-Jessica&amp;Maiwenn-150\" width=\"685\" height=\"457\" srcset=\"https:\/\/www.les-photos-de-mon-mariage.fr\/blog\/wp-content\/uploads\/2017\/06\/JessicaMaiwenn-150-1024x683.jpg 1024w, https:\/\/www.les-photos-de-mon-mariage.fr\/blog\/wp-content\/uploads\/2017\/06\/JessicaMaiwenn-150-300x200.jpg 300w, https:\/\/www.les-photos-de-mon-mariage.fr\/blog\/wp-content\/uploads\/2017\/06\/JessicaMaiwenn-150-768x512.jpg 768w, https:\/\/www.les-photos-de-mon-mariage.fr\/blog\/wp-content\/uploads\/2017\/06\/JessicaMaiwenn-150-685x457.jpg 685w, https:\/\/www.les-photos-de-mon-mariage.fr\/blog\/wp-content\/uploads\/2017\/06\/JessicaMaiwenn-150.jpg 1200w\" sizes=\"auto, (max-width: 685px) 100vw, 685px\" \/> <img loading=\"lazy\" decoding=\"async\" class=\"alignnone size-large wp-image-649\" src=\"http:\/\/www.les-photos-de-mon-mariage.fr\/blog\/wp-content\/uploads\/2017\/06\/JessicaMaiwenn-201-1024x683.jpg\" alt=\"mariage-Jessica&amp;Maiwenn-201\" width=\"685\" height=\"457\" srcset=\"https:\/\/www.les-photos-de-mon-mariage.fr\/blog\/wp-content\/uploads\/2017\/06\/JessicaMaiwenn-201-1024x683.jpg 1024w, https:\/\/www.les-photos-de-mon-mariage.fr\/blog\/wp-content\/uploads\/2017\/06\/JessicaMaiwenn-201-300x200.jpg 300w, https:\/\/www.les-photos-de-mon-mariage.fr\/blog\/wp-content\/uploads\/2017\/06\/JessicaMaiwenn-201-768x512.jpg 768w, https:\/\/www.les-photos-de-mon-mariage.fr\/blog\/wp-content\/uploads\/2017\/06\/JessicaMaiwenn-201-685x457.jpg 685w, https:\/\/www.les-photos-de-mon-mariage.fr\/blog\/wp-content\/uploads\/2017\/06\/JessicaMaiwenn-201.jpg 1200w\" sizes=\"auto, (max-width: 685px) 100vw, 685px\" \/> <img loading=\"lazy\" decoding=\"async\" class=\"alignnone size-large wp-image-650\" src=\"http:\/\/www.les-photos-de-mon-mariage.fr\/blog\/wp-content\/uploads\/2017\/06\/JessicaMaiwenn-207-1024x683.jpg\" alt=\"mariage-Jessica&amp;Maiwenn-207\" width=\"685\" height=\"457\" srcset=\"https:\/\/www.les-photos-de-mon-mariage.fr\/blog\/wp-content\/uploads\/2017\/06\/JessicaMaiwenn-207-1024x683.jpg 1024w, https:\/\/www.les-photos-de-mon-mariage.fr\/blog\/wp-content\/uploads\/2017\/06\/JessicaMaiwenn-207-300x200.jpg 300w, https:\/\/www.les-photos-de-mon-mariage.fr\/blog\/wp-content\/uploads\/2017\/06\/JessicaMaiwenn-207-768x512.jpg 768w, https:\/\/www.les-photos-de-mon-mariage.fr\/blog\/wp-content\/uploads\/2017\/06\/JessicaMaiwenn-207-685x457.jpg 685w, https:\/\/www.les-photos-de-mon-mariage.fr\/blog\/wp-content\/uploads\/2017\/06\/JessicaMaiwenn-207.jpg 1200w\" sizes=\"auto, (max-width: 685px) 100vw, 685px\" \/> <img loading=\"lazy\" decoding=\"async\" class=\"alignnone size-full wp-image-651\" src=\"http:\/\/www.les-photos-de-mon-mariage.fr\/blog\/wp-content\/uploads\/2017\/06\/JessicaMaiwenn-278.jpg\" alt=\"mariage-Jessica&amp;Maiwenn-278\" width=\"533\" height=\"800\" srcset=\"https:\/\/www.les-photos-de-mon-mariage.fr\/blog\/wp-content\/uploads\/2017\/06\/JessicaMaiwenn-278.jpg 533w, https:\/\/www.les-photos-de-mon-mariage.fr\/blog\/wp-content\/uploads\/2017\/06\/JessicaMaiwenn-278-200x300.jpg 200w\" sizes=\"auto, (max-width: 533px) 100vw, 533px\" \/> <img loading=\"lazy\" decoding=\"async\" class=\"alignnone size-full wp-image-652\" src=\"http:\/\/www.les-photos-de-mon-mariage.fr\/blog\/wp-content\/uploads\/2017\/06\/JessicaMaiwenn-279.jpg\" alt=\"mariage-Jessica&amp;Maiwenn-279\" width=\"533\" height=\"800\" srcset=\"https:\/\/www.les-photos-de-mon-mariage.fr\/blog\/wp-content\/uploads\/2017\/06\/JessicaMaiwenn-279.jpg 533w, https:\/\/www.les-photos-de-mon-mariage.fr\/blog\/wp-content\/uploads\/2017\/06\/JessicaMaiwenn-279-200x300.jpg 200w\" sizes=\"auto, (max-width: 533px) 100vw, 533px\" \/><\/p>\n","protected":false},"excerpt":{"rendered":"<p>Deux charmantes mari\u00e9es, des proches visiblement partant pour faire la f\u00eate, un temps magnifique et une limousine rose bonbon&#8230; Tous les ingr\u00e9dients \u00e9taient r\u00e9unis pour que le mariage de Jessica et de Maiwenn soit m\u00e9morable !! Encore f\u00e9licitations \u00e0 toutes les deux. Je vous souhaite le meilleur pour le suite !<\/p>\n","protected":false},"author":1,"featured_media":0,"comment_status":"open","ping_status":"open","sticky":false,"template":"","format":"standard","meta":{"footnotes":""},"categories":[4],"tags":[],"class_list":["post-640","post","type-post","status-publish","format-standard","hentry","category-mariages"],"yoast_head":"<!-- This site is optimized with the Yoast SEO plugin v27.5 - https:\/\/yoast.com\/product\/yoast-seo-wordpress\/ -->\n<title>Mariage de Jessica et de Maiwenn - Le blog d&#039;un photographe mariage<\/title>\n<meta name=\"robots\" content=\"index, follow, max-snippet:-1, max-image-preview:large, max-video-preview:-1\" \/>\n<link rel=\"canonical\" href=\"https:\/\/www.les-photos-de-mon-mariage.fr\/blog\/mariage-de-jessica-et-de-maiwenn\/\" \/>\n<meta property=\"og:locale\" content=\"fr_FR\" \/>\n<meta property=\"og:type\" content=\"article\" \/>\n<meta property=\"og:title\" content=\"Mariage de Jessica et de Maiwenn - Le blog d&#039;un photographe mariage\" \/>\n<meta property=\"og:description\" content=\"Deux charmantes mari\u00e9es, des proches visiblement partant pour faire la f\u00eate, un temps magnifique et une limousine rose bonbon&#8230; Tous les ingr\u00e9dients \u00e9taient r\u00e9unis pour que le mariage de Jessica et de Maiwenn soit m\u00e9morable !! Encore f\u00e9licitations \u00e0 toutes les deux. Je vous souhaite le meilleur pour le suite !\" \/>\n<meta property=\"og:url\" content=\"https:\/\/www.les-photos-de-mon-mariage.fr\/blog\/mariage-de-jessica-et-de-maiwenn\/\" \/>\n<meta property=\"og:site_name\" content=\"Le blog d&#039;un photographe mariage\" \/>\n<meta property=\"article:publisher\" content=\"https:\/\/www.facebook.com\/thomas.lamart\/\" \/>\n<meta property=\"article:author\" content=\"https:\/\/www.facebook.com\/thomas.lamart\/\" \/>\n<meta property=\"article:published_time\" content=\"2017-06-10T17:15:56+00:00\" \/>\n<meta property=\"article:modified_time\" content=\"2017-07-26T05:12:58+00:00\" \/>\n<meta property=\"og:image\" content=\"http:\/\/www.les-photos-de-mon-mariage.fr\/blog\/wp-content\/uploads\/2017\/06\/JessicaMaiwenn-26-1024x683.jpg\" \/>\n<meta name=\"author\" content=\"Thomas\" \/>\n<meta name=\"twitter:card\" content=\"summary_large_image\" \/>\n<meta name=\"twitter:label1\" content=\"\u00c9crit par\" \/>\n\t<meta name=\"twitter:data1\" content=\"Thomas\" \/>\n<script type=\"application\/ld+json\" class=\"yoast-schema-graph\">{\"@context\":\"https:\\\/\\\/schema.org\",\"@graph\":[{\"@type\":\"Article\",\"@id\":\"https:\\\/\\\/www.les-photos-de-mon-mariage.fr\\\/blog\\\/mariage-de-jessica-et-de-maiwenn\\\/#article\",\"isPartOf\":{\"@id\":\"https:\\\/\\\/www.les-photos-de-mon-mariage.fr\\\/blog\\\/mariage-de-jessica-et-de-maiwenn\\\/\"},\"author\":{\"name\":\"Thomas\",\"@id\":\"https:\\\/\\\/www.les-photos-de-mon-mariage.fr\\\/blog\\\/#\\\/schema\\\/person\\\/e311f978808719b066047d2ca870eed7\"},\"headline\":\"Mariage de Jessica et de Maiwenn\",\"datePublished\":\"2017-06-10T17:15:56+00:00\",\"dateModified\":\"2017-07-26T05:12:58+00:00\",\"mainEntityOfPage\":{\"@id\":\"https:\\\/\\\/www.les-photos-de-mon-mariage.fr\\\/blog\\\/mariage-de-jessica-et-de-maiwenn\\\/\"},\"wordCount\":60,\"commentCount\":0,\"publisher\":{\"@id\":\"https:\\\/\\\/www.les-photos-de-mon-mariage.fr\\\/blog\\\/#\\\/schema\\\/person\\\/e311f978808719b066047d2ca870eed7\"},\"image\":{\"@id\":\"https:\\\/\\\/www.les-photos-de-mon-mariage.fr\\\/blog\\\/mariage-de-jessica-et-de-maiwenn\\\/#primaryimage\"},\"thumbnailUrl\":\"http:\\\/\\\/www.les-photos-de-mon-mariage.fr\\\/blog\\\/wp-content\\\/uploads\\\/2017\\\/06\\\/JessicaMaiwenn-26-1024x683.jpg\",\"articleSection\":[\"mariages\"],\"inLanguage\":\"fr-FR\",\"potentialAction\":[{\"@type\":\"CommentAction\",\"name\":\"Comment\",\"target\":[\"https:\\\/\\\/www.les-photos-de-mon-mariage.fr\\\/blog\\\/mariage-de-jessica-et-de-maiwenn\\\/#respond\"]}]},{\"@type\":\"WebPage\",\"@id\":\"https:\\\/\\\/www.les-photos-de-mon-mariage.fr\\\/blog\\\/mariage-de-jessica-et-de-maiwenn\\\/\",\"url\":\"https:\\\/\\\/www.les-photos-de-mon-mariage.fr\\\/blog\\\/mariage-de-jessica-et-de-maiwenn\\\/\",\"name\":\"Mariage de Jessica et de Maiwenn - Le blog d&#039;un photographe mariage\",\"isPartOf\":{\"@id\":\"https:\\\/\\\/www.les-photos-de-mon-mariage.fr\\\/blog\\\/#website\"},\"primaryImageOfPage\":{\"@id\":\"https:\\\/\\\/www.les-photos-de-mon-mariage.fr\\\/blog\\\/mariage-de-jessica-et-de-maiwenn\\\/#primaryimage\"},\"image\":{\"@id\":\"https:\\\/\\\/www.les-photos-de-mon-mariage.fr\\\/blog\\\/mariage-de-jessica-et-de-maiwenn\\\/#primaryimage\"},\"thumbnailUrl\":\"http:\\\/\\\/www.les-photos-de-mon-mariage.fr\\\/blog\\\/wp-content\\\/uploads\\\/2017\\\/06\\\/JessicaMaiwenn-26-1024x683.jpg\",\"datePublished\":\"2017-06-10T17:15:56+00:00\",\"dateModified\":\"2017-07-26T05:12:58+00:00\",\"breadcrumb\":{\"@id\":\"https:\\\/\\\/www.les-photos-de-mon-mariage.fr\\\/blog\\\/mariage-de-jessica-et-de-maiwenn\\\/#breadcrumb\"},\"inLanguage\":\"fr-FR\",\"potentialAction\":[{\"@type\":\"ReadAction\",\"target\":[\"https:\\\/\\\/www.les-photos-de-mon-mariage.fr\\\/blog\\\/mariage-de-jessica-et-de-maiwenn\\\/\"]}]},{\"@type\":\"ImageObject\",\"inLanguage\":\"fr-FR\",\"@id\":\"https:\\\/\\\/www.les-photos-de-mon-mariage.fr\\\/blog\\\/mariage-de-jessica-et-de-maiwenn\\\/#primaryimage\",\"url\":\"https:\\\/\\\/www.les-photos-de-mon-mariage.fr\\\/blog\\\/wp-content\\\/uploads\\\/2017\\\/06\\\/JessicaMaiwenn-26.jpg\",\"contentUrl\":\"https:\\\/\\\/www.les-photos-de-mon-mariage.fr\\\/blog\\\/wp-content\\\/uploads\\\/2017\\\/06\\\/JessicaMaiwenn-26.jpg\",\"width\":1200,\"height\":800},{\"@type\":\"BreadcrumbList\",\"@id\":\"https:\\\/\\\/www.les-photos-de-mon-mariage.fr\\\/blog\\\/mariage-de-jessica-et-de-maiwenn\\\/#breadcrumb\",\"itemListElement\":[{\"@type\":\"ListItem\",\"position\":1,\"name\":\"Accueil\",\"item\":\"https:\\\/\\\/www.les-photos-de-mon-mariage.fr\\\/blog\\\/\"},{\"@type\":\"ListItem\",\"position\":2,\"name\":\"Mariage de Jessica et de Maiwenn\"}]},{\"@type\":\"WebSite\",\"@id\":\"https:\\\/\\\/www.les-photos-de-mon-mariage.fr\\\/blog\\\/#website\",\"url\":\"https:\\\/\\\/www.les-photos-de-mon-mariage.fr\\\/blog\\\/\",\"name\":\"Le blog d'un photographe mariage\",\"description\":\"Thomas Lamart | Votre photographe mariage en Seine-et-marne\",\"publisher\":{\"@id\":\"https:\\\/\\\/www.les-photos-de-mon-mariage.fr\\\/blog\\\/#\\\/schema\\\/person\\\/e311f978808719b066047d2ca870eed7\"},\"potentialAction\":[{\"@type\":\"SearchAction\",\"target\":{\"@type\":\"EntryPoint\",\"urlTemplate\":\"https:\\\/\\\/www.les-photos-de-mon-mariage.fr\\\/blog\\\/?s={search_term_string}\"},\"query-input\":{\"@type\":\"PropertyValueSpecification\",\"valueRequired\":true,\"valueName\":\"search_term_string\"}}],\"inLanguage\":\"fr-FR\"},{\"@type\":[\"Person\",\"Organization\"],\"@id\":\"https:\\\/\\\/www.les-photos-de-mon-mariage.fr\\\/blog\\\/#\\\/schema\\\/person\\\/e311f978808719b066047d2ca870eed7\",\"name\":\"Thomas\",\"image\":{\"@type\":\"ImageObject\",\"inLanguage\":\"fr-FR\",\"@id\":\"https:\\\/\\\/www.les-photos-de-mon-mariage.fr\\\/blog\\\/wp-content\\\/uploads\\\/2024\\\/03\\\/accueil.jpg\",\"url\":\"https:\\\/\\\/www.les-photos-de-mon-mariage.fr\\\/blog\\\/wp-content\\\/uploads\\\/2024\\\/03\\\/accueil.jpg\",\"contentUrl\":\"https:\\\/\\\/www.les-photos-de-mon-mariage.fr\\\/blog\\\/wp-content\\\/uploads\\\/2024\\\/03\\\/accueil.jpg\",\"width\":700,\"height\":489,\"caption\":\"Thomas\"},\"logo\":{\"@id\":\"https:\\\/\\\/www.les-photos-de-mon-mariage.fr\\\/blog\\\/wp-content\\\/uploads\\\/2024\\\/03\\\/accueil.jpg\"},\"sameAs\":[\"https:\\\/\\\/www.les-photos-de-mon-mariage.fr\",\"https:\\\/\\\/www.facebook.com\\\/thomas.lamart\\\/\",\"https:\\\/\\\/www.instagram.com\\\/les.photos.de.mon.mariage\\\/\"],\"url\":\"https:\\\/\\\/www.les-photos-de-mon-mariage.fr\\\/blog\\\/author\\\/thomasadmin\\\/\"}]}<\/script>\n<!-- \/ Yoast SEO plugin. -->","yoast_head_json":{"title":"Mariage de Jessica et de Maiwenn - Le blog d&#039;un photographe mariage","robots":{"index":"index","follow":"follow","max-snippet":"max-snippet:-1","max-image-preview":"max-image-preview:large","max-video-preview":"max-video-preview:-1"},"canonical":"https:\/\/www.les-photos-de-mon-mariage.fr\/blog\/mariage-de-jessica-et-de-maiwenn\/","og_locale":"fr_FR","og_type":"article","og_title":"Mariage de Jessica et de Maiwenn - Le blog d&#039;un photographe mariage","og_description":"Deux charmantes mari\u00e9es, des proches visiblement partant pour faire la f\u00eate, un temps magnifique et une limousine rose bonbon&#8230; Tous les ingr\u00e9dients \u00e9taient r\u00e9unis pour que le mariage de Jessica et de Maiwenn soit m\u00e9morable !! Encore f\u00e9licitations \u00e0 toutes les deux. Je vous souhaite le meilleur pour le suite !","og_url":"https:\/\/www.les-photos-de-mon-mariage.fr\/blog\/mariage-de-jessica-et-de-maiwenn\/","og_site_name":"Le blog d&#039;un photographe mariage","article_publisher":"https:\/\/www.facebook.com\/thomas.lamart\/","article_author":"https:\/\/www.facebook.com\/thomas.lamart\/","article_published_time":"2017-06-10T17:15:56+00:00","article_modified_time":"2017-07-26T05:12:58+00:00","og_image":[{"url":"http:\/\/www.les-photos-de-mon-mariage.fr\/blog\/wp-content\/uploads\/2017\/06\/JessicaMaiwenn-26-1024x683.jpg","type":"","width":"","height":""}],"author":"Thomas","twitter_card":"summary_large_image","twitter_misc":{"\u00c9crit par":"Thomas"},"schema":{"@context":"https:\/\/schema.org","@graph":[{"@type":"Article","@id":"https:\/\/www.les-photos-de-mon-mariage.fr\/blog\/mariage-de-jessica-et-de-maiwenn\/#article","isPartOf":{"@id":"https:\/\/www.les-photos-de-mon-mariage.fr\/blog\/mariage-de-jessica-et-de-maiwenn\/"},"author":{"name":"Thomas","@id":"https:\/\/www.les-photos-de-mon-mariage.fr\/blog\/#\/schema\/person\/e311f978808719b066047d2ca870eed7"},"headline":"Mariage de Jessica et de Maiwenn","datePublished":"2017-06-10T17:15:56+00:00","dateModified":"2017-07-26T05:12:58+00:00","mainEntityOfPage":{"@id":"https:\/\/www.les-photos-de-mon-mariage.fr\/blog\/mariage-de-jessica-et-de-maiwenn\/"},"wordCount":60,"commentCount":0,"publisher":{"@id":"https:\/\/www.les-photos-de-mon-mariage.fr\/blog\/#\/schema\/person\/e311f978808719b066047d2ca870eed7"},"image":{"@id":"https:\/\/www.les-photos-de-mon-mariage.fr\/blog\/mariage-de-jessica-et-de-maiwenn\/#primaryimage"},"thumbnailUrl":"http:\/\/www.les-photos-de-mon-mariage.fr\/blog\/wp-content\/uploads\/2017\/06\/JessicaMaiwenn-26-1024x683.jpg","articleSection":["mariages"],"inLanguage":"fr-FR","potentialAction":[{"@type":"CommentAction","name":"Comment","target":["https:\/\/www.les-photos-de-mon-mariage.fr\/blog\/mariage-de-jessica-et-de-maiwenn\/#respond"]}]},{"@type":"WebPage","@id":"https:\/\/www.les-photos-de-mon-mariage.fr\/blog\/mariage-de-jessica-et-de-maiwenn\/","url":"https:\/\/www.les-photos-de-mon-mariage.fr\/blog\/mariage-de-jessica-et-de-maiwenn\/","name":"Mariage de Jessica et de Maiwenn - Le blog d&#039;un photographe mariage","isPartOf":{"@id":"https:\/\/www.les-photos-de-mon-mariage.fr\/blog\/#website"},"primaryImageOfPage":{"@id":"https:\/\/www.les-photos-de-mon-mariage.fr\/blog\/mariage-de-jessica-et-de-maiwenn\/#primaryimage"},"image":{"@id":"https:\/\/www.les-photos-de-mon-mariage.fr\/blog\/mariage-de-jessica-et-de-maiwenn\/#primaryimage"},"thumbnailUrl":"http:\/\/www.les-photos-de-mon-mariage.fr\/blog\/wp-content\/uploads\/2017\/06\/JessicaMaiwenn-26-1024x683.jpg","datePublished":"2017-06-10T17:15:56+00:00","dateModified":"2017-07-26T05:12:58+00:00","breadcrumb":{"@id":"https:\/\/www.les-photos-de-mon-mariage.fr\/blog\/mariage-de-jessica-et-de-maiwenn\/#breadcrumb"},"inLanguage":"fr-FR","potentialAction":[{"@type":"ReadAction","target":["https:\/\/www.les-photos-de-mon-mariage.fr\/blog\/mariage-de-jessica-et-de-maiwenn\/"]}]},{"@type":"ImageObject","inLanguage":"fr-FR","@id":"https:\/\/www.les-photos-de-mon-mariage.fr\/blog\/mariage-de-jessica-et-de-maiwenn\/#primaryimage","url":"https:\/\/www.les-photos-de-mon-mariage.fr\/blog\/wp-content\/uploads\/2017\/06\/JessicaMaiwenn-26.jpg","contentUrl":"https:\/\/www.les-photos-de-mon-mariage.fr\/blog\/wp-content\/uploads\/2017\/06\/JessicaMaiwenn-26.jpg","width":1200,"height":800},{"@type":"BreadcrumbList","@id":"https:\/\/www.les-photos-de-mon-mariage.fr\/blog\/mariage-de-jessica-et-de-maiwenn\/#breadcrumb","itemListElement":[{"@type":"ListItem","position":1,"name":"Accueil","item":"https:\/\/www.les-photos-de-mon-mariage.fr\/blog\/"},{"@type":"ListItem","position":2,"name":"Mariage de Jessica et de Maiwenn"}]},{"@type":"WebSite","@id":"https:\/\/www.les-photos-de-mon-mariage.fr\/blog\/#website","url":"https:\/\/www.les-photos-de-mon-mariage.fr\/blog\/","name":"Le blog d'un photographe mariage","description":"Thomas Lamart | Votre photographe mariage en Seine-et-marne","publisher":{"@id":"https:\/\/www.les-photos-de-mon-mariage.fr\/blog\/#\/schema\/person\/e311f978808719b066047d2ca870eed7"},"potentialAction":[{"@type":"SearchAction","target":{"@type":"EntryPoint","urlTemplate":"https:\/\/www.les-photos-de-mon-mariage.fr\/blog\/?s={search_term_string}"},"query-input":{"@type":"PropertyValueSpecification","valueRequired":true,"valueName":"search_term_string"}}],"inLanguage":"fr-FR"},{"@type":["Person","Organization"],"@id":"https:\/\/www.les-photos-de-mon-mariage.fr\/blog\/#\/schema\/person\/e311f978808719b066047d2ca870eed7","name":"Thomas","image":{"@type":"ImageObject","inLanguage":"fr-FR","@id":"https:\/\/www.les-photos-de-mon-mariage.fr\/blog\/wp-content\/uploads\/2024\/03\/accueil.jpg","url":"https:\/\/www.les-photos-de-mon-mariage.fr\/blog\/wp-content\/uploads\/2024\/03\/accueil.jpg","contentUrl":"https:\/\/www.les-photos-de-mon-mariage.fr\/blog\/wp-content\/uploads\/2024\/03\/accueil.jpg","width":700,"height":489,"caption":"Thomas"},"logo":{"@id":"https:\/\/www.les-photos-de-mon-mariage.fr\/blog\/wp-content\/uploads\/2024\/03\/accueil.jpg"},"sameAs":["https:\/\/www.les-photos-de-mon-mariage.fr","https:\/\/www.facebook.com\/thomas.lamart\/","https:\/\/www.instagram.com\/les.photos.de.mon.mariage\/"],"url":"https:\/\/www.les-photos-de-mon-mariage.fr\/blog\/author\/thomasadmin\/"}]}},"_links":{"self":[{"href":"https:\/\/www.les-photos-de-mon-mariage.fr\/blog\/wp-json\/wp\/v2\/posts\/640","targetHints":{"allow":["GET"]}}],"collection":[{"href":"https:\/\/www.les-photos-de-mon-mariage.fr\/blog\/wp-json\/wp\/v2\/posts"}],"about":[{"href":"https:\/\/www.les-photos-de-mon-mariage.fr\/blog\/wp-json\/wp\/v2\/types\/post"}],"author":[{"embeddable":true,"href":"https:\/\/www.les-photos-de-mon-mariage.fr\/blog\/wp-json\/wp\/v2\/users\/1"}],"replies":[{"embeddable":true,"href":"https:\/\/www.les-photos-de-mon-mariage.fr\/blog\/wp-json\/wp\/v2\/comments?post=640"}],"version-history":[{"count":3,"href":"https:\/\/www.les-photos-de-mon-mariage.fr\/blog\/wp-json\/wp\/v2\/posts\/640\/revisions"}],"predecessor-version":[{"id":689,"href":"https:\/\/www.les-photos-de-mon-mariage.fr\/blog\/wp-json\/wp\/v2\/posts\/640\/revisions\/689"}],"wp:attachment":[{"href":"https:\/\/www.les-photos-de-mon-mariage.fr\/blog\/wp-json\/wp\/v2\/media?parent=640"}],"wp:term":[{"taxonomy":"category","embeddable":true,"href":"https:\/\/www.les-photos-de-mon-mariage.fr\/blog\/wp-json\/wp\/v2\/categories?post=640"},{"taxonomy":"post_tag","embeddable":true,"href":"https:\/\/www.les-photos-de-mon-mariage.fr\/blog\/wp-json\/wp\/v2\/tags?post=640"}],"curies":[{"name":"wp","href":"https:\/\/api.w.org\/{rel}","templated":true}]}}