{"id":702,"date":"2017-09-13T13:07:03","date_gmt":"2017-09-13T11:07:03","guid":{"rendered":"http:\/\/www.les-photos-de-mon-mariage.fr\/blog\/?p=702"},"modified":"2017-09-13T13:07:03","modified_gmt":"2017-09-13T11:07:03","slug":"seance-dengagement-de-celine-et-jerome","status":"publish","type":"post","link":"https:\/\/www.les-photos-de-mon-mariage.fr\/blog\/seance-dengagement-de-celine-et-jerome\/","title":{"rendered":"S\u00e9ance d\u2019engagement de C\u00e9line et J\u00e9r\u00f4me"},"content":{"rendered":"<p>Bonjour \u00e0 tous,<\/p>\n<p>Entre les week-ends \u00ab\u00a0mariage\u00a0\u00bb (planning charg\u00e9 en ce moment) et les heures pass\u00e9es sur le traitement des photos, je viens de me rendre compte que mon blog n&rsquo;\u00e9tait pas tr\u00e8s \u00e0 jour !!<\/p>\n<p>Aujourd&rsquo;hui, je reviens donc sur une s\u00e9ance d&rsquo;engagement partag\u00e9e avec C\u00e9line et J\u00e9r\u00f4me, d\u00e9but aout&#8230; A l&rsquo;heure ou j&rsquo;\u00e9cris ces quelques lignes, je suis en train d&rsquo;effectuer le post-traitement des photos de leur mariage&#8230; Et oui, il \u00e9tait temps de parler de cet moment tr\u00e8s sympa !<\/p>\n<p>Voici une petite s\u00e9lection pour patienter avant les photos de ce chouette mariage&#8230;<\/p>\n<p>&nbsp;<\/p>\n<p><img loading=\"lazy\" decoding=\"async\" class=\"alignnone size-full wp-image-703\" src=\"http:\/\/www.les-photos-de-mon-mariage.fr\/blog\/wp-content\/uploads\/2017\/09\/CelineJerome-27.jpg\" alt=\"Celine&amp;Jerome-27\" width=\"533\" height=\"800\" srcset=\"https:\/\/www.les-photos-de-mon-mariage.fr\/blog\/wp-content\/uploads\/2017\/09\/CelineJerome-27.jpg 533w, https:\/\/www.les-photos-de-mon-mariage.fr\/blog\/wp-content\/uploads\/2017\/09\/CelineJerome-27-200x300.jpg 200w\" sizes=\"auto, (max-width: 533px) 100vw, 533px\" \/> <img loading=\"lazy\" decoding=\"async\" class=\"alignnone size-large wp-image-704\" src=\"http:\/\/www.les-photos-de-mon-mariage.fr\/blog\/wp-content\/uploads\/2017\/09\/CelineJerome-2-1024x683.jpg\" alt=\"Celine&amp;Jerome-2\" width=\"685\" height=\"457\" srcset=\"https:\/\/www.les-photos-de-mon-mariage.fr\/blog\/wp-content\/uploads\/2017\/09\/CelineJerome-2-1024x683.jpg 1024w, https:\/\/www.les-photos-de-mon-mariage.fr\/blog\/wp-content\/uploads\/2017\/09\/CelineJerome-2-300x200.jpg 300w, https:\/\/www.les-photos-de-mon-mariage.fr\/blog\/wp-content\/uploads\/2017\/09\/CelineJerome-2-768x512.jpg 768w, https:\/\/www.les-photos-de-mon-mariage.fr\/blog\/wp-content\/uploads\/2017\/09\/CelineJerome-2-685x457.jpg 685w, https:\/\/www.les-photos-de-mon-mariage.fr\/blog\/wp-content\/uploads\/2017\/09\/CelineJerome-2.jpg 1200w\" sizes=\"auto, (max-width: 685px) 100vw, 685px\" \/> <img loading=\"lazy\" decoding=\"async\" class=\"alignnone size-large wp-image-705\" src=\"http:\/\/www.les-photos-de-mon-mariage.fr\/blog\/wp-content\/uploads\/2017\/09\/CelineJerome-4-1024x683.jpg\" alt=\"Celine&amp;Jerome-4\" width=\"685\" height=\"457\" srcset=\"https:\/\/www.les-photos-de-mon-mariage.fr\/blog\/wp-content\/uploads\/2017\/09\/CelineJerome-4-1024x683.jpg 1024w, https:\/\/www.les-photos-de-mon-mariage.fr\/blog\/wp-content\/uploads\/2017\/09\/CelineJerome-4-300x200.jpg 300w, https:\/\/www.les-photos-de-mon-mariage.fr\/blog\/wp-content\/uploads\/2017\/09\/CelineJerome-4-768x512.jpg 768w, https:\/\/www.les-photos-de-mon-mariage.fr\/blog\/wp-content\/uploads\/2017\/09\/CelineJerome-4-685x457.jpg 685w, https:\/\/www.les-photos-de-mon-mariage.fr\/blog\/wp-content\/uploads\/2017\/09\/CelineJerome-4.jpg 1200w\" sizes=\"auto, (max-width: 685px) 100vw, 685px\" \/> <img loading=\"lazy\" decoding=\"async\" class=\"alignnone size-large wp-image-706\" src=\"http:\/\/www.les-photos-de-mon-mariage.fr\/blog\/wp-content\/uploads\/2017\/09\/CelineJerome-8-1024x683.jpg\" alt=\"Celine&amp;Jerome-8\" width=\"685\" height=\"457\" srcset=\"https:\/\/www.les-photos-de-mon-mariage.fr\/blog\/wp-content\/uploads\/2017\/09\/CelineJerome-8-1024x683.jpg 1024w, https:\/\/www.les-photos-de-mon-mariage.fr\/blog\/wp-content\/uploads\/2017\/09\/CelineJerome-8-300x200.jpg 300w, https:\/\/www.les-photos-de-mon-mariage.fr\/blog\/wp-content\/uploads\/2017\/09\/CelineJerome-8-768x512.jpg 768w, https:\/\/www.les-photos-de-mon-mariage.fr\/blog\/wp-content\/uploads\/2017\/09\/CelineJerome-8-685x457.jpg 685w, https:\/\/www.les-photos-de-mon-mariage.fr\/blog\/wp-content\/uploads\/2017\/09\/CelineJerome-8.jpg 1200w\" sizes=\"auto, (max-width: 685px) 100vw, 685px\" \/> <img loading=\"lazy\" decoding=\"async\" class=\"alignnone size-large wp-image-707\" src=\"http:\/\/www.les-photos-de-mon-mariage.fr\/blog\/wp-content\/uploads\/2017\/09\/CelineJerome-11-1024x683.jpg\" alt=\"Celine&amp;Jerome-11\" width=\"685\" height=\"457\" srcset=\"https:\/\/www.les-photos-de-mon-mariage.fr\/blog\/wp-content\/uploads\/2017\/09\/CelineJerome-11-1024x683.jpg 1024w, https:\/\/www.les-photos-de-mon-mariage.fr\/blog\/wp-content\/uploads\/2017\/09\/CelineJerome-11-300x200.jpg 300w, https:\/\/www.les-photos-de-mon-mariage.fr\/blog\/wp-content\/uploads\/2017\/09\/CelineJerome-11-768x512.jpg 768w, https:\/\/www.les-photos-de-mon-mariage.fr\/blog\/wp-content\/uploads\/2017\/09\/CelineJerome-11-685x457.jpg 685w, https:\/\/www.les-photos-de-mon-mariage.fr\/blog\/wp-content\/uploads\/2017\/09\/CelineJerome-11.jpg 1200w\" sizes=\"auto, (max-width: 685px) 100vw, 685px\" \/><\/p>\n","protected":false},"excerpt":{"rendered":"<p>Bonjour \u00e0 tous, Entre les week-ends \u00ab\u00a0mariage\u00a0\u00bb (planning charg\u00e9 en ce moment) et les heures pass\u00e9es sur le traitement des photos, je viens de me rendre compte que mon blog n&rsquo;\u00e9tait pas tr\u00e8s \u00e0 jour !! Aujourd&rsquo;hui, je reviens donc sur une s\u00e9ance d&rsquo;engagement partag\u00e9e avec C\u00e9line et J\u00e9r\u00f4me, d\u00e9but aout&#8230; A l&rsquo;heure ou j&rsquo;\u00e9cris ces quelques lignes, je suis en train d&rsquo;effectuer le post-traitement &hellip; <a href=\"https:\/\/www.les-photos-de-mon-mariage.fr\/blog\/seance-dengagement-de-celine-et-jerome\/\" class=\"more-link\">Continue reading <span class=\"screen-reader-text\">S\u00e9ance d\u2019engagement de C\u00e9line et J\u00e9r\u00f4me<\/span> <span class=\"meta-nav\">&raquo;<\/span><\/a><\/p>\n","protected":false},"author":1,"featured_media":0,"comment_status":"open","ping_status":"open","sticky":false,"template":"","format":"standard","meta":{"footnotes":""},"categories":[11],"tags":[],"class_list":["post-702","post","type-post","status-publish","format-standard","hentry","category-seance-dengagement"],"yoast_head":"<!-- This site is optimized with the Yoast SEO plugin v27.5 - https:\/\/yoast.com\/product\/yoast-seo-wordpress\/ -->\n<title>S\u00e9ance d\u2019engagement de C\u00e9line et J\u00e9r\u00f4me - Le blog d&#039;un photographe mariage<\/title>\n<meta name=\"robots\" content=\"index, follow, max-snippet:-1, max-image-preview:large, max-video-preview:-1\" \/>\n<link rel=\"canonical\" href=\"https:\/\/www.les-photos-de-mon-mariage.fr\/blog\/seance-dengagement-de-celine-et-jerome\/\" \/>\n<meta property=\"og:locale\" content=\"fr_FR\" \/>\n<meta property=\"og:type\" content=\"article\" \/>\n<meta property=\"og:title\" content=\"S\u00e9ance d\u2019engagement de C\u00e9line et J\u00e9r\u00f4me - Le blog d&#039;un photographe mariage\" \/>\n<meta property=\"og:description\" content=\"Bonjour \u00e0 tous, Entre les week-ends \u00ab\u00a0mariage\u00a0\u00bb (planning charg\u00e9 en ce moment) et les heures pass\u00e9es sur le traitement des photos, je viens de me rendre compte que mon blog n&rsquo;\u00e9tait pas tr\u00e8s \u00e0 jour !! Aujourd&rsquo;hui, je reviens donc sur une s\u00e9ance d&rsquo;engagement partag\u00e9e avec C\u00e9line et J\u00e9r\u00f4me, d\u00e9but aout&#8230; A l&rsquo;heure ou j&rsquo;\u00e9cris ces quelques lignes, je suis en train d&rsquo;effectuer le post-traitement &hellip; Continue reading S\u00e9ance d\u2019engagement de C\u00e9line et J\u00e9r\u00f4me &raquo;\" \/>\n<meta property=\"og:url\" content=\"https:\/\/www.les-photos-de-mon-mariage.fr\/blog\/seance-dengagement-de-celine-et-jerome\/\" \/>\n<meta property=\"og:site_name\" content=\"Le blog d&#039;un photographe mariage\" \/>\n<meta property=\"article:publisher\" content=\"https:\/\/www.facebook.com\/thomas.lamart\/\" \/>\n<meta property=\"article:author\" content=\"https:\/\/www.facebook.com\/thomas.lamart\/\" \/>\n<meta property=\"article:published_time\" content=\"2017-09-13T11:07:03+00:00\" \/>\n<meta property=\"og:image\" content=\"http:\/\/www.les-photos-de-mon-mariage.fr\/blog\/wp-content\/uploads\/2017\/09\/CelineJerome-27.jpg\" \/>\n<meta name=\"author\" content=\"Thomas\" \/>\n<meta name=\"twitter:card\" content=\"summary_large_image\" \/>\n<meta name=\"twitter:label1\" content=\"\u00c9crit par\" \/>\n\t<meta name=\"twitter:data1\" content=\"Thomas\" \/>\n\t<meta name=\"twitter:label2\" content=\"Dur\u00e9e de lecture estim\u00e9e\" \/>\n\t<meta name=\"twitter:data2\" content=\"1 minute\" \/>\n<script type=\"application\/ld+json\" class=\"yoast-schema-graph\">{\"@context\":\"https:\\\/\\\/schema.org\",\"@graph\":[{\"@type\":\"Article\",\"@id\":\"https:\\\/\\\/www.les-photos-de-mon-mariage.fr\\\/blog\\\/seance-dengagement-de-celine-et-jerome\\\/#article\",\"isPartOf\":{\"@id\":\"https:\\\/\\\/www.les-photos-de-mon-mariage.fr\\\/blog\\\/seance-dengagement-de-celine-et-jerome\\\/\"},\"author\":{\"name\":\"Thomas\",\"@id\":\"https:\\\/\\\/www.les-photos-de-mon-mariage.fr\\\/blog\\\/#\\\/schema\\\/person\\\/e311f978808719b066047d2ca870eed7\"},\"headline\":\"S\u00e9ance d\u2019engagement de C\u00e9line et J\u00e9r\u00f4me\",\"datePublished\":\"2017-09-13T11:07:03+00:00\",\"mainEntityOfPage\":{\"@id\":\"https:\\\/\\\/www.les-photos-de-mon-mariage.fr\\\/blog\\\/seance-dengagement-de-celine-et-jerome\\\/\"},\"wordCount\":120,\"commentCount\":0,\"publisher\":{\"@id\":\"https:\\\/\\\/www.les-photos-de-mon-mariage.fr\\\/blog\\\/#\\\/schema\\\/person\\\/e311f978808719b066047d2ca870eed7\"},\"image\":{\"@id\":\"https:\\\/\\\/www.les-photos-de-mon-mariage.fr\\\/blog\\\/seance-dengagement-de-celine-et-jerome\\\/#primaryimage\"},\"thumbnailUrl\":\"http:\\\/\\\/www.les-photos-de-mon-mariage.fr\\\/blog\\\/wp-content\\\/uploads\\\/2017\\\/09\\\/CelineJerome-27.jpg\",\"articleSection\":[\"s\u00e9ance d'engagement\"],\"inLanguage\":\"fr-FR\",\"potentialAction\":[{\"@type\":\"CommentAction\",\"name\":\"Comment\",\"target\":[\"https:\\\/\\\/www.les-photos-de-mon-mariage.fr\\\/blog\\\/seance-dengagement-de-celine-et-jerome\\\/#respond\"]}]},{\"@type\":\"WebPage\",\"@id\":\"https:\\\/\\\/www.les-photos-de-mon-mariage.fr\\\/blog\\\/seance-dengagement-de-celine-et-jerome\\\/\",\"url\":\"https:\\\/\\\/www.les-photos-de-mon-mariage.fr\\\/blog\\\/seance-dengagement-de-celine-et-jerome\\\/\",\"name\":\"S\u00e9ance d\u2019engagement de C\u00e9line et J\u00e9r\u00f4me - Le blog d&#039;un photographe mariage\",\"isPartOf\":{\"@id\":\"https:\\\/\\\/www.les-photos-de-mon-mariage.fr\\\/blog\\\/#website\"},\"primaryImageOfPage\":{\"@id\":\"https:\\\/\\\/www.les-photos-de-mon-mariage.fr\\\/blog\\\/seance-dengagement-de-celine-et-jerome\\\/#primaryimage\"},\"image\":{\"@id\":\"https:\\\/\\\/www.les-photos-de-mon-mariage.fr\\\/blog\\\/seance-dengagement-de-celine-et-jerome\\\/#primaryimage\"},\"thumbnailUrl\":\"http:\\\/\\\/www.les-photos-de-mon-mariage.fr\\\/blog\\\/wp-content\\\/uploads\\\/2017\\\/09\\\/CelineJerome-27.jpg\",\"datePublished\":\"2017-09-13T11:07:03+00:00\",\"breadcrumb\":{\"@id\":\"https:\\\/\\\/www.les-photos-de-mon-mariage.fr\\\/blog\\\/seance-dengagement-de-celine-et-jerome\\\/#breadcrumb\"},\"inLanguage\":\"fr-FR\",\"potentialAction\":[{\"@type\":\"ReadAction\",\"target\":[\"https:\\\/\\\/www.les-photos-de-mon-mariage.fr\\\/blog\\\/seance-dengagement-de-celine-et-jerome\\\/\"]}]},{\"@type\":\"ImageObject\",\"inLanguage\":\"fr-FR\",\"@id\":\"https:\\\/\\\/www.les-photos-de-mon-mariage.fr\\\/blog\\\/seance-dengagement-de-celine-et-jerome\\\/#primaryimage\",\"url\":\"https:\\\/\\\/www.les-photos-de-mon-mariage.fr\\\/blog\\\/wp-content\\\/uploads\\\/2017\\\/09\\\/CelineJerome-27.jpg\",\"contentUrl\":\"https:\\\/\\\/www.les-photos-de-mon-mariage.fr\\\/blog\\\/wp-content\\\/uploads\\\/2017\\\/09\\\/CelineJerome-27.jpg\",\"width\":533,\"height\":800},{\"@type\":\"BreadcrumbList\",\"@id\":\"https:\\\/\\\/www.les-photos-de-mon-mariage.fr\\\/blog\\\/seance-dengagement-de-celine-et-jerome\\\/#breadcrumb\",\"itemListElement\":[{\"@type\":\"ListItem\",\"position\":1,\"name\":\"Accueil\",\"item\":\"https:\\\/\\\/www.les-photos-de-mon-mariage.fr\\\/blog\\\/\"},{\"@type\":\"ListItem\",\"position\":2,\"name\":\"S\u00e9ance d\u2019engagement de C\u00e9line et J\u00e9r\u00f4me\"}]},{\"@type\":\"WebSite\",\"@id\":\"https:\\\/\\\/www.les-photos-de-mon-mariage.fr\\\/blog\\\/#website\",\"url\":\"https:\\\/\\\/www.les-photos-de-mon-mariage.fr\\\/blog\\\/\",\"name\":\"Le blog d'un photographe mariage\",\"description\":\"Thomas Lamart | Votre photographe mariage en Seine-et-marne\",\"publisher\":{\"@id\":\"https:\\\/\\\/www.les-photos-de-mon-mariage.fr\\\/blog\\\/#\\\/schema\\\/person\\\/e311f978808719b066047d2ca870eed7\"},\"potentialAction\":[{\"@type\":\"SearchAction\",\"target\":{\"@type\":\"EntryPoint\",\"urlTemplate\":\"https:\\\/\\\/www.les-photos-de-mon-mariage.fr\\\/blog\\\/?s={search_term_string}\"},\"query-input\":{\"@type\":\"PropertyValueSpecification\",\"valueRequired\":true,\"valueName\":\"search_term_string\"}}],\"inLanguage\":\"fr-FR\"},{\"@type\":[\"Person\",\"Organization\"],\"@id\":\"https:\\\/\\\/www.les-photos-de-mon-mariage.fr\\\/blog\\\/#\\\/schema\\\/person\\\/e311f978808719b066047d2ca870eed7\",\"name\":\"Thomas\",\"image\":{\"@type\":\"ImageObject\",\"inLanguage\":\"fr-FR\",\"@id\":\"https:\\\/\\\/www.les-photos-de-mon-mariage.fr\\\/blog\\\/wp-content\\\/uploads\\\/2024\\\/03\\\/accueil.jpg\",\"url\":\"https:\\\/\\\/www.les-photos-de-mon-mariage.fr\\\/blog\\\/wp-content\\\/uploads\\\/2024\\\/03\\\/accueil.jpg\",\"contentUrl\":\"https:\\\/\\\/www.les-photos-de-mon-mariage.fr\\\/blog\\\/wp-content\\\/uploads\\\/2024\\\/03\\\/accueil.jpg\",\"width\":700,\"height\":489,\"caption\":\"Thomas\"},\"logo\":{\"@id\":\"https:\\\/\\\/www.les-photos-de-mon-mariage.fr\\\/blog\\\/wp-content\\\/uploads\\\/2024\\\/03\\\/accueil.jpg\"},\"sameAs\":[\"https:\\\/\\\/www.les-photos-de-mon-mariage.fr\",\"https:\\\/\\\/www.facebook.com\\\/thomas.lamart\\\/\",\"https:\\\/\\\/www.instagram.com\\\/les.photos.de.mon.mariage\\\/\"],\"url\":\"https:\\\/\\\/www.les-photos-de-mon-mariage.fr\\\/blog\\\/author\\\/thomasadmin\\\/\"}]}<\/script>\n<!-- \/ Yoast SEO plugin. -->","yoast_head_json":{"title":"S\u00e9ance d\u2019engagement de C\u00e9line et J\u00e9r\u00f4me - Le blog d&#039;un photographe mariage","robots":{"index":"index","follow":"follow","max-snippet":"max-snippet:-1","max-image-preview":"max-image-preview:large","max-video-preview":"max-video-preview:-1"},"canonical":"https:\/\/www.les-photos-de-mon-mariage.fr\/blog\/seance-dengagement-de-celine-et-jerome\/","og_locale":"fr_FR","og_type":"article","og_title":"S\u00e9ance d\u2019engagement de C\u00e9line et J\u00e9r\u00f4me - Le blog d&#039;un photographe mariage","og_description":"Bonjour \u00e0 tous, Entre les week-ends \u00ab\u00a0mariage\u00a0\u00bb (planning charg\u00e9 en ce moment) et les heures pass\u00e9es sur le traitement des photos, je viens de me rendre compte que mon blog n&rsquo;\u00e9tait pas tr\u00e8s \u00e0 jour !! Aujourd&rsquo;hui, je reviens donc sur une s\u00e9ance d&rsquo;engagement partag\u00e9e avec C\u00e9line et J\u00e9r\u00f4me, d\u00e9but aout&#8230; A l&rsquo;heure ou j&rsquo;\u00e9cris ces quelques lignes, je suis en train d&rsquo;effectuer le post-traitement &hellip; Continue reading S\u00e9ance d\u2019engagement de C\u00e9line et J\u00e9r\u00f4me &raquo;","og_url":"https:\/\/www.les-photos-de-mon-mariage.fr\/blog\/seance-dengagement-de-celine-et-jerome\/","og_site_name":"Le blog d&#039;un photographe mariage","article_publisher":"https:\/\/www.facebook.com\/thomas.lamart\/","article_author":"https:\/\/www.facebook.com\/thomas.lamart\/","article_published_time":"2017-09-13T11:07:03+00:00","og_image":[{"url":"http:\/\/www.les-photos-de-mon-mariage.fr\/blog\/wp-content\/uploads\/2017\/09\/CelineJerome-27.jpg","type":"","width":"","height":""}],"author":"Thomas","twitter_card":"summary_large_image","twitter_misc":{"\u00c9crit par":"Thomas","Dur\u00e9e de lecture estim\u00e9e":"1 minute"},"schema":{"@context":"https:\/\/schema.org","@graph":[{"@type":"Article","@id":"https:\/\/www.les-photos-de-mon-mariage.fr\/blog\/seance-dengagement-de-celine-et-jerome\/#article","isPartOf":{"@id":"https:\/\/www.les-photos-de-mon-mariage.fr\/blog\/seance-dengagement-de-celine-et-jerome\/"},"author":{"name":"Thomas","@id":"https:\/\/www.les-photos-de-mon-mariage.fr\/blog\/#\/schema\/person\/e311f978808719b066047d2ca870eed7"},"headline":"S\u00e9ance d\u2019engagement de C\u00e9line et J\u00e9r\u00f4me","datePublished":"2017-09-13T11:07:03+00:00","mainEntityOfPage":{"@id":"https:\/\/www.les-photos-de-mon-mariage.fr\/blog\/seance-dengagement-de-celine-et-jerome\/"},"wordCount":120,"commentCount":0,"publisher":{"@id":"https:\/\/www.les-photos-de-mon-mariage.fr\/blog\/#\/schema\/person\/e311f978808719b066047d2ca870eed7"},"image":{"@id":"https:\/\/www.les-photos-de-mon-mariage.fr\/blog\/seance-dengagement-de-celine-et-jerome\/#primaryimage"},"thumbnailUrl":"http:\/\/www.les-photos-de-mon-mariage.fr\/blog\/wp-content\/uploads\/2017\/09\/CelineJerome-27.jpg","articleSection":["s\u00e9ance d'engagement"],"inLanguage":"fr-FR","potentialAction":[{"@type":"CommentAction","name":"Comment","target":["https:\/\/www.les-photos-de-mon-mariage.fr\/blog\/seance-dengagement-de-celine-et-jerome\/#respond"]}]},{"@type":"WebPage","@id":"https:\/\/www.les-photos-de-mon-mariage.fr\/blog\/seance-dengagement-de-celine-et-jerome\/","url":"https:\/\/www.les-photos-de-mon-mariage.fr\/blog\/seance-dengagement-de-celine-et-jerome\/","name":"S\u00e9ance d\u2019engagement de C\u00e9line et J\u00e9r\u00f4me - Le blog d&#039;un photographe mariage","isPartOf":{"@id":"https:\/\/www.les-photos-de-mon-mariage.fr\/blog\/#website"},"primaryImageOfPage":{"@id":"https:\/\/www.les-photos-de-mon-mariage.fr\/blog\/seance-dengagement-de-celine-et-jerome\/#primaryimage"},"image":{"@id":"https:\/\/www.les-photos-de-mon-mariage.fr\/blog\/seance-dengagement-de-celine-et-jerome\/#primaryimage"},"thumbnailUrl":"http:\/\/www.les-photos-de-mon-mariage.fr\/blog\/wp-content\/uploads\/2017\/09\/CelineJerome-27.jpg","datePublished":"2017-09-13T11:07:03+00:00","breadcrumb":{"@id":"https:\/\/www.les-photos-de-mon-mariage.fr\/blog\/seance-dengagement-de-celine-et-jerome\/#breadcrumb"},"inLanguage":"fr-FR","potentialAction":[{"@type":"ReadAction","target":["https:\/\/www.les-photos-de-mon-mariage.fr\/blog\/seance-dengagement-de-celine-et-jerome\/"]}]},{"@type":"ImageObject","inLanguage":"fr-FR","@id":"https:\/\/www.les-photos-de-mon-mariage.fr\/blog\/seance-dengagement-de-celine-et-jerome\/#primaryimage","url":"https:\/\/www.les-photos-de-mon-mariage.fr\/blog\/wp-content\/uploads\/2017\/09\/CelineJerome-27.jpg","contentUrl":"https:\/\/www.les-photos-de-mon-mariage.fr\/blog\/wp-content\/uploads\/2017\/09\/CelineJerome-27.jpg","width":533,"height":800},{"@type":"BreadcrumbList","@id":"https:\/\/www.les-photos-de-mon-mariage.fr\/blog\/seance-dengagement-de-celine-et-jerome\/#breadcrumb","itemListElement":[{"@type":"ListItem","position":1,"name":"Accueil","item":"https:\/\/www.les-photos-de-mon-mariage.fr\/blog\/"},{"@type":"ListItem","position":2,"name":"S\u00e9ance d\u2019engagement de C\u00e9line et J\u00e9r\u00f4me"}]},{"@type":"WebSite","@id":"https:\/\/www.les-photos-de-mon-mariage.fr\/blog\/#website","url":"https:\/\/www.les-photos-de-mon-mariage.fr\/blog\/","name":"Le blog d'un photographe mariage","description":"Thomas Lamart | Votre photographe mariage en Seine-et-marne","publisher":{"@id":"https:\/\/www.les-photos-de-mon-mariage.fr\/blog\/#\/schema\/person\/e311f978808719b066047d2ca870eed7"},"potentialAction":[{"@type":"SearchAction","target":{"@type":"EntryPoint","urlTemplate":"https:\/\/www.les-photos-de-mon-mariage.fr\/blog\/?s={search_term_string}"},"query-input":{"@type":"PropertyValueSpecification","valueRequired":true,"valueName":"search_term_string"}}],"inLanguage":"fr-FR"},{"@type":["Person","Organization"],"@id":"https:\/\/www.les-photos-de-mon-mariage.fr\/blog\/#\/schema\/person\/e311f978808719b066047d2ca870eed7","name":"Thomas","image":{"@type":"ImageObject","inLanguage":"fr-FR","@id":"https:\/\/www.les-photos-de-mon-mariage.fr\/blog\/wp-content\/uploads\/2024\/03\/accueil.jpg","url":"https:\/\/www.les-photos-de-mon-mariage.fr\/blog\/wp-content\/uploads\/2024\/03\/accueil.jpg","contentUrl":"https:\/\/www.les-photos-de-mon-mariage.fr\/blog\/wp-content\/uploads\/2024\/03\/accueil.jpg","width":700,"height":489,"caption":"Thomas"},"logo":{"@id":"https:\/\/www.les-photos-de-mon-mariage.fr\/blog\/wp-content\/uploads\/2024\/03\/accueil.jpg"},"sameAs":["https:\/\/www.les-photos-de-mon-mariage.fr","https:\/\/www.facebook.com\/thomas.lamart\/","https:\/\/www.instagram.com\/les.photos.de.mon.mariage\/"],"url":"https:\/\/www.les-photos-de-mon-mariage.fr\/blog\/author\/thomasadmin\/"}]}},"_links":{"self":[{"href":"https:\/\/www.les-photos-de-mon-mariage.fr\/blog\/wp-json\/wp\/v2\/posts\/702","targetHints":{"allow":["GET"]}}],"collection":[{"href":"https:\/\/www.les-photos-de-mon-mariage.fr\/blog\/wp-json\/wp\/v2\/posts"}],"about":[{"href":"https:\/\/www.les-photos-de-mon-mariage.fr\/blog\/wp-json\/wp\/v2\/types\/post"}],"author":[{"embeddable":true,"href":"https:\/\/www.les-photos-de-mon-mariage.fr\/blog\/wp-json\/wp\/v2\/users\/1"}],"replies":[{"embeddable":true,"href":"https:\/\/www.les-photos-de-mon-mariage.fr\/blog\/wp-json\/wp\/v2\/comments?post=702"}],"version-history":[{"count":1,"href":"https:\/\/www.les-photos-de-mon-mariage.fr\/blog\/wp-json\/wp\/v2\/posts\/702\/revisions"}],"predecessor-version":[{"id":708,"href":"https:\/\/www.les-photos-de-mon-mariage.fr\/blog\/wp-json\/wp\/v2\/posts\/702\/revisions\/708"}],"wp:attachment":[{"href":"https:\/\/www.les-photos-de-mon-mariage.fr\/blog\/wp-json\/wp\/v2\/media?parent=702"}],"wp:term":[{"taxonomy":"category","embeddable":true,"href":"https:\/\/www.les-photos-de-mon-mariage.fr\/blog\/wp-json\/wp\/v2\/categories?post=702"},{"taxonomy":"post_tag","embeddable":true,"href":"https:\/\/www.les-photos-de-mon-mariage.fr\/blog\/wp-json\/wp\/v2\/tags?post=702"}],"curies":[{"name":"wp","href":"https:\/\/api.w.org\/{rel}","templated":true}]}}