{"id":709,"date":"2017-09-15T09:43:05","date_gmt":"2017-09-15T07:43:05","guid":{"rendered":"http:\/\/www.les-photos-de-mon-mariage.fr\/blog\/?p=709"},"modified":"2017-09-15T09:43:05","modified_gmt":"2017-09-15T07:43:05","slug":"mariage-de-laetitia-et-jeremy","status":"publish","type":"post","link":"https:\/\/www.les-photos-de-mon-mariage.fr\/blog\/mariage-de-laetitia-et-jeremy\/","title":{"rendered":"Mariage de Laetitia et de J\u00e9r\u00e9my"},"content":{"rendered":"<p>Bonjour \u00e0 tous,<\/p>\n<p>La semaine derni\u00e8re, Laetitia et J\u00e9r\u00e9my d\u00e9couvraient les photos de leur mariage. Celui-ci s&rsquo;est d\u00e9roul\u00e9 le dernier samedi d&rsquo;aout, autour du Val d&rsquo;Europe ! (On peut pas tout le temps \u00eatre \u00e0 l&rsquo;autre bout de la France hein ! ^^)<\/p>\n<p>De magnifiques saris color\u00e9s, une chouette ambiance de f\u00eate, de belles c\u00e9r\u00e9monies de mariage&#8230; Aucun doute sur le fait que cette journ\u00e9e \u00e9tait une vraie r\u00e9ussite !<\/p>\n<p>A tr\u00e8s vite pour le suite !<\/p>\n<p><img loading=\"lazy\" decoding=\"async\" src=\"http:\/\/www.les-photos-de-mon-mariage.fr\/blog\/wp-content\/uploads\/2017\/09\/LaetitiaJeremy-284-1024x683.jpg\" alt=\"\" width=\"685\" height=\"457\" class=\"alignnone size-large wp-image-710\" srcset=\"https:\/\/www.les-photos-de-mon-mariage.fr\/blog\/wp-content\/uploads\/2017\/09\/LaetitiaJeremy-284-1024x683.jpg 1024w, https:\/\/www.les-photos-de-mon-mariage.fr\/blog\/wp-content\/uploads\/2017\/09\/LaetitiaJeremy-284-300x200.jpg 300w, https:\/\/www.les-photos-de-mon-mariage.fr\/blog\/wp-content\/uploads\/2017\/09\/LaetitiaJeremy-284-768x512.jpg 768w, https:\/\/www.les-photos-de-mon-mariage.fr\/blog\/wp-content\/uploads\/2017\/09\/LaetitiaJeremy-284-685x457.jpg 685w, https:\/\/www.les-photos-de-mon-mariage.fr\/blog\/wp-content\/uploads\/2017\/09\/LaetitiaJeremy-284.jpg 1200w\" sizes=\"auto, (max-width: 685px) 100vw, 685px\" \/><\/p>\n<p><img loading=\"lazy\" decoding=\"async\" src=\"http:\/\/www.les-photos-de-mon-mariage.fr\/blog\/wp-content\/uploads\/2017\/09\/LaetitiaJeremy-32.jpg\" alt=\"\" width=\"533\" height=\"800\" class=\"alignnone size-large wp-image-711\" srcset=\"https:\/\/www.les-photos-de-mon-mariage.fr\/blog\/wp-content\/uploads\/2017\/09\/LaetitiaJeremy-32.jpg 533w, https:\/\/www.les-photos-de-mon-mariage.fr\/blog\/wp-content\/uploads\/2017\/09\/LaetitiaJeremy-32-200x300.jpg 200w\" sizes=\"auto, (max-width: 533px) 100vw, 533px\" \/><\/p>\n<p><img loading=\"lazy\" decoding=\"async\" src=\"http:\/\/www.les-photos-de-mon-mariage.fr\/blog\/wp-content\/uploads\/2017\/09\/LaetitiaJeremy-31-1024x683.jpg\" alt=\"\" width=\"685\" height=\"457\" class=\"alignnone size-large wp-image-712\" srcset=\"https:\/\/www.les-photos-de-mon-mariage.fr\/blog\/wp-content\/uploads\/2017\/09\/LaetitiaJeremy-31-1024x683.jpg 1024w, https:\/\/www.les-photos-de-mon-mariage.fr\/blog\/wp-content\/uploads\/2017\/09\/LaetitiaJeremy-31-300x200.jpg 300w, https:\/\/www.les-photos-de-mon-mariage.fr\/blog\/wp-content\/uploads\/2017\/09\/LaetitiaJeremy-31-768x512.jpg 768w, https:\/\/www.les-photos-de-mon-mariage.fr\/blog\/wp-content\/uploads\/2017\/09\/LaetitiaJeremy-31-685x457.jpg 685w, https:\/\/www.les-photos-de-mon-mariage.fr\/blog\/wp-content\/uploads\/2017\/09\/LaetitiaJeremy-31.jpg 1200w\" sizes=\"auto, (max-width: 685px) 100vw, 685px\" \/><\/p>\n<p><img loading=\"lazy\" decoding=\"async\" src=\"http:\/\/www.les-photos-de-mon-mariage.fr\/blog\/wp-content\/uploads\/2017\/09\/LaetitiaJeremy-34-1024x683.jpg\" alt=\"\" width=\"685\" height=\"457\" class=\"alignnone size-large wp-image-713\" srcset=\"https:\/\/www.les-photos-de-mon-mariage.fr\/blog\/wp-content\/uploads\/2017\/09\/LaetitiaJeremy-34-1024x683.jpg 1024w, https:\/\/www.les-photos-de-mon-mariage.fr\/blog\/wp-content\/uploads\/2017\/09\/LaetitiaJeremy-34-300x200.jpg 300w, https:\/\/www.les-photos-de-mon-mariage.fr\/blog\/wp-content\/uploads\/2017\/09\/LaetitiaJeremy-34-768x512.jpg 768w, https:\/\/www.les-photos-de-mon-mariage.fr\/blog\/wp-content\/uploads\/2017\/09\/LaetitiaJeremy-34-685x457.jpg 685w, https:\/\/www.les-photos-de-mon-mariage.fr\/blog\/wp-content\/uploads\/2017\/09\/LaetitiaJeremy-34.jpg 1200w\" sizes=\"auto, (max-width: 685px) 100vw, 685px\" \/><\/p>\n<p><img loading=\"lazy\" decoding=\"async\" src=\"http:\/\/www.les-photos-de-mon-mariage.fr\/blog\/wp-content\/uploads\/2017\/09\/LaetitiaJeremy-106-1024x683.jpg\" alt=\"\" width=\"685\" height=\"457\" class=\"alignnone size-large wp-image-714\" srcset=\"https:\/\/www.les-photos-de-mon-mariage.fr\/blog\/wp-content\/uploads\/2017\/09\/LaetitiaJeremy-106-1024x683.jpg 1024w, https:\/\/www.les-photos-de-mon-mariage.fr\/blog\/wp-content\/uploads\/2017\/09\/LaetitiaJeremy-106-300x200.jpg 300w, https:\/\/www.les-photos-de-mon-mariage.fr\/blog\/wp-content\/uploads\/2017\/09\/LaetitiaJeremy-106-768x512.jpg 768w, https:\/\/www.les-photos-de-mon-mariage.fr\/blog\/wp-content\/uploads\/2017\/09\/LaetitiaJeremy-106-685x457.jpg 685w, https:\/\/www.les-photos-de-mon-mariage.fr\/blog\/wp-content\/uploads\/2017\/09\/LaetitiaJeremy-106.jpg 1200w\" sizes=\"auto, (max-width: 685px) 100vw, 685px\" \/><\/p>\n<p><img loading=\"lazy\" decoding=\"async\" src=\"http:\/\/www.les-photos-de-mon-mariage.fr\/blog\/wp-content\/uploads\/2017\/09\/LaetitiaJeremy-99-1024x683.jpg\" alt=\"\" width=\"685\" height=\"457\" class=\"alignnone size-large wp-image-715\" srcset=\"https:\/\/www.les-photos-de-mon-mariage.fr\/blog\/wp-content\/uploads\/2017\/09\/LaetitiaJeremy-99-1024x683.jpg 1024w, https:\/\/www.les-photos-de-mon-mariage.fr\/blog\/wp-content\/uploads\/2017\/09\/LaetitiaJeremy-99-300x200.jpg 300w, https:\/\/www.les-photos-de-mon-mariage.fr\/blog\/wp-content\/uploads\/2017\/09\/LaetitiaJeremy-99-768x512.jpg 768w, https:\/\/www.les-photos-de-mon-mariage.fr\/blog\/wp-content\/uploads\/2017\/09\/LaetitiaJeremy-99-685x457.jpg 685w, https:\/\/www.les-photos-de-mon-mariage.fr\/blog\/wp-content\/uploads\/2017\/09\/LaetitiaJeremy-99.jpg 1200w\" sizes=\"auto, (max-width: 685px) 100vw, 685px\" \/><\/p>\n<p><img loading=\"lazy\" decoding=\"async\" src=\"http:\/\/www.les-photos-de-mon-mariage.fr\/blog\/wp-content\/uploads\/2017\/09\/LaetitiaJeremy-122-1024x683.jpg\" alt=\"\" width=\"685\" height=\"457\" class=\"alignnone size-large wp-image-716\" srcset=\"https:\/\/www.les-photos-de-mon-mariage.fr\/blog\/wp-content\/uploads\/2017\/09\/LaetitiaJeremy-122-1024x683.jpg 1024w, https:\/\/www.les-photos-de-mon-mariage.fr\/blog\/wp-content\/uploads\/2017\/09\/LaetitiaJeremy-122-300x200.jpg 300w, https:\/\/www.les-photos-de-mon-mariage.fr\/blog\/wp-content\/uploads\/2017\/09\/LaetitiaJeremy-122-768x512.jpg 768w, https:\/\/www.les-photos-de-mon-mariage.fr\/blog\/wp-content\/uploads\/2017\/09\/LaetitiaJeremy-122-685x457.jpg 685w, https:\/\/www.les-photos-de-mon-mariage.fr\/blog\/wp-content\/uploads\/2017\/09\/LaetitiaJeremy-122.jpg 1200w\" sizes=\"auto, (max-width: 685px) 100vw, 685px\" \/><\/p>\n<p><img loading=\"lazy\" decoding=\"async\" src=\"http:\/\/www.les-photos-de-mon-mariage.fr\/blog\/wp-content\/uploads\/2017\/09\/LaetitiaJeremy-152-1024x683.jpg\" alt=\"\" width=\"685\" height=\"457\" class=\"alignnone size-large wp-image-717\" srcset=\"https:\/\/www.les-photos-de-mon-mariage.fr\/blog\/wp-content\/uploads\/2017\/09\/LaetitiaJeremy-152-1024x683.jpg 1024w, https:\/\/www.les-photos-de-mon-mariage.fr\/blog\/wp-content\/uploads\/2017\/09\/LaetitiaJeremy-152-300x200.jpg 300w, https:\/\/www.les-photos-de-mon-mariage.fr\/blog\/wp-content\/uploads\/2017\/09\/LaetitiaJeremy-152-768x512.jpg 768w, https:\/\/www.les-photos-de-mon-mariage.fr\/blog\/wp-content\/uploads\/2017\/09\/LaetitiaJeremy-152-685x457.jpg 685w, https:\/\/www.les-photos-de-mon-mariage.fr\/blog\/wp-content\/uploads\/2017\/09\/LaetitiaJeremy-152.jpg 1200w\" sizes=\"auto, (max-width: 685px) 100vw, 685px\" \/><\/p>\n<p><img loading=\"lazy\" decoding=\"async\" src=\"http:\/\/www.les-photos-de-mon-mariage.fr\/blog\/wp-content\/uploads\/2017\/09\/LaetitiaJeremy-166-1024x683.jpg\" alt=\"\" width=\"685\" height=\"457\" class=\"alignnone size-large wp-image-718\" srcset=\"https:\/\/www.les-photos-de-mon-mariage.fr\/blog\/wp-content\/uploads\/2017\/09\/LaetitiaJeremy-166-1024x683.jpg 1024w, https:\/\/www.les-photos-de-mon-mariage.fr\/blog\/wp-content\/uploads\/2017\/09\/LaetitiaJeremy-166-300x200.jpg 300w, https:\/\/www.les-photos-de-mon-mariage.fr\/blog\/wp-content\/uploads\/2017\/09\/LaetitiaJeremy-166-768x512.jpg 768w, https:\/\/www.les-photos-de-mon-mariage.fr\/blog\/wp-content\/uploads\/2017\/09\/LaetitiaJeremy-166-685x457.jpg 685w, https:\/\/www.les-photos-de-mon-mariage.fr\/blog\/wp-content\/uploads\/2017\/09\/LaetitiaJeremy-166.jpg 1200w\" sizes=\"auto, (max-width: 685px) 100vw, 685px\" \/><\/p>\n<p><img loading=\"lazy\" decoding=\"async\" src=\"http:\/\/www.les-photos-de-mon-mariage.fr\/blog\/wp-content\/uploads\/2017\/09\/LaetitiaJeremy-182-1024x683.jpg\" alt=\"\" width=\"685\" height=\"457\" class=\"alignnone size-large wp-image-719\" srcset=\"https:\/\/www.les-photos-de-mon-mariage.fr\/blog\/wp-content\/uploads\/2017\/09\/LaetitiaJeremy-182-1024x683.jpg 1024w, https:\/\/www.les-photos-de-mon-mariage.fr\/blog\/wp-content\/uploads\/2017\/09\/LaetitiaJeremy-182-300x200.jpg 300w, https:\/\/www.les-photos-de-mon-mariage.fr\/blog\/wp-content\/uploads\/2017\/09\/LaetitiaJeremy-182-768x512.jpg 768w, https:\/\/www.les-photos-de-mon-mariage.fr\/blog\/wp-content\/uploads\/2017\/09\/LaetitiaJeremy-182-685x457.jpg 685w, https:\/\/www.les-photos-de-mon-mariage.fr\/blog\/wp-content\/uploads\/2017\/09\/LaetitiaJeremy-182.jpg 1200w\" sizes=\"auto, (max-width: 685px) 100vw, 685px\" \/><\/p>\n<p><img loading=\"lazy\" decoding=\"async\" src=\"http:\/\/www.les-photos-de-mon-mariage.fr\/blog\/wp-content\/uploads\/2017\/09\/LaetitiaJeremy-272-1024x683.jpg\" alt=\"\" width=\"685\" height=\"457\" class=\"alignnone size-large wp-image-720\" srcset=\"https:\/\/www.les-photos-de-mon-mariage.fr\/blog\/wp-content\/uploads\/2017\/09\/LaetitiaJeremy-272-1024x683.jpg 1024w, https:\/\/www.les-photos-de-mon-mariage.fr\/blog\/wp-content\/uploads\/2017\/09\/LaetitiaJeremy-272-300x200.jpg 300w, https:\/\/www.les-photos-de-mon-mariage.fr\/blog\/wp-content\/uploads\/2017\/09\/LaetitiaJeremy-272-768x512.jpg 768w, https:\/\/www.les-photos-de-mon-mariage.fr\/blog\/wp-content\/uploads\/2017\/09\/LaetitiaJeremy-272-685x457.jpg 685w, https:\/\/www.les-photos-de-mon-mariage.fr\/blog\/wp-content\/uploads\/2017\/09\/LaetitiaJeremy-272.jpg 1200w\" sizes=\"auto, (max-width: 685px) 100vw, 685px\" \/><\/p>\n<p><img loading=\"lazy\" decoding=\"async\" src=\"http:\/\/www.les-photos-de-mon-mariage.fr\/blog\/wp-content\/uploads\/2017\/09\/LaetitiaJeremy-278-1024x683.jpg\" alt=\"\" width=\"685\" height=\"457\" class=\"alignnone size-large wp-image-721\" srcset=\"https:\/\/www.les-photos-de-mon-mariage.fr\/blog\/wp-content\/uploads\/2017\/09\/LaetitiaJeremy-278-1024x683.jpg 1024w, https:\/\/www.les-photos-de-mon-mariage.fr\/blog\/wp-content\/uploads\/2017\/09\/LaetitiaJeremy-278-300x200.jpg 300w, https:\/\/www.les-photos-de-mon-mariage.fr\/blog\/wp-content\/uploads\/2017\/09\/LaetitiaJeremy-278-768x512.jpg 768w, https:\/\/www.les-photos-de-mon-mariage.fr\/blog\/wp-content\/uploads\/2017\/09\/LaetitiaJeremy-278-685x457.jpg 685w, https:\/\/www.les-photos-de-mon-mariage.fr\/blog\/wp-content\/uploads\/2017\/09\/LaetitiaJeremy-278.jpg 1200w\" sizes=\"auto, (max-width: 685px) 100vw, 685px\" \/><\/p>\n<p><img loading=\"lazy\" decoding=\"async\" src=\"http:\/\/www.les-photos-de-mon-mariage.fr\/blog\/wp-content\/uploads\/2017\/09\/LaetitiaJeremy-347-1024x683.jpg\" alt=\"\" width=\"685\" height=\"457\" class=\"alignnone size-large wp-image-722\" srcset=\"https:\/\/www.les-photos-de-mon-mariage.fr\/blog\/wp-content\/uploads\/2017\/09\/LaetitiaJeremy-347-1024x683.jpg 1024w, https:\/\/www.les-photos-de-mon-mariage.fr\/blog\/wp-content\/uploads\/2017\/09\/LaetitiaJeremy-347-300x200.jpg 300w, https:\/\/www.les-photos-de-mon-mariage.fr\/blog\/wp-content\/uploads\/2017\/09\/LaetitiaJeremy-347-768x512.jpg 768w, https:\/\/www.les-photos-de-mon-mariage.fr\/blog\/wp-content\/uploads\/2017\/09\/LaetitiaJeremy-347-685x457.jpg 685w, https:\/\/www.les-photos-de-mon-mariage.fr\/blog\/wp-content\/uploads\/2017\/09\/LaetitiaJeremy-347.jpg 1200w\" sizes=\"auto, (max-width: 685px) 100vw, 685px\" \/><\/p>\n<p><img loading=\"lazy\" decoding=\"async\" src=\"http:\/\/www.les-photos-de-mon-mariage.fr\/blog\/wp-content\/uploads\/2017\/09\/LaetitiaJeremy-397-1024x683.jpg\" alt=\"\" width=\"685\" height=\"457\" class=\"alignnone size-large wp-image-723\" srcset=\"https:\/\/www.les-photos-de-mon-mariage.fr\/blog\/wp-content\/uploads\/2017\/09\/LaetitiaJeremy-397-1024x683.jpg 1024w, https:\/\/www.les-photos-de-mon-mariage.fr\/blog\/wp-content\/uploads\/2017\/09\/LaetitiaJeremy-397-300x200.jpg 300w, https:\/\/www.les-photos-de-mon-mariage.fr\/blog\/wp-content\/uploads\/2017\/09\/LaetitiaJeremy-397-768x512.jpg 768w, https:\/\/www.les-photos-de-mon-mariage.fr\/blog\/wp-content\/uploads\/2017\/09\/LaetitiaJeremy-397-685x457.jpg 685w, https:\/\/www.les-photos-de-mon-mariage.fr\/blog\/wp-content\/uploads\/2017\/09\/LaetitiaJeremy-397.jpg 1200w\" sizes=\"auto, (max-width: 685px) 100vw, 685px\" \/><\/p>\n<p><img loading=\"lazy\" decoding=\"async\" src=\"http:\/\/www.les-photos-de-mon-mariage.fr\/blog\/wp-content\/uploads\/2017\/09\/LaetitiaJeremy-447.jpg\" alt=\"\" width=\"533\" height=\"800\" class=\"alignnone size-large wp-image-724\" srcset=\"https:\/\/www.les-photos-de-mon-mariage.fr\/blog\/wp-content\/uploads\/2017\/09\/LaetitiaJeremy-447.jpg 533w, https:\/\/www.les-photos-de-mon-mariage.fr\/blog\/wp-content\/uploads\/2017\/09\/LaetitiaJeremy-447-200x300.jpg 200w\" sizes=\"auto, (max-width: 533px) 100vw, 533px\" \/><\/p>\n<p><img loading=\"lazy\" decoding=\"async\" src=\"http:\/\/www.les-photos-de-mon-mariage.fr\/blog\/wp-content\/uploads\/2017\/09\/LaetitiaJeremy-450-1024x683.jpg\" alt=\"\" width=\"685\" height=\"457\" class=\"alignnone size-large wp-image-725\" srcset=\"https:\/\/www.les-photos-de-mon-mariage.fr\/blog\/wp-content\/uploads\/2017\/09\/LaetitiaJeremy-450-1024x683.jpg 1024w, https:\/\/www.les-photos-de-mon-mariage.fr\/blog\/wp-content\/uploads\/2017\/09\/LaetitiaJeremy-450-300x200.jpg 300w, https:\/\/www.les-photos-de-mon-mariage.fr\/blog\/wp-content\/uploads\/2017\/09\/LaetitiaJeremy-450-768x512.jpg 768w, https:\/\/www.les-photos-de-mon-mariage.fr\/blog\/wp-content\/uploads\/2017\/09\/LaetitiaJeremy-450-685x457.jpg 685w, https:\/\/www.les-photos-de-mon-mariage.fr\/blog\/wp-content\/uploads\/2017\/09\/LaetitiaJeremy-450.jpg 1200w\" sizes=\"auto, (max-width: 685px) 100vw, 685px\" \/><\/p>\n<p><img loading=\"lazy\" decoding=\"async\" src=\"http:\/\/www.les-photos-de-mon-mariage.fr\/blog\/wp-content\/uploads\/2017\/09\/LaetitiaJeremy-467-1024x683.jpg\" alt=\"\" width=\"685\" height=\"457\" class=\"alignnone size-large wp-image-726\" srcset=\"https:\/\/www.les-photos-de-mon-mariage.fr\/blog\/wp-content\/uploads\/2017\/09\/LaetitiaJeremy-467-1024x683.jpg 1024w, https:\/\/www.les-photos-de-mon-mariage.fr\/blog\/wp-content\/uploads\/2017\/09\/LaetitiaJeremy-467-300x200.jpg 300w, https:\/\/www.les-photos-de-mon-mariage.fr\/blog\/wp-content\/uploads\/2017\/09\/LaetitiaJeremy-467-768x512.jpg 768w, https:\/\/www.les-photos-de-mon-mariage.fr\/blog\/wp-content\/uploads\/2017\/09\/LaetitiaJeremy-467-685x457.jpg 685w, https:\/\/www.les-photos-de-mon-mariage.fr\/blog\/wp-content\/uploads\/2017\/09\/LaetitiaJeremy-467.jpg 1200w\" sizes=\"auto, (max-width: 685px) 100vw, 685px\" \/><\/p>\n<p><img loading=\"lazy\" decoding=\"async\" src=\"http:\/\/www.les-photos-de-mon-mariage.fr\/blog\/wp-content\/uploads\/2017\/09\/LaetitiaJeremy-520-1024x683.jpg\" alt=\"\" width=\"685\" height=\"457\" class=\"alignnone size-large wp-image-727\" srcset=\"https:\/\/www.les-photos-de-mon-mariage.fr\/blog\/wp-content\/uploads\/2017\/09\/LaetitiaJeremy-520-1024x683.jpg 1024w, https:\/\/www.les-photos-de-mon-mariage.fr\/blog\/wp-content\/uploads\/2017\/09\/LaetitiaJeremy-520-300x200.jpg 300w, https:\/\/www.les-photos-de-mon-mariage.fr\/blog\/wp-content\/uploads\/2017\/09\/LaetitiaJeremy-520-768x512.jpg 768w, https:\/\/www.les-photos-de-mon-mariage.fr\/blog\/wp-content\/uploads\/2017\/09\/LaetitiaJeremy-520-685x457.jpg 685w, https:\/\/www.les-photos-de-mon-mariage.fr\/blog\/wp-content\/uploads\/2017\/09\/LaetitiaJeremy-520.jpg 1200w\" sizes=\"auto, (max-width: 685px) 100vw, 685px\" \/><\/p>\n<p><img loading=\"lazy\" decoding=\"async\" src=\"http:\/\/www.les-photos-de-mon-mariage.fr\/blog\/wp-content\/uploads\/2017\/09\/LaetitiaJeremy-558-1024x683.jpg\" alt=\"\" width=\"685\" height=\"457\" class=\"alignnone size-large wp-image-728\" srcset=\"https:\/\/www.les-photos-de-mon-mariage.fr\/blog\/wp-content\/uploads\/2017\/09\/LaetitiaJeremy-558-1024x683.jpg 1024w, https:\/\/www.les-photos-de-mon-mariage.fr\/blog\/wp-content\/uploads\/2017\/09\/LaetitiaJeremy-558-300x200.jpg 300w, https:\/\/www.les-photos-de-mon-mariage.fr\/blog\/wp-content\/uploads\/2017\/09\/LaetitiaJeremy-558-768x512.jpg 768w, https:\/\/www.les-photos-de-mon-mariage.fr\/blog\/wp-content\/uploads\/2017\/09\/LaetitiaJeremy-558-685x457.jpg 685w, https:\/\/www.les-photos-de-mon-mariage.fr\/blog\/wp-content\/uploads\/2017\/09\/LaetitiaJeremy-558.jpg 1200w\" sizes=\"auto, (max-width: 685px) 100vw, 685px\" \/><\/p>\n","protected":false},"excerpt":{"rendered":"<p>Bonjour \u00e0 tous, La semaine derni\u00e8re, Laetitia et J\u00e9r\u00e9my d\u00e9couvraient les photos de leur mariage. Celui-ci s&rsquo;est d\u00e9roul\u00e9 le dernier samedi d&rsquo;aout, autour du Val d&rsquo;Europe ! (On peut pas tout le temps \u00eatre \u00e0 l&rsquo;autre bout de la France hein ! ^^) De magnifiques saris color\u00e9s, une chouette ambiance de f\u00eate, de belles c\u00e9r\u00e9monies de mariage&#8230; Aucun doute sur le fait que cette journ\u00e9e &hellip; <a href=\"https:\/\/www.les-photos-de-mon-mariage.fr\/blog\/mariage-de-laetitia-et-jeremy\/\" class=\"more-link\">Continue reading <span class=\"screen-reader-text\">Mariage de Laetitia et de J\u00e9r\u00e9my<\/span> <span class=\"meta-nav\">&raquo;<\/span><\/a><\/p>\n","protected":false},"author":1,"featured_media":0,"comment_status":"open","ping_status":"open","sticky":false,"template":"","format":"standard","meta":{"footnotes":""},"categories":[4],"tags":[],"class_list":["post-709","post","type-post","status-publish","format-standard","hentry","category-mariages"],"yoast_head":"<!-- This site is optimized with the Yoast SEO plugin v27.5 - https:\/\/yoast.com\/product\/yoast-seo-wordpress\/ -->\n<title>Mariage de Laetitia et de J\u00e9r\u00e9my - Le blog d&#039;un photographe mariage<\/title>\n<meta name=\"robots\" content=\"index, follow, max-snippet:-1, max-image-preview:large, max-video-preview:-1\" \/>\n<link rel=\"canonical\" href=\"https:\/\/www.les-photos-de-mon-mariage.fr\/blog\/mariage-de-laetitia-et-jeremy\/\" \/>\n<meta property=\"og:locale\" content=\"fr_FR\" \/>\n<meta property=\"og:type\" content=\"article\" \/>\n<meta property=\"og:title\" content=\"Mariage de Laetitia et de J\u00e9r\u00e9my - Le blog d&#039;un photographe mariage\" \/>\n<meta property=\"og:description\" content=\"Bonjour \u00e0 tous, La semaine derni\u00e8re, Laetitia et J\u00e9r\u00e9my d\u00e9couvraient les photos de leur mariage. Celui-ci s&rsquo;est d\u00e9roul\u00e9 le dernier samedi d&rsquo;aout, autour du Val d&rsquo;Europe ! (On peut pas tout le temps \u00eatre \u00e0 l&rsquo;autre bout de la France hein ! ^^) De magnifiques saris color\u00e9s, une chouette ambiance de f\u00eate, de belles c\u00e9r\u00e9monies de mariage&#8230; Aucun doute sur le fait que cette journ\u00e9e &hellip; Continue reading Mariage de Laetitia et de J\u00e9r\u00e9my &raquo;\" \/>\n<meta property=\"og:url\" content=\"https:\/\/www.les-photos-de-mon-mariage.fr\/blog\/mariage-de-laetitia-et-jeremy\/\" \/>\n<meta property=\"og:site_name\" content=\"Le blog d&#039;un photographe mariage\" \/>\n<meta property=\"article:publisher\" content=\"https:\/\/www.facebook.com\/thomas.lamart\/\" \/>\n<meta property=\"article:author\" content=\"https:\/\/www.facebook.com\/thomas.lamart\/\" \/>\n<meta property=\"article:published_time\" content=\"2017-09-15T07:43:05+00:00\" \/>\n<meta property=\"og:image\" content=\"http:\/\/www.les-photos-de-mon-mariage.fr\/blog\/wp-content\/uploads\/2017\/09\/LaetitiaJeremy-284-1024x683.jpg\" \/>\n<meta name=\"author\" content=\"Thomas\" \/>\n<meta name=\"twitter:card\" content=\"summary_large_image\" \/>\n<meta name=\"twitter:label1\" content=\"\u00c9crit par\" \/>\n\t<meta name=\"twitter:data1\" content=\"Thomas\" \/>\n<script type=\"application\/ld+json\" class=\"yoast-schema-graph\">{\"@context\":\"https:\\\/\\\/schema.org\",\"@graph\":[{\"@type\":\"Article\",\"@id\":\"https:\\\/\\\/www.les-photos-de-mon-mariage.fr\\\/blog\\\/mariage-de-laetitia-et-jeremy\\\/#article\",\"isPartOf\":{\"@id\":\"https:\\\/\\\/www.les-photos-de-mon-mariage.fr\\\/blog\\\/mariage-de-laetitia-et-jeremy\\\/\"},\"author\":{\"name\":\"Thomas\",\"@id\":\"https:\\\/\\\/www.les-photos-de-mon-mariage.fr\\\/blog\\\/#\\\/schema\\\/person\\\/e311f978808719b066047d2ca870eed7\"},\"headline\":\"Mariage de Laetitia et de J\u00e9r\u00e9my\",\"datePublished\":\"2017-09-15T07:43:05+00:00\",\"mainEntityOfPage\":{\"@id\":\"https:\\\/\\\/www.les-photos-de-mon-mariage.fr\\\/blog\\\/mariage-de-laetitia-et-jeremy\\\/\"},\"wordCount\":94,\"commentCount\":0,\"publisher\":{\"@id\":\"https:\\\/\\\/www.les-photos-de-mon-mariage.fr\\\/blog\\\/#\\\/schema\\\/person\\\/e311f978808719b066047d2ca870eed7\"},\"image\":{\"@id\":\"https:\\\/\\\/www.les-photos-de-mon-mariage.fr\\\/blog\\\/mariage-de-laetitia-et-jeremy\\\/#primaryimage\"},\"thumbnailUrl\":\"http:\\\/\\\/www.les-photos-de-mon-mariage.fr\\\/blog\\\/wp-content\\\/uploads\\\/2017\\\/09\\\/LaetitiaJeremy-284-1024x683.jpg\",\"articleSection\":[\"mariages\"],\"inLanguage\":\"fr-FR\",\"potentialAction\":[{\"@type\":\"CommentAction\",\"name\":\"Comment\",\"target\":[\"https:\\\/\\\/www.les-photos-de-mon-mariage.fr\\\/blog\\\/mariage-de-laetitia-et-jeremy\\\/#respond\"]}]},{\"@type\":\"WebPage\",\"@id\":\"https:\\\/\\\/www.les-photos-de-mon-mariage.fr\\\/blog\\\/mariage-de-laetitia-et-jeremy\\\/\",\"url\":\"https:\\\/\\\/www.les-photos-de-mon-mariage.fr\\\/blog\\\/mariage-de-laetitia-et-jeremy\\\/\",\"name\":\"Mariage de Laetitia et de J\u00e9r\u00e9my - Le blog d&#039;un photographe mariage\",\"isPartOf\":{\"@id\":\"https:\\\/\\\/www.les-photos-de-mon-mariage.fr\\\/blog\\\/#website\"},\"primaryImageOfPage\":{\"@id\":\"https:\\\/\\\/www.les-photos-de-mon-mariage.fr\\\/blog\\\/mariage-de-laetitia-et-jeremy\\\/#primaryimage\"},\"image\":{\"@id\":\"https:\\\/\\\/www.les-photos-de-mon-mariage.fr\\\/blog\\\/mariage-de-laetitia-et-jeremy\\\/#primaryimage\"},\"thumbnailUrl\":\"http:\\\/\\\/www.les-photos-de-mon-mariage.fr\\\/blog\\\/wp-content\\\/uploads\\\/2017\\\/09\\\/LaetitiaJeremy-284-1024x683.jpg\",\"datePublished\":\"2017-09-15T07:43:05+00:00\",\"breadcrumb\":{\"@id\":\"https:\\\/\\\/www.les-photos-de-mon-mariage.fr\\\/blog\\\/mariage-de-laetitia-et-jeremy\\\/#breadcrumb\"},\"inLanguage\":\"fr-FR\",\"potentialAction\":[{\"@type\":\"ReadAction\",\"target\":[\"https:\\\/\\\/www.les-photos-de-mon-mariage.fr\\\/blog\\\/mariage-de-laetitia-et-jeremy\\\/\"]}]},{\"@type\":\"ImageObject\",\"inLanguage\":\"fr-FR\",\"@id\":\"https:\\\/\\\/www.les-photos-de-mon-mariage.fr\\\/blog\\\/mariage-de-laetitia-et-jeremy\\\/#primaryimage\",\"url\":\"https:\\\/\\\/www.les-photos-de-mon-mariage.fr\\\/blog\\\/wp-content\\\/uploads\\\/2017\\\/09\\\/LaetitiaJeremy-284.jpg\",\"contentUrl\":\"https:\\\/\\\/www.les-photos-de-mon-mariage.fr\\\/blog\\\/wp-content\\\/uploads\\\/2017\\\/09\\\/LaetitiaJeremy-284.jpg\",\"width\":1200,\"height\":800},{\"@type\":\"BreadcrumbList\",\"@id\":\"https:\\\/\\\/www.les-photos-de-mon-mariage.fr\\\/blog\\\/mariage-de-laetitia-et-jeremy\\\/#breadcrumb\",\"itemListElement\":[{\"@type\":\"ListItem\",\"position\":1,\"name\":\"Accueil\",\"item\":\"https:\\\/\\\/www.les-photos-de-mon-mariage.fr\\\/blog\\\/\"},{\"@type\":\"ListItem\",\"position\":2,\"name\":\"Mariage de Laetitia et de J\u00e9r\u00e9my\"}]},{\"@type\":\"WebSite\",\"@id\":\"https:\\\/\\\/www.les-photos-de-mon-mariage.fr\\\/blog\\\/#website\",\"url\":\"https:\\\/\\\/www.les-photos-de-mon-mariage.fr\\\/blog\\\/\",\"name\":\"Le blog d'un photographe mariage\",\"description\":\"Thomas Lamart | Votre photographe mariage en Seine-et-marne\",\"publisher\":{\"@id\":\"https:\\\/\\\/www.les-photos-de-mon-mariage.fr\\\/blog\\\/#\\\/schema\\\/person\\\/e311f978808719b066047d2ca870eed7\"},\"potentialAction\":[{\"@type\":\"SearchAction\",\"target\":{\"@type\":\"EntryPoint\",\"urlTemplate\":\"https:\\\/\\\/www.les-photos-de-mon-mariage.fr\\\/blog\\\/?s={search_term_string}\"},\"query-input\":{\"@type\":\"PropertyValueSpecification\",\"valueRequired\":true,\"valueName\":\"search_term_string\"}}],\"inLanguage\":\"fr-FR\"},{\"@type\":[\"Person\",\"Organization\"],\"@id\":\"https:\\\/\\\/www.les-photos-de-mon-mariage.fr\\\/blog\\\/#\\\/schema\\\/person\\\/e311f978808719b066047d2ca870eed7\",\"name\":\"Thomas\",\"image\":{\"@type\":\"ImageObject\",\"inLanguage\":\"fr-FR\",\"@id\":\"https:\\\/\\\/www.les-photos-de-mon-mariage.fr\\\/blog\\\/wp-content\\\/uploads\\\/2024\\\/03\\\/accueil.jpg\",\"url\":\"https:\\\/\\\/www.les-photos-de-mon-mariage.fr\\\/blog\\\/wp-content\\\/uploads\\\/2024\\\/03\\\/accueil.jpg\",\"contentUrl\":\"https:\\\/\\\/www.les-photos-de-mon-mariage.fr\\\/blog\\\/wp-content\\\/uploads\\\/2024\\\/03\\\/accueil.jpg\",\"width\":700,\"height\":489,\"caption\":\"Thomas\"},\"logo\":{\"@id\":\"https:\\\/\\\/www.les-photos-de-mon-mariage.fr\\\/blog\\\/wp-content\\\/uploads\\\/2024\\\/03\\\/accueil.jpg\"},\"sameAs\":[\"https:\\\/\\\/www.les-photos-de-mon-mariage.fr\",\"https:\\\/\\\/www.facebook.com\\\/thomas.lamart\\\/\",\"https:\\\/\\\/www.instagram.com\\\/les.photos.de.mon.mariage\\\/\"],\"url\":\"https:\\\/\\\/www.les-photos-de-mon-mariage.fr\\\/blog\\\/author\\\/thomasadmin\\\/\"}]}<\/script>\n<!-- \/ Yoast SEO plugin. -->","yoast_head_json":{"title":"Mariage de Laetitia et de J\u00e9r\u00e9my - Le blog d&#039;un photographe mariage","robots":{"index":"index","follow":"follow","max-snippet":"max-snippet:-1","max-image-preview":"max-image-preview:large","max-video-preview":"max-video-preview:-1"},"canonical":"https:\/\/www.les-photos-de-mon-mariage.fr\/blog\/mariage-de-laetitia-et-jeremy\/","og_locale":"fr_FR","og_type":"article","og_title":"Mariage de Laetitia et de J\u00e9r\u00e9my - Le blog d&#039;un photographe mariage","og_description":"Bonjour \u00e0 tous, La semaine derni\u00e8re, Laetitia et J\u00e9r\u00e9my d\u00e9couvraient les photos de leur mariage. Celui-ci s&rsquo;est d\u00e9roul\u00e9 le dernier samedi d&rsquo;aout, autour du Val d&rsquo;Europe ! (On peut pas tout le temps \u00eatre \u00e0 l&rsquo;autre bout de la France hein ! ^^) De magnifiques saris color\u00e9s, une chouette ambiance de f\u00eate, de belles c\u00e9r\u00e9monies de mariage&#8230; Aucun doute sur le fait que cette journ\u00e9e &hellip; Continue reading Mariage de Laetitia et de J\u00e9r\u00e9my &raquo;","og_url":"https:\/\/www.les-photos-de-mon-mariage.fr\/blog\/mariage-de-laetitia-et-jeremy\/","og_site_name":"Le blog d&#039;un photographe mariage","article_publisher":"https:\/\/www.facebook.com\/thomas.lamart\/","article_author":"https:\/\/www.facebook.com\/thomas.lamart\/","article_published_time":"2017-09-15T07:43:05+00:00","og_image":[{"url":"http:\/\/www.les-photos-de-mon-mariage.fr\/blog\/wp-content\/uploads\/2017\/09\/LaetitiaJeremy-284-1024x683.jpg","type":"","width":"","height":""}],"author":"Thomas","twitter_card":"summary_large_image","twitter_misc":{"\u00c9crit par":"Thomas"},"schema":{"@context":"https:\/\/schema.org","@graph":[{"@type":"Article","@id":"https:\/\/www.les-photos-de-mon-mariage.fr\/blog\/mariage-de-laetitia-et-jeremy\/#article","isPartOf":{"@id":"https:\/\/www.les-photos-de-mon-mariage.fr\/blog\/mariage-de-laetitia-et-jeremy\/"},"author":{"name":"Thomas","@id":"https:\/\/www.les-photos-de-mon-mariage.fr\/blog\/#\/schema\/person\/e311f978808719b066047d2ca870eed7"},"headline":"Mariage de Laetitia et de J\u00e9r\u00e9my","datePublished":"2017-09-15T07:43:05+00:00","mainEntityOfPage":{"@id":"https:\/\/www.les-photos-de-mon-mariage.fr\/blog\/mariage-de-laetitia-et-jeremy\/"},"wordCount":94,"commentCount":0,"publisher":{"@id":"https:\/\/www.les-photos-de-mon-mariage.fr\/blog\/#\/schema\/person\/e311f978808719b066047d2ca870eed7"},"image":{"@id":"https:\/\/www.les-photos-de-mon-mariage.fr\/blog\/mariage-de-laetitia-et-jeremy\/#primaryimage"},"thumbnailUrl":"http:\/\/www.les-photos-de-mon-mariage.fr\/blog\/wp-content\/uploads\/2017\/09\/LaetitiaJeremy-284-1024x683.jpg","articleSection":["mariages"],"inLanguage":"fr-FR","potentialAction":[{"@type":"CommentAction","name":"Comment","target":["https:\/\/www.les-photos-de-mon-mariage.fr\/blog\/mariage-de-laetitia-et-jeremy\/#respond"]}]},{"@type":"WebPage","@id":"https:\/\/www.les-photos-de-mon-mariage.fr\/blog\/mariage-de-laetitia-et-jeremy\/","url":"https:\/\/www.les-photos-de-mon-mariage.fr\/blog\/mariage-de-laetitia-et-jeremy\/","name":"Mariage de Laetitia et de J\u00e9r\u00e9my - Le blog d&#039;un photographe mariage","isPartOf":{"@id":"https:\/\/www.les-photos-de-mon-mariage.fr\/blog\/#website"},"primaryImageOfPage":{"@id":"https:\/\/www.les-photos-de-mon-mariage.fr\/blog\/mariage-de-laetitia-et-jeremy\/#primaryimage"},"image":{"@id":"https:\/\/www.les-photos-de-mon-mariage.fr\/blog\/mariage-de-laetitia-et-jeremy\/#primaryimage"},"thumbnailUrl":"http:\/\/www.les-photos-de-mon-mariage.fr\/blog\/wp-content\/uploads\/2017\/09\/LaetitiaJeremy-284-1024x683.jpg","datePublished":"2017-09-15T07:43:05+00:00","breadcrumb":{"@id":"https:\/\/www.les-photos-de-mon-mariage.fr\/blog\/mariage-de-laetitia-et-jeremy\/#breadcrumb"},"inLanguage":"fr-FR","potentialAction":[{"@type":"ReadAction","target":["https:\/\/www.les-photos-de-mon-mariage.fr\/blog\/mariage-de-laetitia-et-jeremy\/"]}]},{"@type":"ImageObject","inLanguage":"fr-FR","@id":"https:\/\/www.les-photos-de-mon-mariage.fr\/blog\/mariage-de-laetitia-et-jeremy\/#primaryimage","url":"https:\/\/www.les-photos-de-mon-mariage.fr\/blog\/wp-content\/uploads\/2017\/09\/LaetitiaJeremy-284.jpg","contentUrl":"https:\/\/www.les-photos-de-mon-mariage.fr\/blog\/wp-content\/uploads\/2017\/09\/LaetitiaJeremy-284.jpg","width":1200,"height":800},{"@type":"BreadcrumbList","@id":"https:\/\/www.les-photos-de-mon-mariage.fr\/blog\/mariage-de-laetitia-et-jeremy\/#breadcrumb","itemListElement":[{"@type":"ListItem","position":1,"name":"Accueil","item":"https:\/\/www.les-photos-de-mon-mariage.fr\/blog\/"},{"@type":"ListItem","position":2,"name":"Mariage de Laetitia et de J\u00e9r\u00e9my"}]},{"@type":"WebSite","@id":"https:\/\/www.les-photos-de-mon-mariage.fr\/blog\/#website","url":"https:\/\/www.les-photos-de-mon-mariage.fr\/blog\/","name":"Le blog d'un photographe mariage","description":"Thomas Lamart | Votre photographe mariage en Seine-et-marne","publisher":{"@id":"https:\/\/www.les-photos-de-mon-mariage.fr\/blog\/#\/schema\/person\/e311f978808719b066047d2ca870eed7"},"potentialAction":[{"@type":"SearchAction","target":{"@type":"EntryPoint","urlTemplate":"https:\/\/www.les-photos-de-mon-mariage.fr\/blog\/?s={search_term_string}"},"query-input":{"@type":"PropertyValueSpecification","valueRequired":true,"valueName":"search_term_string"}}],"inLanguage":"fr-FR"},{"@type":["Person","Organization"],"@id":"https:\/\/www.les-photos-de-mon-mariage.fr\/blog\/#\/schema\/person\/e311f978808719b066047d2ca870eed7","name":"Thomas","image":{"@type":"ImageObject","inLanguage":"fr-FR","@id":"https:\/\/www.les-photos-de-mon-mariage.fr\/blog\/wp-content\/uploads\/2024\/03\/accueil.jpg","url":"https:\/\/www.les-photos-de-mon-mariage.fr\/blog\/wp-content\/uploads\/2024\/03\/accueil.jpg","contentUrl":"https:\/\/www.les-photos-de-mon-mariage.fr\/blog\/wp-content\/uploads\/2024\/03\/accueil.jpg","width":700,"height":489,"caption":"Thomas"},"logo":{"@id":"https:\/\/www.les-photos-de-mon-mariage.fr\/blog\/wp-content\/uploads\/2024\/03\/accueil.jpg"},"sameAs":["https:\/\/www.les-photos-de-mon-mariage.fr","https:\/\/www.facebook.com\/thomas.lamart\/","https:\/\/www.instagram.com\/les.photos.de.mon.mariage\/"],"url":"https:\/\/www.les-photos-de-mon-mariage.fr\/blog\/author\/thomasadmin\/"}]}},"_links":{"self":[{"href":"https:\/\/www.les-photos-de-mon-mariage.fr\/blog\/wp-json\/wp\/v2\/posts\/709","targetHints":{"allow":["GET"]}}],"collection":[{"href":"https:\/\/www.les-photos-de-mon-mariage.fr\/blog\/wp-json\/wp\/v2\/posts"}],"about":[{"href":"https:\/\/www.les-photos-de-mon-mariage.fr\/blog\/wp-json\/wp\/v2\/types\/post"}],"author":[{"embeddable":true,"href":"https:\/\/www.les-photos-de-mon-mariage.fr\/blog\/wp-json\/wp\/v2\/users\/1"}],"replies":[{"embeddable":true,"href":"https:\/\/www.les-photos-de-mon-mariage.fr\/blog\/wp-json\/wp\/v2\/comments?post=709"}],"version-history":[{"count":1,"href":"https:\/\/www.les-photos-de-mon-mariage.fr\/blog\/wp-json\/wp\/v2\/posts\/709\/revisions"}],"predecessor-version":[{"id":729,"href":"https:\/\/www.les-photos-de-mon-mariage.fr\/blog\/wp-json\/wp\/v2\/posts\/709\/revisions\/729"}],"wp:attachment":[{"href":"https:\/\/www.les-photos-de-mon-mariage.fr\/blog\/wp-json\/wp\/v2\/media?parent=709"}],"wp:term":[{"taxonomy":"category","embeddable":true,"href":"https:\/\/www.les-photos-de-mon-mariage.fr\/blog\/wp-json\/wp\/v2\/categories?post=709"},{"taxonomy":"post_tag","embeddable":true,"href":"https:\/\/www.les-photos-de-mon-mariage.fr\/blog\/wp-json\/wp\/v2\/tags?post=709"}],"curies":[{"name":"wp","href":"https:\/\/api.w.org\/{rel}","templated":true}]}}