{"id":731,"date":"2017-09-29T20:30:03","date_gmt":"2017-09-29T18:30:03","guid":{"rendered":"http:\/\/www.les-photos-de-mon-mariage.fr\/blog\/?p=731"},"modified":"2017-09-29T20:30:14","modified_gmt":"2017-09-29T18:30:14","slug":"mariage-de-sophie-et-jean-baptiste","status":"publish","type":"post","link":"https:\/\/www.les-photos-de-mon-mariage.fr\/blog\/mariage-de-sophie-et-jean-baptiste\/","title":{"rendered":"Mariage de Sophie et Jean-Baptiste"},"content":{"rendered":"<p>Bonsoir \u00e0 tous !<\/p>\n<p>En ce moment, les mariages s&rsquo;enchainent&#8230; mais ne se ressemblent bien \u00e9videment pas !<\/p>\n<p>Il y a une dizaine de jours, Sophie et Jean-Baptiste ont re\u00e7u leurs photos !&#8230; Ces deux jeunes mari\u00e9s, vous avez d\u00e9j\u00e0 eu l&rsquo;occasion de les croiser sur ce blog : Je vous les avais pr\u00e9sent\u00e9 fin mars, lors de leur s\u00e9ance photo \u00ab\u00a0s\u00e9ance d&rsquo;engagement\u00a0\u00bb !<\/p>\n<p>Tout d\u00e9but septembre, ces deux sympathiques jeunes gens se sont dit oui ! Au programme, des convives pr\u00eats \u00e0 faire la f\u00eate, deux ch\u00e2teaux (Blandy les tours et Vaux-le-vicomte), deux belles c\u00e9r\u00e9monies, un joli domaine pour la soir\u00e9e, un feu d&rsquo;artifice, du rire, de l&rsquo;\u00e9motion&#8230; Bref, une superbe journ\u00e9e pour tous !<\/p>\n<p>A bient\u00f4t.<\/p>\n<p><img loading=\"lazy\" decoding=\"async\" src=\"http:\/\/www.les-photos-de-mon-mariage.fr\/blog\/wp-content\/uploads\/2017\/09\/SophieJBaptiste-61-1.jpg\" alt=\"\" width=\"800\" height=\"800\" class=\"alignnone size-full wp-image-753\" srcset=\"https:\/\/www.les-photos-de-mon-mariage.fr\/blog\/wp-content\/uploads\/2017\/09\/SophieJBaptiste-61-1.jpg 800w, https:\/\/www.les-photos-de-mon-mariage.fr\/blog\/wp-content\/uploads\/2017\/09\/SophieJBaptiste-61-1-300x300.jpg 300w, https:\/\/www.les-photos-de-mon-mariage.fr\/blog\/wp-content\/uploads\/2017\/09\/SophieJBaptiste-61-1-768x768.jpg 768w, https:\/\/www.les-photos-de-mon-mariage.fr\/blog\/wp-content\/uploads\/2017\/09\/SophieJBaptiste-61-1-685x685.jpg 685w\" sizes=\"auto, (max-width: 800px) 100vw, 800px\" \/><\/p>\n<p><img loading=\"lazy\" decoding=\"async\" src=\"http:\/\/www.les-photos-de-mon-mariage.fr\/blog\/wp-content\/uploads\/2017\/09\/SophieJBaptiste-81-1-1024x683.jpg\" alt=\"\" width=\"685\" height=\"457\" class=\"alignnone size-large wp-image-754\" srcset=\"https:\/\/www.les-photos-de-mon-mariage.fr\/blog\/wp-content\/uploads\/2017\/09\/SophieJBaptiste-81-1-1024x683.jpg 1024w, https:\/\/www.les-photos-de-mon-mariage.fr\/blog\/wp-content\/uploads\/2017\/09\/SophieJBaptiste-81-1-300x200.jpg 300w, https:\/\/www.les-photos-de-mon-mariage.fr\/blog\/wp-content\/uploads\/2017\/09\/SophieJBaptiste-81-1-768x512.jpg 768w, https:\/\/www.les-photos-de-mon-mariage.fr\/blog\/wp-content\/uploads\/2017\/09\/SophieJBaptiste-81-1-685x457.jpg 685w, https:\/\/www.les-photos-de-mon-mariage.fr\/blog\/wp-content\/uploads\/2017\/09\/SophieJBaptiste-81-1.jpg 1200w\" sizes=\"auto, (max-width: 685px) 100vw, 685px\" \/><\/p>\n<p><img loading=\"lazy\" decoding=\"async\" src=\"http:\/\/www.les-photos-de-mon-mariage.fr\/blog\/wp-content\/uploads\/2017\/09\/SophieJBaptiste-90-1.jpg\" alt=\"\" width=\"533\" height=\"800\" class=\"alignnone size-large wp-image-755\" srcset=\"https:\/\/www.les-photos-de-mon-mariage.fr\/blog\/wp-content\/uploads\/2017\/09\/SophieJBaptiste-90-1.jpg 533w, https:\/\/www.les-photos-de-mon-mariage.fr\/blog\/wp-content\/uploads\/2017\/09\/SophieJBaptiste-90-1-200x300.jpg 200w\" sizes=\"auto, (max-width: 533px) 100vw, 533px\" \/><\/p>\n<p><img loading=\"lazy\" decoding=\"async\" src=\"http:\/\/www.les-photos-de-mon-mariage.fr\/blog\/wp-content\/uploads\/2017\/09\/SophieJBaptiste-92-1.jpg\" alt=\"\" width=\"533\" height=\"800\" class=\"alignnone size-large wp-image-756\" srcset=\"https:\/\/www.les-photos-de-mon-mariage.fr\/blog\/wp-content\/uploads\/2017\/09\/SophieJBaptiste-92-1.jpg 533w, https:\/\/www.les-photos-de-mon-mariage.fr\/blog\/wp-content\/uploads\/2017\/09\/SophieJBaptiste-92-1-200x300.jpg 200w\" sizes=\"auto, (max-width: 533px) 100vw, 533px\" \/><\/p>\n<p><img loading=\"lazy\" decoding=\"async\" src=\"http:\/\/www.les-photos-de-mon-mariage.fr\/blog\/wp-content\/uploads\/2017\/09\/SophieJBaptiste-94-1.jpg\" alt=\"\" width=\"533\" height=\"800\" class=\"alignnone size-large wp-image-757\" srcset=\"https:\/\/www.les-photos-de-mon-mariage.fr\/blog\/wp-content\/uploads\/2017\/09\/SophieJBaptiste-94-1.jpg 533w, https:\/\/www.les-photos-de-mon-mariage.fr\/blog\/wp-content\/uploads\/2017\/09\/SophieJBaptiste-94-1-200x300.jpg 200w\" sizes=\"auto, (max-width: 533px) 100vw, 533px\" \/><\/p>\n<p><img loading=\"lazy\" decoding=\"async\" src=\"http:\/\/www.les-photos-de-mon-mariage.fr\/blog\/wp-content\/uploads\/2017\/09\/SophieJBaptiste-103-1-1024x683.jpg\" alt=\"\" width=\"685\" height=\"457\" class=\"alignnone size-large wp-image-758\" srcset=\"https:\/\/www.les-photos-de-mon-mariage.fr\/blog\/wp-content\/uploads\/2017\/09\/SophieJBaptiste-103-1-1024x683.jpg 1024w, https:\/\/www.les-photos-de-mon-mariage.fr\/blog\/wp-content\/uploads\/2017\/09\/SophieJBaptiste-103-1-300x200.jpg 300w, https:\/\/www.les-photos-de-mon-mariage.fr\/blog\/wp-content\/uploads\/2017\/09\/SophieJBaptiste-103-1-768x512.jpg 768w, https:\/\/www.les-photos-de-mon-mariage.fr\/blog\/wp-content\/uploads\/2017\/09\/SophieJBaptiste-103-1-685x457.jpg 685w, https:\/\/www.les-photos-de-mon-mariage.fr\/blog\/wp-content\/uploads\/2017\/09\/SophieJBaptiste-103-1.jpg 1200w\" sizes=\"auto, (max-width: 685px) 100vw, 685px\" \/><\/p>\n<p><img loading=\"lazy\" decoding=\"async\" src=\"http:\/\/www.les-photos-de-mon-mariage.fr\/blog\/wp-content\/uploads\/2017\/09\/SophieJBaptiste-112-1-1024x683.jpg\" alt=\"\" width=\"685\" height=\"457\" class=\"alignnone size-large wp-image-759\" srcset=\"https:\/\/www.les-photos-de-mon-mariage.fr\/blog\/wp-content\/uploads\/2017\/09\/SophieJBaptiste-112-1-1024x683.jpg 1024w, https:\/\/www.les-photos-de-mon-mariage.fr\/blog\/wp-content\/uploads\/2017\/09\/SophieJBaptiste-112-1-300x200.jpg 300w, https:\/\/www.les-photos-de-mon-mariage.fr\/blog\/wp-content\/uploads\/2017\/09\/SophieJBaptiste-112-1-768x512.jpg 768w, https:\/\/www.les-photos-de-mon-mariage.fr\/blog\/wp-content\/uploads\/2017\/09\/SophieJBaptiste-112-1-685x457.jpg 685w, https:\/\/www.les-photos-de-mon-mariage.fr\/blog\/wp-content\/uploads\/2017\/09\/SophieJBaptiste-112-1.jpg 1200w\" sizes=\"auto, (max-width: 685px) 100vw, 685px\" \/><\/p>\n<p><img loading=\"lazy\" decoding=\"async\" src=\"http:\/\/www.les-photos-de-mon-mariage.fr\/blog\/wp-content\/uploads\/2017\/09\/SophieJBaptiste-139-1-1024x683.jpg\" alt=\"\" width=\"685\" height=\"457\" class=\"alignnone size-large wp-image-760\" srcset=\"https:\/\/www.les-photos-de-mon-mariage.fr\/blog\/wp-content\/uploads\/2017\/09\/SophieJBaptiste-139-1-1024x683.jpg 1024w, https:\/\/www.les-photos-de-mon-mariage.fr\/blog\/wp-content\/uploads\/2017\/09\/SophieJBaptiste-139-1-300x200.jpg 300w, https:\/\/www.les-photos-de-mon-mariage.fr\/blog\/wp-content\/uploads\/2017\/09\/SophieJBaptiste-139-1-768x512.jpg 768w, https:\/\/www.les-photos-de-mon-mariage.fr\/blog\/wp-content\/uploads\/2017\/09\/SophieJBaptiste-139-1-685x457.jpg 685w, https:\/\/www.les-photos-de-mon-mariage.fr\/blog\/wp-content\/uploads\/2017\/09\/SophieJBaptiste-139-1.jpg 1200w\" sizes=\"auto, (max-width: 685px) 100vw, 685px\" \/><\/p>\n<p><img loading=\"lazy\" decoding=\"async\" src=\"http:\/\/www.les-photos-de-mon-mariage.fr\/blog\/wp-content\/uploads\/2017\/09\/SophieJBaptiste-155-1-1024x683.jpg\" alt=\"\" width=\"685\" height=\"457\" class=\"alignnone size-large wp-image-761\" srcset=\"https:\/\/www.les-photos-de-mon-mariage.fr\/blog\/wp-content\/uploads\/2017\/09\/SophieJBaptiste-155-1-1024x683.jpg 1024w, https:\/\/www.les-photos-de-mon-mariage.fr\/blog\/wp-content\/uploads\/2017\/09\/SophieJBaptiste-155-1-300x200.jpg 300w, https:\/\/www.les-photos-de-mon-mariage.fr\/blog\/wp-content\/uploads\/2017\/09\/SophieJBaptiste-155-1-768x512.jpg 768w, https:\/\/www.les-photos-de-mon-mariage.fr\/blog\/wp-content\/uploads\/2017\/09\/SophieJBaptiste-155-1-685x457.jpg 685w, https:\/\/www.les-photos-de-mon-mariage.fr\/blog\/wp-content\/uploads\/2017\/09\/SophieJBaptiste-155-1.jpg 1200w\" sizes=\"auto, (max-width: 685px) 100vw, 685px\" \/><\/p>\n<p><img loading=\"lazy\" decoding=\"async\" src=\"http:\/\/www.les-photos-de-mon-mariage.fr\/blog\/wp-content\/uploads\/2017\/09\/SophieJBaptiste-175-1-1024x683.jpg\" alt=\"\" width=\"685\" height=\"457\" class=\"alignnone size-large wp-image-762\" srcset=\"https:\/\/www.les-photos-de-mon-mariage.fr\/blog\/wp-content\/uploads\/2017\/09\/SophieJBaptiste-175-1-1024x683.jpg 1024w, https:\/\/www.les-photos-de-mon-mariage.fr\/blog\/wp-content\/uploads\/2017\/09\/SophieJBaptiste-175-1-300x200.jpg 300w, https:\/\/www.les-photos-de-mon-mariage.fr\/blog\/wp-content\/uploads\/2017\/09\/SophieJBaptiste-175-1-768x512.jpg 768w, https:\/\/www.les-photos-de-mon-mariage.fr\/blog\/wp-content\/uploads\/2017\/09\/SophieJBaptiste-175-1-685x457.jpg 685w, https:\/\/www.les-photos-de-mon-mariage.fr\/blog\/wp-content\/uploads\/2017\/09\/SophieJBaptiste-175-1.jpg 1200w\" sizes=\"auto, (max-width: 685px) 100vw, 685px\" \/><\/p>\n<p><img loading=\"lazy\" decoding=\"async\" src=\"http:\/\/www.les-photos-de-mon-mariage.fr\/blog\/wp-content\/uploads\/2017\/09\/SophieJBaptiste-229-1-1024x683.jpg\" alt=\"\" width=\"685\" height=\"457\" class=\"alignnone size-large wp-image-763\" srcset=\"https:\/\/www.les-photos-de-mon-mariage.fr\/blog\/wp-content\/uploads\/2017\/09\/SophieJBaptiste-229-1-1024x683.jpg 1024w, https:\/\/www.les-photos-de-mon-mariage.fr\/blog\/wp-content\/uploads\/2017\/09\/SophieJBaptiste-229-1-300x200.jpg 300w, https:\/\/www.les-photos-de-mon-mariage.fr\/blog\/wp-content\/uploads\/2017\/09\/SophieJBaptiste-229-1-768x512.jpg 768w, https:\/\/www.les-photos-de-mon-mariage.fr\/blog\/wp-content\/uploads\/2017\/09\/SophieJBaptiste-229-1-685x457.jpg 685w, https:\/\/www.les-photos-de-mon-mariage.fr\/blog\/wp-content\/uploads\/2017\/09\/SophieJBaptiste-229-1.jpg 1200w\" sizes=\"auto, (max-width: 685px) 100vw, 685px\" \/><\/p>\n<p><img loading=\"lazy\" decoding=\"async\" src=\"http:\/\/www.les-photos-de-mon-mariage.fr\/blog\/wp-content\/uploads\/2017\/09\/SophieJBaptiste-275-1-1024x683.jpg\" alt=\"\" width=\"685\" height=\"457\" class=\"alignnone size-large wp-image-764\" srcset=\"https:\/\/www.les-photos-de-mon-mariage.fr\/blog\/wp-content\/uploads\/2017\/09\/SophieJBaptiste-275-1-1024x683.jpg 1024w, https:\/\/www.les-photos-de-mon-mariage.fr\/blog\/wp-content\/uploads\/2017\/09\/SophieJBaptiste-275-1-300x200.jpg 300w, https:\/\/www.les-photos-de-mon-mariage.fr\/blog\/wp-content\/uploads\/2017\/09\/SophieJBaptiste-275-1-768x512.jpg 768w, https:\/\/www.les-photos-de-mon-mariage.fr\/blog\/wp-content\/uploads\/2017\/09\/SophieJBaptiste-275-1-685x457.jpg 685w, https:\/\/www.les-photos-de-mon-mariage.fr\/blog\/wp-content\/uploads\/2017\/09\/SophieJBaptiste-275-1.jpg 1200w\" sizes=\"auto, (max-width: 685px) 100vw, 685px\" \/><\/p>\n<p><img loading=\"lazy\" decoding=\"async\" src=\"http:\/\/www.les-photos-de-mon-mariage.fr\/blog\/wp-content\/uploads\/2017\/09\/SophieJBaptiste-320-1-1024x683.jpg\" alt=\"\" width=\"685\" height=\"457\" class=\"alignnone size-large wp-image-765\" srcset=\"https:\/\/www.les-photos-de-mon-mariage.fr\/blog\/wp-content\/uploads\/2017\/09\/SophieJBaptiste-320-1-1024x683.jpg 1024w, https:\/\/www.les-photos-de-mon-mariage.fr\/blog\/wp-content\/uploads\/2017\/09\/SophieJBaptiste-320-1-300x200.jpg 300w, https:\/\/www.les-photos-de-mon-mariage.fr\/blog\/wp-content\/uploads\/2017\/09\/SophieJBaptiste-320-1-768x512.jpg 768w, https:\/\/www.les-photos-de-mon-mariage.fr\/blog\/wp-content\/uploads\/2017\/09\/SophieJBaptiste-320-1-685x457.jpg 685w, https:\/\/www.les-photos-de-mon-mariage.fr\/blog\/wp-content\/uploads\/2017\/09\/SophieJBaptiste-320-1.jpg 1200w\" sizes=\"auto, (max-width: 685px) 100vw, 685px\" \/><\/p>\n<p><img loading=\"lazy\" decoding=\"async\" src=\"http:\/\/www.les-photos-de-mon-mariage.fr\/blog\/wp-content\/uploads\/2017\/09\/SophieJBaptiste-340-1.jpg\" alt=\"\" width=\"533\" height=\"800\" class=\"alignnone size-large wp-image-766\" srcset=\"https:\/\/www.les-photos-de-mon-mariage.fr\/blog\/wp-content\/uploads\/2017\/09\/SophieJBaptiste-340-1.jpg 533w, https:\/\/www.les-photos-de-mon-mariage.fr\/blog\/wp-content\/uploads\/2017\/09\/SophieJBaptiste-340-1-200x300.jpg 200w\" sizes=\"auto, (max-width: 533px) 100vw, 533px\" \/><\/p>\n<p><img loading=\"lazy\" decoding=\"async\" src=\"http:\/\/www.les-photos-de-mon-mariage.fr\/blog\/wp-content\/uploads\/2017\/09\/SophieJBaptiste-378-1-1024x683.jpg\" alt=\"\" width=\"685\" height=\"457\" class=\"alignnone size-large wp-image-767\" srcset=\"https:\/\/www.les-photos-de-mon-mariage.fr\/blog\/wp-content\/uploads\/2017\/09\/SophieJBaptiste-378-1-1024x683.jpg 1024w, https:\/\/www.les-photos-de-mon-mariage.fr\/blog\/wp-content\/uploads\/2017\/09\/SophieJBaptiste-378-1-300x200.jpg 300w, https:\/\/www.les-photos-de-mon-mariage.fr\/blog\/wp-content\/uploads\/2017\/09\/SophieJBaptiste-378-1-768x512.jpg 768w, https:\/\/www.les-photos-de-mon-mariage.fr\/blog\/wp-content\/uploads\/2017\/09\/SophieJBaptiste-378-1-685x457.jpg 685w, https:\/\/www.les-photos-de-mon-mariage.fr\/blog\/wp-content\/uploads\/2017\/09\/SophieJBaptiste-378-1.jpg 1200w\" sizes=\"auto, (max-width: 685px) 100vw, 685px\" \/><\/p>\n<p><img loading=\"lazy\" decoding=\"async\" src=\"http:\/\/www.les-photos-de-mon-mariage.fr\/blog\/wp-content\/uploads\/2017\/09\/SophieJBaptiste-411-1-1024x683.jpg\" alt=\"\" width=\"685\" height=\"457\" class=\"alignnone size-large wp-image-768\" srcset=\"https:\/\/www.les-photos-de-mon-mariage.fr\/blog\/wp-content\/uploads\/2017\/09\/SophieJBaptiste-411-1-1024x683.jpg 1024w, https:\/\/www.les-photos-de-mon-mariage.fr\/blog\/wp-content\/uploads\/2017\/09\/SophieJBaptiste-411-1-300x200.jpg 300w, https:\/\/www.les-photos-de-mon-mariage.fr\/blog\/wp-content\/uploads\/2017\/09\/SophieJBaptiste-411-1-768x512.jpg 768w, https:\/\/www.les-photos-de-mon-mariage.fr\/blog\/wp-content\/uploads\/2017\/09\/SophieJBaptiste-411-1-685x457.jpg 685w, https:\/\/www.les-photos-de-mon-mariage.fr\/blog\/wp-content\/uploads\/2017\/09\/SophieJBaptiste-411-1.jpg 1200w\" sizes=\"auto, (max-width: 685px) 100vw, 685px\" \/><\/p>\n<p><img loading=\"lazy\" decoding=\"async\" src=\"http:\/\/www.les-photos-de-mon-mariage.fr\/blog\/wp-content\/uploads\/2017\/09\/SophieJBaptiste-431-1-1024x683.jpg\" alt=\"\" width=\"685\" height=\"457\" class=\"alignnone size-large wp-image-769\" srcset=\"https:\/\/www.les-photos-de-mon-mariage.fr\/blog\/wp-content\/uploads\/2017\/09\/SophieJBaptiste-431-1-1024x683.jpg 1024w, https:\/\/www.les-photos-de-mon-mariage.fr\/blog\/wp-content\/uploads\/2017\/09\/SophieJBaptiste-431-1-300x200.jpg 300w, https:\/\/www.les-photos-de-mon-mariage.fr\/blog\/wp-content\/uploads\/2017\/09\/SophieJBaptiste-431-1-768x512.jpg 768w, https:\/\/www.les-photos-de-mon-mariage.fr\/blog\/wp-content\/uploads\/2017\/09\/SophieJBaptiste-431-1-685x457.jpg 685w, https:\/\/www.les-photos-de-mon-mariage.fr\/blog\/wp-content\/uploads\/2017\/09\/SophieJBaptiste-431-1.jpg 1200w\" sizes=\"auto, (max-width: 685px) 100vw, 685px\" \/><\/p>\n<p><img loading=\"lazy\" decoding=\"async\" src=\"http:\/\/www.les-photos-de-mon-mariage.fr\/blog\/wp-content\/uploads\/2017\/09\/SophieJBaptiste-499-1.jpg\" alt=\"\" width=\"533\" height=\"800\" class=\"alignnone size-large wp-image-770\" srcset=\"https:\/\/www.les-photos-de-mon-mariage.fr\/blog\/wp-content\/uploads\/2017\/09\/SophieJBaptiste-499-1.jpg 533w, https:\/\/www.les-photos-de-mon-mariage.fr\/blog\/wp-content\/uploads\/2017\/09\/SophieJBaptiste-499-1-200x300.jpg 200w\" sizes=\"auto, (max-width: 533px) 100vw, 533px\" \/><\/p>\n<p><img loading=\"lazy\" decoding=\"async\" src=\"http:\/\/www.les-photos-de-mon-mariage.fr\/blog\/wp-content\/uploads\/2017\/09\/SophieJBaptiste-528-1.jpg\" alt=\"\" width=\"533\" height=\"800\" class=\"alignnone size-full wp-image-771\" srcset=\"https:\/\/www.les-photos-de-mon-mariage.fr\/blog\/wp-content\/uploads\/2017\/09\/SophieJBaptiste-528-1.jpg 533w, https:\/\/www.les-photos-de-mon-mariage.fr\/blog\/wp-content\/uploads\/2017\/09\/SophieJBaptiste-528-1-200x300.jpg 200w\" sizes=\"auto, (max-width: 533px) 100vw, 533px\" \/><\/p>\n","protected":false},"excerpt":{"rendered":"<p>Bonsoir \u00e0 tous ! En ce moment, les mariages s&rsquo;enchainent&#8230; mais ne se ressemblent bien \u00e9videment pas ! Il y a une dizaine de jours, Sophie et Jean-Baptiste ont re\u00e7u leurs photos !&#8230; Ces deux jeunes mari\u00e9s, vous avez d\u00e9j\u00e0 eu l&rsquo;occasion de les croiser sur ce blog : Je vous les avais pr\u00e9sent\u00e9 fin mars, lors de leur s\u00e9ance photo \u00ab\u00a0s\u00e9ance d&rsquo;engagement\u00a0\u00bb ! Tout &hellip; <a href=\"https:\/\/www.les-photos-de-mon-mariage.fr\/blog\/mariage-de-sophie-et-jean-baptiste\/\" class=\"more-link\">Continue reading <span class=\"screen-reader-text\">Mariage de Sophie et Jean-Baptiste<\/span> <span class=\"meta-nav\">&raquo;<\/span><\/a><\/p>\n","protected":false},"author":1,"featured_media":0,"comment_status":"open","ping_status":"open","sticky":false,"template":"","format":"standard","meta":{"footnotes":""},"categories":[4],"tags":[],"class_list":["post-731","post","type-post","status-publish","format-standard","hentry","category-mariages"],"yoast_head":"<!-- This site is optimized with the Yoast SEO plugin v27.5 - https:\/\/yoast.com\/product\/yoast-seo-wordpress\/ -->\n<title>Mariage de Sophie et Jean-Baptiste - Le blog d&#039;un photographe mariage<\/title>\n<meta name=\"robots\" content=\"index, follow, max-snippet:-1, max-image-preview:large, max-video-preview:-1\" \/>\n<link rel=\"canonical\" href=\"https:\/\/www.les-photos-de-mon-mariage.fr\/blog\/mariage-de-sophie-et-jean-baptiste\/\" \/>\n<meta property=\"og:locale\" content=\"fr_FR\" \/>\n<meta property=\"og:type\" content=\"article\" \/>\n<meta property=\"og:title\" content=\"Mariage de Sophie et Jean-Baptiste - Le blog d&#039;un photographe mariage\" \/>\n<meta property=\"og:description\" content=\"Bonsoir \u00e0 tous ! En ce moment, les mariages s&rsquo;enchainent&#8230; mais ne se ressemblent bien \u00e9videment pas ! Il y a une dizaine de jours, Sophie et Jean-Baptiste ont re\u00e7u leurs photos !&#8230; Ces deux jeunes mari\u00e9s, vous avez d\u00e9j\u00e0 eu l&rsquo;occasion de les croiser sur ce blog : Je vous les avais pr\u00e9sent\u00e9 fin mars, lors de leur s\u00e9ance photo \u00ab\u00a0s\u00e9ance d&rsquo;engagement\u00a0\u00bb ! Tout &hellip; Continue reading Mariage de Sophie et Jean-Baptiste &raquo;\" \/>\n<meta property=\"og:url\" content=\"https:\/\/www.les-photos-de-mon-mariage.fr\/blog\/mariage-de-sophie-et-jean-baptiste\/\" \/>\n<meta property=\"og:site_name\" content=\"Le blog d&#039;un photographe mariage\" \/>\n<meta property=\"article:publisher\" content=\"https:\/\/www.facebook.com\/thomas.lamart\/\" \/>\n<meta property=\"article:author\" content=\"https:\/\/www.facebook.com\/thomas.lamart\/\" \/>\n<meta property=\"article:published_time\" content=\"2017-09-29T18:30:03+00:00\" \/>\n<meta property=\"article:modified_time\" content=\"2017-09-29T18:30:14+00:00\" \/>\n<meta property=\"og:image\" content=\"http:\/\/www.les-photos-de-mon-mariage.fr\/blog\/wp-content\/uploads\/2017\/09\/SophieJBaptiste-61-1.jpg\" \/>\n<meta name=\"author\" content=\"Thomas\" \/>\n<meta name=\"twitter:card\" content=\"summary_large_image\" \/>\n<meta name=\"twitter:label1\" content=\"\u00c9crit par\" \/>\n\t<meta name=\"twitter:data1\" content=\"Thomas\" \/>\n\t<meta name=\"twitter:label2\" content=\"Dur\u00e9e de lecture estim\u00e9e\" \/>\n\t<meta name=\"twitter:data2\" content=\"1 minute\" \/>\n<script type=\"application\/ld+json\" class=\"yoast-schema-graph\">{\"@context\":\"https:\\\/\\\/schema.org\",\"@graph\":[{\"@type\":\"Article\",\"@id\":\"https:\\\/\\\/www.les-photos-de-mon-mariage.fr\\\/blog\\\/mariage-de-sophie-et-jean-baptiste\\\/#article\",\"isPartOf\":{\"@id\":\"https:\\\/\\\/www.les-photos-de-mon-mariage.fr\\\/blog\\\/mariage-de-sophie-et-jean-baptiste\\\/\"},\"author\":{\"name\":\"Thomas\",\"@id\":\"https:\\\/\\\/www.les-photos-de-mon-mariage.fr\\\/blog\\\/#\\\/schema\\\/person\\\/e311f978808719b066047d2ca870eed7\"},\"headline\":\"Mariage de Sophie et Jean-Baptiste\",\"datePublished\":\"2017-09-29T18:30:03+00:00\",\"dateModified\":\"2017-09-29T18:30:14+00:00\",\"mainEntityOfPage\":{\"@id\":\"https:\\\/\\\/www.les-photos-de-mon-mariage.fr\\\/blog\\\/mariage-de-sophie-et-jean-baptiste\\\/\"},\"wordCount\":134,\"commentCount\":0,\"publisher\":{\"@id\":\"https:\\\/\\\/www.les-photos-de-mon-mariage.fr\\\/blog\\\/#\\\/schema\\\/person\\\/e311f978808719b066047d2ca870eed7\"},\"image\":{\"@id\":\"https:\\\/\\\/www.les-photos-de-mon-mariage.fr\\\/blog\\\/mariage-de-sophie-et-jean-baptiste\\\/#primaryimage\"},\"thumbnailUrl\":\"http:\\\/\\\/www.les-photos-de-mon-mariage.fr\\\/blog\\\/wp-content\\\/uploads\\\/2017\\\/09\\\/SophieJBaptiste-61-1.jpg\",\"articleSection\":[\"mariages\"],\"inLanguage\":\"fr-FR\",\"potentialAction\":[{\"@type\":\"CommentAction\",\"name\":\"Comment\",\"target\":[\"https:\\\/\\\/www.les-photos-de-mon-mariage.fr\\\/blog\\\/mariage-de-sophie-et-jean-baptiste\\\/#respond\"]}]},{\"@type\":\"WebPage\",\"@id\":\"https:\\\/\\\/www.les-photos-de-mon-mariage.fr\\\/blog\\\/mariage-de-sophie-et-jean-baptiste\\\/\",\"url\":\"https:\\\/\\\/www.les-photos-de-mon-mariage.fr\\\/blog\\\/mariage-de-sophie-et-jean-baptiste\\\/\",\"name\":\"Mariage de Sophie et Jean-Baptiste - Le blog d&#039;un photographe mariage\",\"isPartOf\":{\"@id\":\"https:\\\/\\\/www.les-photos-de-mon-mariage.fr\\\/blog\\\/#website\"},\"primaryImageOfPage\":{\"@id\":\"https:\\\/\\\/www.les-photos-de-mon-mariage.fr\\\/blog\\\/mariage-de-sophie-et-jean-baptiste\\\/#primaryimage\"},\"image\":{\"@id\":\"https:\\\/\\\/www.les-photos-de-mon-mariage.fr\\\/blog\\\/mariage-de-sophie-et-jean-baptiste\\\/#primaryimage\"},\"thumbnailUrl\":\"http:\\\/\\\/www.les-photos-de-mon-mariage.fr\\\/blog\\\/wp-content\\\/uploads\\\/2017\\\/09\\\/SophieJBaptiste-61-1.jpg\",\"datePublished\":\"2017-09-29T18:30:03+00:00\",\"dateModified\":\"2017-09-29T18:30:14+00:00\",\"breadcrumb\":{\"@id\":\"https:\\\/\\\/www.les-photos-de-mon-mariage.fr\\\/blog\\\/mariage-de-sophie-et-jean-baptiste\\\/#breadcrumb\"},\"inLanguage\":\"fr-FR\",\"potentialAction\":[{\"@type\":\"ReadAction\",\"target\":[\"https:\\\/\\\/www.les-photos-de-mon-mariage.fr\\\/blog\\\/mariage-de-sophie-et-jean-baptiste\\\/\"]}]},{\"@type\":\"ImageObject\",\"inLanguage\":\"fr-FR\",\"@id\":\"https:\\\/\\\/www.les-photos-de-mon-mariage.fr\\\/blog\\\/mariage-de-sophie-et-jean-baptiste\\\/#primaryimage\",\"url\":\"https:\\\/\\\/www.les-photos-de-mon-mariage.fr\\\/blog\\\/wp-content\\\/uploads\\\/2017\\\/09\\\/SophieJBaptiste-61-1.jpg\",\"contentUrl\":\"https:\\\/\\\/www.les-photos-de-mon-mariage.fr\\\/blog\\\/wp-content\\\/uploads\\\/2017\\\/09\\\/SophieJBaptiste-61-1.jpg\",\"width\":800,\"height\":800},{\"@type\":\"BreadcrumbList\",\"@id\":\"https:\\\/\\\/www.les-photos-de-mon-mariage.fr\\\/blog\\\/mariage-de-sophie-et-jean-baptiste\\\/#breadcrumb\",\"itemListElement\":[{\"@type\":\"ListItem\",\"position\":1,\"name\":\"Accueil\",\"item\":\"https:\\\/\\\/www.les-photos-de-mon-mariage.fr\\\/blog\\\/\"},{\"@type\":\"ListItem\",\"position\":2,\"name\":\"Mariage de Sophie et Jean-Baptiste\"}]},{\"@type\":\"WebSite\",\"@id\":\"https:\\\/\\\/www.les-photos-de-mon-mariage.fr\\\/blog\\\/#website\",\"url\":\"https:\\\/\\\/www.les-photos-de-mon-mariage.fr\\\/blog\\\/\",\"name\":\"Le blog d'un photographe mariage\",\"description\":\"Thomas Lamart | Votre photographe mariage en Seine-et-marne\",\"publisher\":{\"@id\":\"https:\\\/\\\/www.les-photos-de-mon-mariage.fr\\\/blog\\\/#\\\/schema\\\/person\\\/e311f978808719b066047d2ca870eed7\"},\"potentialAction\":[{\"@type\":\"SearchAction\",\"target\":{\"@type\":\"EntryPoint\",\"urlTemplate\":\"https:\\\/\\\/www.les-photos-de-mon-mariage.fr\\\/blog\\\/?s={search_term_string}\"},\"query-input\":{\"@type\":\"PropertyValueSpecification\",\"valueRequired\":true,\"valueName\":\"search_term_string\"}}],\"inLanguage\":\"fr-FR\"},{\"@type\":[\"Person\",\"Organization\"],\"@id\":\"https:\\\/\\\/www.les-photos-de-mon-mariage.fr\\\/blog\\\/#\\\/schema\\\/person\\\/e311f978808719b066047d2ca870eed7\",\"name\":\"Thomas\",\"image\":{\"@type\":\"ImageObject\",\"inLanguage\":\"fr-FR\",\"@id\":\"https:\\\/\\\/www.les-photos-de-mon-mariage.fr\\\/blog\\\/wp-content\\\/uploads\\\/2024\\\/03\\\/accueil.jpg\",\"url\":\"https:\\\/\\\/www.les-photos-de-mon-mariage.fr\\\/blog\\\/wp-content\\\/uploads\\\/2024\\\/03\\\/accueil.jpg\",\"contentUrl\":\"https:\\\/\\\/www.les-photos-de-mon-mariage.fr\\\/blog\\\/wp-content\\\/uploads\\\/2024\\\/03\\\/accueil.jpg\",\"width\":700,\"height\":489,\"caption\":\"Thomas\"},\"logo\":{\"@id\":\"https:\\\/\\\/www.les-photos-de-mon-mariage.fr\\\/blog\\\/wp-content\\\/uploads\\\/2024\\\/03\\\/accueil.jpg\"},\"sameAs\":[\"https:\\\/\\\/www.les-photos-de-mon-mariage.fr\",\"https:\\\/\\\/www.facebook.com\\\/thomas.lamart\\\/\",\"https:\\\/\\\/www.instagram.com\\\/les.photos.de.mon.mariage\\\/\"],\"url\":\"https:\\\/\\\/www.les-photos-de-mon-mariage.fr\\\/blog\\\/author\\\/thomasadmin\\\/\"}]}<\/script>\n<!-- \/ Yoast SEO plugin. -->","yoast_head_json":{"title":"Mariage de Sophie et Jean-Baptiste - Le blog d&#039;un photographe mariage","robots":{"index":"index","follow":"follow","max-snippet":"max-snippet:-1","max-image-preview":"max-image-preview:large","max-video-preview":"max-video-preview:-1"},"canonical":"https:\/\/www.les-photos-de-mon-mariage.fr\/blog\/mariage-de-sophie-et-jean-baptiste\/","og_locale":"fr_FR","og_type":"article","og_title":"Mariage de Sophie et Jean-Baptiste - Le blog d&#039;un photographe mariage","og_description":"Bonsoir \u00e0 tous ! En ce moment, les mariages s&rsquo;enchainent&#8230; mais ne se ressemblent bien \u00e9videment pas ! Il y a une dizaine de jours, Sophie et Jean-Baptiste ont re\u00e7u leurs photos !&#8230; Ces deux jeunes mari\u00e9s, vous avez d\u00e9j\u00e0 eu l&rsquo;occasion de les croiser sur ce blog : Je vous les avais pr\u00e9sent\u00e9 fin mars, lors de leur s\u00e9ance photo \u00ab\u00a0s\u00e9ance d&rsquo;engagement\u00a0\u00bb ! Tout &hellip; Continue reading Mariage de Sophie et Jean-Baptiste &raquo;","og_url":"https:\/\/www.les-photos-de-mon-mariage.fr\/blog\/mariage-de-sophie-et-jean-baptiste\/","og_site_name":"Le blog d&#039;un photographe mariage","article_publisher":"https:\/\/www.facebook.com\/thomas.lamart\/","article_author":"https:\/\/www.facebook.com\/thomas.lamart\/","article_published_time":"2017-09-29T18:30:03+00:00","article_modified_time":"2017-09-29T18:30:14+00:00","og_image":[{"url":"http:\/\/www.les-photos-de-mon-mariage.fr\/blog\/wp-content\/uploads\/2017\/09\/SophieJBaptiste-61-1.jpg","type":"","width":"","height":""}],"author":"Thomas","twitter_card":"summary_large_image","twitter_misc":{"\u00c9crit par":"Thomas","Dur\u00e9e de lecture estim\u00e9e":"1 minute"},"schema":{"@context":"https:\/\/schema.org","@graph":[{"@type":"Article","@id":"https:\/\/www.les-photos-de-mon-mariage.fr\/blog\/mariage-de-sophie-et-jean-baptiste\/#article","isPartOf":{"@id":"https:\/\/www.les-photos-de-mon-mariage.fr\/blog\/mariage-de-sophie-et-jean-baptiste\/"},"author":{"name":"Thomas","@id":"https:\/\/www.les-photos-de-mon-mariage.fr\/blog\/#\/schema\/person\/e311f978808719b066047d2ca870eed7"},"headline":"Mariage de Sophie et Jean-Baptiste","datePublished":"2017-09-29T18:30:03+00:00","dateModified":"2017-09-29T18:30:14+00:00","mainEntityOfPage":{"@id":"https:\/\/www.les-photos-de-mon-mariage.fr\/blog\/mariage-de-sophie-et-jean-baptiste\/"},"wordCount":134,"commentCount":0,"publisher":{"@id":"https:\/\/www.les-photos-de-mon-mariage.fr\/blog\/#\/schema\/person\/e311f978808719b066047d2ca870eed7"},"image":{"@id":"https:\/\/www.les-photos-de-mon-mariage.fr\/blog\/mariage-de-sophie-et-jean-baptiste\/#primaryimage"},"thumbnailUrl":"http:\/\/www.les-photos-de-mon-mariage.fr\/blog\/wp-content\/uploads\/2017\/09\/SophieJBaptiste-61-1.jpg","articleSection":["mariages"],"inLanguage":"fr-FR","potentialAction":[{"@type":"CommentAction","name":"Comment","target":["https:\/\/www.les-photos-de-mon-mariage.fr\/blog\/mariage-de-sophie-et-jean-baptiste\/#respond"]}]},{"@type":"WebPage","@id":"https:\/\/www.les-photos-de-mon-mariage.fr\/blog\/mariage-de-sophie-et-jean-baptiste\/","url":"https:\/\/www.les-photos-de-mon-mariage.fr\/blog\/mariage-de-sophie-et-jean-baptiste\/","name":"Mariage de Sophie et Jean-Baptiste - Le blog d&#039;un photographe mariage","isPartOf":{"@id":"https:\/\/www.les-photos-de-mon-mariage.fr\/blog\/#website"},"primaryImageOfPage":{"@id":"https:\/\/www.les-photos-de-mon-mariage.fr\/blog\/mariage-de-sophie-et-jean-baptiste\/#primaryimage"},"image":{"@id":"https:\/\/www.les-photos-de-mon-mariage.fr\/blog\/mariage-de-sophie-et-jean-baptiste\/#primaryimage"},"thumbnailUrl":"http:\/\/www.les-photos-de-mon-mariage.fr\/blog\/wp-content\/uploads\/2017\/09\/SophieJBaptiste-61-1.jpg","datePublished":"2017-09-29T18:30:03+00:00","dateModified":"2017-09-29T18:30:14+00:00","breadcrumb":{"@id":"https:\/\/www.les-photos-de-mon-mariage.fr\/blog\/mariage-de-sophie-et-jean-baptiste\/#breadcrumb"},"inLanguage":"fr-FR","potentialAction":[{"@type":"ReadAction","target":["https:\/\/www.les-photos-de-mon-mariage.fr\/blog\/mariage-de-sophie-et-jean-baptiste\/"]}]},{"@type":"ImageObject","inLanguage":"fr-FR","@id":"https:\/\/www.les-photos-de-mon-mariage.fr\/blog\/mariage-de-sophie-et-jean-baptiste\/#primaryimage","url":"https:\/\/www.les-photos-de-mon-mariage.fr\/blog\/wp-content\/uploads\/2017\/09\/SophieJBaptiste-61-1.jpg","contentUrl":"https:\/\/www.les-photos-de-mon-mariage.fr\/blog\/wp-content\/uploads\/2017\/09\/SophieJBaptiste-61-1.jpg","width":800,"height":800},{"@type":"BreadcrumbList","@id":"https:\/\/www.les-photos-de-mon-mariage.fr\/blog\/mariage-de-sophie-et-jean-baptiste\/#breadcrumb","itemListElement":[{"@type":"ListItem","position":1,"name":"Accueil","item":"https:\/\/www.les-photos-de-mon-mariage.fr\/blog\/"},{"@type":"ListItem","position":2,"name":"Mariage de Sophie et Jean-Baptiste"}]},{"@type":"WebSite","@id":"https:\/\/www.les-photos-de-mon-mariage.fr\/blog\/#website","url":"https:\/\/www.les-photos-de-mon-mariage.fr\/blog\/","name":"Le blog d'un photographe mariage","description":"Thomas Lamart | Votre photographe mariage en Seine-et-marne","publisher":{"@id":"https:\/\/www.les-photos-de-mon-mariage.fr\/blog\/#\/schema\/person\/e311f978808719b066047d2ca870eed7"},"potentialAction":[{"@type":"SearchAction","target":{"@type":"EntryPoint","urlTemplate":"https:\/\/www.les-photos-de-mon-mariage.fr\/blog\/?s={search_term_string}"},"query-input":{"@type":"PropertyValueSpecification","valueRequired":true,"valueName":"search_term_string"}}],"inLanguage":"fr-FR"},{"@type":["Person","Organization"],"@id":"https:\/\/www.les-photos-de-mon-mariage.fr\/blog\/#\/schema\/person\/e311f978808719b066047d2ca870eed7","name":"Thomas","image":{"@type":"ImageObject","inLanguage":"fr-FR","@id":"https:\/\/www.les-photos-de-mon-mariage.fr\/blog\/wp-content\/uploads\/2024\/03\/accueil.jpg","url":"https:\/\/www.les-photos-de-mon-mariage.fr\/blog\/wp-content\/uploads\/2024\/03\/accueil.jpg","contentUrl":"https:\/\/www.les-photos-de-mon-mariage.fr\/blog\/wp-content\/uploads\/2024\/03\/accueil.jpg","width":700,"height":489,"caption":"Thomas"},"logo":{"@id":"https:\/\/www.les-photos-de-mon-mariage.fr\/blog\/wp-content\/uploads\/2024\/03\/accueil.jpg"},"sameAs":["https:\/\/www.les-photos-de-mon-mariage.fr","https:\/\/www.facebook.com\/thomas.lamart\/","https:\/\/www.instagram.com\/les.photos.de.mon.mariage\/"],"url":"https:\/\/www.les-photos-de-mon-mariage.fr\/blog\/author\/thomasadmin\/"}]}},"_links":{"self":[{"href":"https:\/\/www.les-photos-de-mon-mariage.fr\/blog\/wp-json\/wp\/v2\/posts\/731","targetHints":{"allow":["GET"]}}],"collection":[{"href":"https:\/\/www.les-photos-de-mon-mariage.fr\/blog\/wp-json\/wp\/v2\/posts"}],"about":[{"href":"https:\/\/www.les-photos-de-mon-mariage.fr\/blog\/wp-json\/wp\/v2\/types\/post"}],"author":[{"embeddable":true,"href":"https:\/\/www.les-photos-de-mon-mariage.fr\/blog\/wp-json\/wp\/v2\/users\/1"}],"replies":[{"embeddable":true,"href":"https:\/\/www.les-photos-de-mon-mariage.fr\/blog\/wp-json\/wp\/v2\/comments?post=731"}],"version-history":[{"count":1,"href":"https:\/\/www.les-photos-de-mon-mariage.fr\/blog\/wp-json\/wp\/v2\/posts\/731\/revisions"}],"predecessor-version":[{"id":772,"href":"https:\/\/www.les-photos-de-mon-mariage.fr\/blog\/wp-json\/wp\/v2\/posts\/731\/revisions\/772"}],"wp:attachment":[{"href":"https:\/\/www.les-photos-de-mon-mariage.fr\/blog\/wp-json\/wp\/v2\/media?parent=731"}],"wp:term":[{"taxonomy":"category","embeddable":true,"href":"https:\/\/www.les-photos-de-mon-mariage.fr\/blog\/wp-json\/wp\/v2\/categories?post=731"},{"taxonomy":"post_tag","embeddable":true,"href":"https:\/\/www.les-photos-de-mon-mariage.fr\/blog\/wp-json\/wp\/v2\/tags?post=731"}],"curies":[{"name":"wp","href":"https:\/\/api.w.org\/{rel}","templated":true}]}}