{"id":837,"date":"2018-06-19T18:30:26","date_gmt":"2018-06-19T16:30:26","guid":{"rendered":"http:\/\/www.les-photos-de-mon-mariage.fr\/blog\/?p=837"},"modified":"2018-06-19T18:30:26","modified_gmt":"2018-06-19T16:30:26","slug":"noces-de-coton-en-attendant-bebe","status":"publish","type":"post","link":"https:\/\/www.les-photos-de-mon-mariage.fr\/blog\/noces-de-coton-en-attendant-bebe\/","title":{"rendered":"Noces de coton&#8230; en attendant b\u00e9b\u00e9 !"},"content":{"rendered":"<p>Bonjour \u00e0 tous !<\/p>\n<p>Cela faisait (beaucoup trop) longtemps que je n&rsquo;avais rien post\u00e9 sur ce petit blog&#8230; Je prends donc ce soir un peu de temps pour vous parler d&rsquo;une s\u00e9ance photo qui s&rsquo;est d\u00e9roul\u00e9e fin mai.<\/p>\n<p>Quand Delphine et Yohann m&rsquo;ont recontact\u00e9, un an apr\u00e8s leur mariage que j&rsquo;ai immortalis\u00e9, pour me proposer une s\u00e9ance photo pour leurs Noces de Coton, vous imaginez bien le plaisir ressenti de mon c\u00f4t\u00e9 ! Mon m\u00e9tier de photographe est un v\u00e9ritable m\u00e9tier \u00ab\u00a0passion\u00a0\u00bb&#8230; et celui-ci n&rsquo;a de sens que si le r\u00e9sultat de mon travail est \u00e0 la hauteur des attentes des personnes qui m&rsquo;ont accord\u00e9 leur confiance ! Alors se voir proposer cela me touche particuli\u00e8rement&#8230; Et quant \u00e0 une s\u00e9ance \u00ab\u00a0Noce de Coton\u00a0\u00bb est en plus coupl\u00e9e une s\u00e9ance \u00ab\u00a0En attendant b\u00e9b\u00e9\u00a0\u00bb, mon plaisir est complet !!!<\/p>\n<p>C&rsquo;est donc un an jour pour jour apr\u00e8s leur mariage que j&rsquo;ai retrouv\u00e9 Delphine et Yohann pour cette \u00ab\u00a0double s\u00e9ance photo ! S\u00e9ance mixte int\u00e9rieur ext\u00e9rieur dont voici un petit extrait&#8230;<\/p>\n<p><img loading=\"lazy\" decoding=\"async\" src=\"http:\/\/www.les-photos-de-mon-mariage.fr\/blog\/wp-content\/uploads\/2018\/06\/En-attendant-b\u00e9b\u00e9-13-1024x683.jpg\" alt=\"\" width=\"685\" height=\"457\" class=\"alignnone size-large wp-image-838\" srcset=\"https:\/\/www.les-photos-de-mon-mariage.fr\/blog\/wp-content\/uploads\/2018\/06\/En-attendant-b\u00e9b\u00e9-13-1024x683.jpg 1024w, https:\/\/www.les-photos-de-mon-mariage.fr\/blog\/wp-content\/uploads\/2018\/06\/En-attendant-b\u00e9b\u00e9-13-300x200.jpg 300w, https:\/\/www.les-photos-de-mon-mariage.fr\/blog\/wp-content\/uploads\/2018\/06\/En-attendant-b\u00e9b\u00e9-13-768x512.jpg 768w, https:\/\/www.les-photos-de-mon-mariage.fr\/blog\/wp-content\/uploads\/2018\/06\/En-attendant-b\u00e9b\u00e9-13-685x457.jpg 685w, https:\/\/www.les-photos-de-mon-mariage.fr\/blog\/wp-content\/uploads\/2018\/06\/En-attendant-b\u00e9b\u00e9-13.jpg 1200w\" sizes=\"auto, (max-width: 685px) 100vw, 685px\" \/><\/p>\n<p><img loading=\"lazy\" decoding=\"async\" src=\"http:\/\/www.les-photos-de-mon-mariage.fr\/blog\/wp-content\/uploads\/2018\/06\/En-attendant-b\u00e9b\u00e9-14-1024x683.jpg\" alt=\"\" width=\"685\" height=\"457\" class=\"alignnone size-large wp-image-839\" srcset=\"https:\/\/www.les-photos-de-mon-mariage.fr\/blog\/wp-content\/uploads\/2018\/06\/En-attendant-b\u00e9b\u00e9-14-1024x683.jpg 1024w, https:\/\/www.les-photos-de-mon-mariage.fr\/blog\/wp-content\/uploads\/2018\/06\/En-attendant-b\u00e9b\u00e9-14-300x200.jpg 300w, https:\/\/www.les-photos-de-mon-mariage.fr\/blog\/wp-content\/uploads\/2018\/06\/En-attendant-b\u00e9b\u00e9-14-768x512.jpg 768w, https:\/\/www.les-photos-de-mon-mariage.fr\/blog\/wp-content\/uploads\/2018\/06\/En-attendant-b\u00e9b\u00e9-14-685x457.jpg 685w, https:\/\/www.les-photos-de-mon-mariage.fr\/blog\/wp-content\/uploads\/2018\/06\/En-attendant-b\u00e9b\u00e9-14.jpg 1200w\" sizes=\"auto, (max-width: 685px) 100vw, 685px\" \/><\/p>\n<p><img loading=\"lazy\" decoding=\"async\" src=\"http:\/\/www.les-photos-de-mon-mariage.fr\/blog\/wp-content\/uploads\/2018\/06\/En-attendant-b\u00e9b\u00e9-18-1024x683.jpg\" alt=\"\" width=\"685\" height=\"457\" class=\"alignnone size-large wp-image-840\" srcset=\"https:\/\/www.les-photos-de-mon-mariage.fr\/blog\/wp-content\/uploads\/2018\/06\/En-attendant-b\u00e9b\u00e9-18-1024x683.jpg 1024w, https:\/\/www.les-photos-de-mon-mariage.fr\/blog\/wp-content\/uploads\/2018\/06\/En-attendant-b\u00e9b\u00e9-18-300x200.jpg 300w, https:\/\/www.les-photos-de-mon-mariage.fr\/blog\/wp-content\/uploads\/2018\/06\/En-attendant-b\u00e9b\u00e9-18-768x512.jpg 768w, https:\/\/www.les-photos-de-mon-mariage.fr\/blog\/wp-content\/uploads\/2018\/06\/En-attendant-b\u00e9b\u00e9-18-685x457.jpg 685w, https:\/\/www.les-photos-de-mon-mariage.fr\/blog\/wp-content\/uploads\/2018\/06\/En-attendant-b\u00e9b\u00e9-18.jpg 1200w\" sizes=\"auto, (max-width: 685px) 100vw, 685px\" \/><\/p>\n<p><img loading=\"lazy\" decoding=\"async\" src=\"http:\/\/www.les-photos-de-mon-mariage.fr\/blog\/wp-content\/uploads\/2018\/06\/En-attendant-b\u00e9b\u00e9-21-1024x683.jpg\" alt=\"\" width=\"685\" height=\"457\" class=\"alignnone size-large wp-image-841\" srcset=\"https:\/\/www.les-photos-de-mon-mariage.fr\/blog\/wp-content\/uploads\/2018\/06\/En-attendant-b\u00e9b\u00e9-21-1024x683.jpg 1024w, https:\/\/www.les-photos-de-mon-mariage.fr\/blog\/wp-content\/uploads\/2018\/06\/En-attendant-b\u00e9b\u00e9-21-300x200.jpg 300w, https:\/\/www.les-photos-de-mon-mariage.fr\/blog\/wp-content\/uploads\/2018\/06\/En-attendant-b\u00e9b\u00e9-21-768x512.jpg 768w, https:\/\/www.les-photos-de-mon-mariage.fr\/blog\/wp-content\/uploads\/2018\/06\/En-attendant-b\u00e9b\u00e9-21-685x457.jpg 685w, https:\/\/www.les-photos-de-mon-mariage.fr\/blog\/wp-content\/uploads\/2018\/06\/En-attendant-b\u00e9b\u00e9-21.jpg 1200w\" sizes=\"auto, (max-width: 685px) 100vw, 685px\" \/><\/p>\n<p><img loading=\"lazy\" decoding=\"async\" src=\"http:\/\/www.les-photos-de-mon-mariage.fr\/blog\/wp-content\/uploads\/2018\/06\/En-attendant-b\u00e9b\u00e9-23.jpg\" alt=\"\" width=\"685\" height=\"685\" class=\"alignnone size-large wp-image-842\" srcset=\"https:\/\/www.les-photos-de-mon-mariage.fr\/blog\/wp-content\/uploads\/2018\/06\/En-attendant-b\u00e9b\u00e9-23.jpg 800w, https:\/\/www.les-photos-de-mon-mariage.fr\/blog\/wp-content\/uploads\/2018\/06\/En-attendant-b\u00e9b\u00e9-23-300x300.jpg 300w, https:\/\/www.les-photos-de-mon-mariage.fr\/blog\/wp-content\/uploads\/2018\/06\/En-attendant-b\u00e9b\u00e9-23-768x768.jpg 768w, https:\/\/www.les-photos-de-mon-mariage.fr\/blog\/wp-content\/uploads\/2018\/06\/En-attendant-b\u00e9b\u00e9-23-685x685.jpg 685w\" sizes=\"auto, (max-width: 685px) 100vw, 685px\" \/><\/p>\n<p><img loading=\"lazy\" decoding=\"async\" src=\"http:\/\/www.les-photos-de-mon-mariage.fr\/blog\/wp-content\/uploads\/2018\/06\/En-attendant-b\u00e9b\u00e9-28.jpg\" alt=\"\" width=\"532\" height=\"800\" class=\"alignnone size-large wp-image-843\" srcset=\"https:\/\/www.les-photos-de-mon-mariage.fr\/blog\/wp-content\/uploads\/2018\/06\/En-attendant-b\u00e9b\u00e9-28.jpg 532w, https:\/\/www.les-photos-de-mon-mariage.fr\/blog\/wp-content\/uploads\/2018\/06\/En-attendant-b\u00e9b\u00e9-28-200x300.jpg 200w\" sizes=\"auto, (max-width: 532px) 100vw, 532px\" \/><\/p>\n","protected":false},"excerpt":{"rendered":"<p>Bonjour \u00e0 tous ! Cela faisait (beaucoup trop) longtemps que je n&rsquo;avais rien post\u00e9 sur ce petit blog&#8230; Je prends donc ce soir un peu de temps pour vous parler d&rsquo;une s\u00e9ance photo qui s&rsquo;est d\u00e9roul\u00e9e fin mai. Quand Delphine et Yohann m&rsquo;ont recontact\u00e9, un an apr\u00e8s leur mariage que j&rsquo;ai immortalis\u00e9, pour me proposer une s\u00e9ance photo pour leurs Noces de Coton, vous imaginez &hellip; <a href=\"https:\/\/www.les-photos-de-mon-mariage.fr\/blog\/noces-de-coton-en-attendant-bebe\/\" class=\"more-link\">Continue reading <span class=\"screen-reader-text\">Noces de coton&#8230; en attendant b\u00e9b\u00e9 !<\/span> <span class=\"meta-nav\">&raquo;<\/span><\/a><\/p>\n","protected":false},"author":1,"featured_media":0,"comment_status":"open","ping_status":"open","sticky":false,"template":"","format":"standard","meta":{"footnotes":""},"categories":[6,4],"tags":[],"class_list":["post-837","post","type-post","status-publish","format-standard","hentry","category-divers","category-mariages"],"yoast_head":"<!-- This site is optimized with the Yoast SEO plugin v27.5 - https:\/\/yoast.com\/product\/yoast-seo-wordpress\/ -->\n<title>Noces de coton... en attendant b\u00e9b\u00e9 ! - Le blog d&#039;un photographe mariage<\/title>\n<meta name=\"robots\" content=\"index, follow, max-snippet:-1, max-image-preview:large, max-video-preview:-1\" \/>\n<link rel=\"canonical\" href=\"https:\/\/www.les-photos-de-mon-mariage.fr\/blog\/noces-de-coton-en-attendant-bebe\/\" \/>\n<meta property=\"og:locale\" content=\"fr_FR\" \/>\n<meta property=\"og:type\" content=\"article\" \/>\n<meta property=\"og:title\" content=\"Noces de coton... en attendant b\u00e9b\u00e9 ! - Le blog d&#039;un photographe mariage\" \/>\n<meta property=\"og:description\" content=\"Bonjour \u00e0 tous ! Cela faisait (beaucoup trop) longtemps que je n&rsquo;avais rien post\u00e9 sur ce petit blog&#8230; Je prends donc ce soir un peu de temps pour vous parler d&rsquo;une s\u00e9ance photo qui s&rsquo;est d\u00e9roul\u00e9e fin mai. Quand Delphine et Yohann m&rsquo;ont recontact\u00e9, un an apr\u00e8s leur mariage que j&rsquo;ai immortalis\u00e9, pour me proposer une s\u00e9ance photo pour leurs Noces de Coton, vous imaginez &hellip; Continue reading Noces de coton&#8230; en attendant b\u00e9b\u00e9 ! &raquo;\" \/>\n<meta property=\"og:url\" content=\"https:\/\/www.les-photos-de-mon-mariage.fr\/blog\/noces-de-coton-en-attendant-bebe\/\" \/>\n<meta property=\"og:site_name\" content=\"Le blog d&#039;un photographe mariage\" \/>\n<meta property=\"article:publisher\" content=\"https:\/\/www.facebook.com\/thomas.lamart\/\" \/>\n<meta property=\"article:author\" content=\"https:\/\/www.facebook.com\/thomas.lamart\/\" \/>\n<meta property=\"article:published_time\" content=\"2018-06-19T16:30:26+00:00\" \/>\n<meta name=\"author\" content=\"Thomas\" \/>\n<meta name=\"twitter:card\" content=\"summary_large_image\" \/>\n<meta name=\"twitter:label1\" content=\"\u00c9crit par\" \/>\n\t<meta name=\"twitter:data1\" content=\"Thomas\" \/>\n\t<meta name=\"twitter:label2\" content=\"Dur\u00e9e de lecture estim\u00e9e\" \/>\n\t<meta name=\"twitter:data2\" content=\"1 minute\" \/>\n<script type=\"application\/ld+json\" class=\"yoast-schema-graph\">{\"@context\":\"https:\\\/\\\/schema.org\",\"@graph\":[{\"@type\":\"Article\",\"@id\":\"https:\\\/\\\/www.les-photos-de-mon-mariage.fr\\\/blog\\\/noces-de-coton-en-attendant-bebe\\\/#article\",\"isPartOf\":{\"@id\":\"https:\\\/\\\/www.les-photos-de-mon-mariage.fr\\\/blog\\\/noces-de-coton-en-attendant-bebe\\\/\"},\"author\":{\"name\":\"Thomas\",\"@id\":\"https:\\\/\\\/www.les-photos-de-mon-mariage.fr\\\/blog\\\/#\\\/schema\\\/person\\\/e311f978808719b066047d2ca870eed7\"},\"headline\":\"Noces de coton&#8230; en attendant b\u00e9b\u00e9 !\",\"datePublished\":\"2018-06-19T16:30:26+00:00\",\"mainEntityOfPage\":{\"@id\":\"https:\\\/\\\/www.les-photos-de-mon-mariage.fr\\\/blog\\\/noces-de-coton-en-attendant-bebe\\\/\"},\"wordCount\":197,\"commentCount\":0,\"publisher\":{\"@id\":\"https:\\\/\\\/www.les-photos-de-mon-mariage.fr\\\/blog\\\/#\\\/schema\\\/person\\\/e311f978808719b066047d2ca870eed7\"},\"articleSection\":[\"divers\",\"mariages\"],\"inLanguage\":\"fr-FR\",\"potentialAction\":[{\"@type\":\"CommentAction\",\"name\":\"Comment\",\"target\":[\"https:\\\/\\\/www.les-photos-de-mon-mariage.fr\\\/blog\\\/noces-de-coton-en-attendant-bebe\\\/#respond\"]}]},{\"@type\":\"WebPage\",\"@id\":\"https:\\\/\\\/www.les-photos-de-mon-mariage.fr\\\/blog\\\/noces-de-coton-en-attendant-bebe\\\/\",\"url\":\"https:\\\/\\\/www.les-photos-de-mon-mariage.fr\\\/blog\\\/noces-de-coton-en-attendant-bebe\\\/\",\"name\":\"Noces de coton... en attendant b\u00e9b\u00e9 ! - Le blog d&#039;un photographe mariage\",\"isPartOf\":{\"@id\":\"https:\\\/\\\/www.les-photos-de-mon-mariage.fr\\\/blog\\\/#website\"},\"datePublished\":\"2018-06-19T16:30:26+00:00\",\"breadcrumb\":{\"@id\":\"https:\\\/\\\/www.les-photos-de-mon-mariage.fr\\\/blog\\\/noces-de-coton-en-attendant-bebe\\\/#breadcrumb\"},\"inLanguage\":\"fr-FR\",\"potentialAction\":[{\"@type\":\"ReadAction\",\"target\":[\"https:\\\/\\\/www.les-photos-de-mon-mariage.fr\\\/blog\\\/noces-de-coton-en-attendant-bebe\\\/\"]}]},{\"@type\":\"BreadcrumbList\",\"@id\":\"https:\\\/\\\/www.les-photos-de-mon-mariage.fr\\\/blog\\\/noces-de-coton-en-attendant-bebe\\\/#breadcrumb\",\"itemListElement\":[{\"@type\":\"ListItem\",\"position\":1,\"name\":\"Accueil\",\"item\":\"https:\\\/\\\/www.les-photos-de-mon-mariage.fr\\\/blog\\\/\"},{\"@type\":\"ListItem\",\"position\":2,\"name\":\"Noces de coton&#8230; en attendant b\u00e9b\u00e9 !\"}]},{\"@type\":\"WebSite\",\"@id\":\"https:\\\/\\\/www.les-photos-de-mon-mariage.fr\\\/blog\\\/#website\",\"url\":\"https:\\\/\\\/www.les-photos-de-mon-mariage.fr\\\/blog\\\/\",\"name\":\"Le blog d'un photographe mariage\",\"description\":\"Thomas Lamart | Votre photographe mariage en Seine-et-marne\",\"publisher\":{\"@id\":\"https:\\\/\\\/www.les-photos-de-mon-mariage.fr\\\/blog\\\/#\\\/schema\\\/person\\\/e311f978808719b066047d2ca870eed7\"},\"potentialAction\":[{\"@type\":\"SearchAction\",\"target\":{\"@type\":\"EntryPoint\",\"urlTemplate\":\"https:\\\/\\\/www.les-photos-de-mon-mariage.fr\\\/blog\\\/?s={search_term_string}\"},\"query-input\":{\"@type\":\"PropertyValueSpecification\",\"valueRequired\":true,\"valueName\":\"search_term_string\"}}],\"inLanguage\":\"fr-FR\"},{\"@type\":[\"Person\",\"Organization\"],\"@id\":\"https:\\\/\\\/www.les-photos-de-mon-mariage.fr\\\/blog\\\/#\\\/schema\\\/person\\\/e311f978808719b066047d2ca870eed7\",\"name\":\"Thomas\",\"image\":{\"@type\":\"ImageObject\",\"inLanguage\":\"fr-FR\",\"@id\":\"https:\\\/\\\/www.les-photos-de-mon-mariage.fr\\\/blog\\\/wp-content\\\/uploads\\\/2024\\\/03\\\/accueil.jpg\",\"url\":\"https:\\\/\\\/www.les-photos-de-mon-mariage.fr\\\/blog\\\/wp-content\\\/uploads\\\/2024\\\/03\\\/accueil.jpg\",\"contentUrl\":\"https:\\\/\\\/www.les-photos-de-mon-mariage.fr\\\/blog\\\/wp-content\\\/uploads\\\/2024\\\/03\\\/accueil.jpg\",\"width\":700,\"height\":489,\"caption\":\"Thomas\"},\"logo\":{\"@id\":\"https:\\\/\\\/www.les-photos-de-mon-mariage.fr\\\/blog\\\/wp-content\\\/uploads\\\/2024\\\/03\\\/accueil.jpg\"},\"sameAs\":[\"https:\\\/\\\/www.les-photos-de-mon-mariage.fr\",\"https:\\\/\\\/www.facebook.com\\\/thomas.lamart\\\/\",\"https:\\\/\\\/www.instagram.com\\\/les.photos.de.mon.mariage\\\/\"],\"url\":\"https:\\\/\\\/www.les-photos-de-mon-mariage.fr\\\/blog\\\/author\\\/thomasadmin\\\/\"}]}<\/script>\n<!-- \/ Yoast SEO plugin. -->","yoast_head_json":{"title":"Noces de coton... en attendant b\u00e9b\u00e9 ! - Le blog d&#039;un photographe mariage","robots":{"index":"index","follow":"follow","max-snippet":"max-snippet:-1","max-image-preview":"max-image-preview:large","max-video-preview":"max-video-preview:-1"},"canonical":"https:\/\/www.les-photos-de-mon-mariage.fr\/blog\/noces-de-coton-en-attendant-bebe\/","og_locale":"fr_FR","og_type":"article","og_title":"Noces de coton... en attendant b\u00e9b\u00e9 ! - Le blog d&#039;un photographe mariage","og_description":"Bonjour \u00e0 tous ! Cela faisait (beaucoup trop) longtemps que je n&rsquo;avais rien post\u00e9 sur ce petit blog&#8230; Je prends donc ce soir un peu de temps pour vous parler d&rsquo;une s\u00e9ance photo qui s&rsquo;est d\u00e9roul\u00e9e fin mai. Quand Delphine et Yohann m&rsquo;ont recontact\u00e9, un an apr\u00e8s leur mariage que j&rsquo;ai immortalis\u00e9, pour me proposer une s\u00e9ance photo pour leurs Noces de Coton, vous imaginez &hellip; Continue reading Noces de coton&#8230; en attendant b\u00e9b\u00e9 ! &raquo;","og_url":"https:\/\/www.les-photos-de-mon-mariage.fr\/blog\/noces-de-coton-en-attendant-bebe\/","og_site_name":"Le blog d&#039;un photographe mariage","article_publisher":"https:\/\/www.facebook.com\/thomas.lamart\/","article_author":"https:\/\/www.facebook.com\/thomas.lamart\/","article_published_time":"2018-06-19T16:30:26+00:00","author":"Thomas","twitter_card":"summary_large_image","twitter_misc":{"\u00c9crit par":"Thomas","Dur\u00e9e de lecture estim\u00e9e":"1 minute"},"schema":{"@context":"https:\/\/schema.org","@graph":[{"@type":"Article","@id":"https:\/\/www.les-photos-de-mon-mariage.fr\/blog\/noces-de-coton-en-attendant-bebe\/#article","isPartOf":{"@id":"https:\/\/www.les-photos-de-mon-mariage.fr\/blog\/noces-de-coton-en-attendant-bebe\/"},"author":{"name":"Thomas","@id":"https:\/\/www.les-photos-de-mon-mariage.fr\/blog\/#\/schema\/person\/e311f978808719b066047d2ca870eed7"},"headline":"Noces de coton&#8230; en attendant b\u00e9b\u00e9 !","datePublished":"2018-06-19T16:30:26+00:00","mainEntityOfPage":{"@id":"https:\/\/www.les-photos-de-mon-mariage.fr\/blog\/noces-de-coton-en-attendant-bebe\/"},"wordCount":197,"commentCount":0,"publisher":{"@id":"https:\/\/www.les-photos-de-mon-mariage.fr\/blog\/#\/schema\/person\/e311f978808719b066047d2ca870eed7"},"articleSection":["divers","mariages"],"inLanguage":"fr-FR","potentialAction":[{"@type":"CommentAction","name":"Comment","target":["https:\/\/www.les-photos-de-mon-mariage.fr\/blog\/noces-de-coton-en-attendant-bebe\/#respond"]}]},{"@type":"WebPage","@id":"https:\/\/www.les-photos-de-mon-mariage.fr\/blog\/noces-de-coton-en-attendant-bebe\/","url":"https:\/\/www.les-photos-de-mon-mariage.fr\/blog\/noces-de-coton-en-attendant-bebe\/","name":"Noces de coton... en attendant b\u00e9b\u00e9 ! - Le blog d&#039;un photographe mariage","isPartOf":{"@id":"https:\/\/www.les-photos-de-mon-mariage.fr\/blog\/#website"},"datePublished":"2018-06-19T16:30:26+00:00","breadcrumb":{"@id":"https:\/\/www.les-photos-de-mon-mariage.fr\/blog\/noces-de-coton-en-attendant-bebe\/#breadcrumb"},"inLanguage":"fr-FR","potentialAction":[{"@type":"ReadAction","target":["https:\/\/www.les-photos-de-mon-mariage.fr\/blog\/noces-de-coton-en-attendant-bebe\/"]}]},{"@type":"BreadcrumbList","@id":"https:\/\/www.les-photos-de-mon-mariage.fr\/blog\/noces-de-coton-en-attendant-bebe\/#breadcrumb","itemListElement":[{"@type":"ListItem","position":1,"name":"Accueil","item":"https:\/\/www.les-photos-de-mon-mariage.fr\/blog\/"},{"@type":"ListItem","position":2,"name":"Noces de coton&#8230; en attendant b\u00e9b\u00e9 !"}]},{"@type":"WebSite","@id":"https:\/\/www.les-photos-de-mon-mariage.fr\/blog\/#website","url":"https:\/\/www.les-photos-de-mon-mariage.fr\/blog\/","name":"Le blog d'un photographe mariage","description":"Thomas Lamart | Votre photographe mariage en Seine-et-marne","publisher":{"@id":"https:\/\/www.les-photos-de-mon-mariage.fr\/blog\/#\/schema\/person\/e311f978808719b066047d2ca870eed7"},"potentialAction":[{"@type":"SearchAction","target":{"@type":"EntryPoint","urlTemplate":"https:\/\/www.les-photos-de-mon-mariage.fr\/blog\/?s={search_term_string}"},"query-input":{"@type":"PropertyValueSpecification","valueRequired":true,"valueName":"search_term_string"}}],"inLanguage":"fr-FR"},{"@type":["Person","Organization"],"@id":"https:\/\/www.les-photos-de-mon-mariage.fr\/blog\/#\/schema\/person\/e311f978808719b066047d2ca870eed7","name":"Thomas","image":{"@type":"ImageObject","inLanguage":"fr-FR","@id":"https:\/\/www.les-photos-de-mon-mariage.fr\/blog\/wp-content\/uploads\/2024\/03\/accueil.jpg","url":"https:\/\/www.les-photos-de-mon-mariage.fr\/blog\/wp-content\/uploads\/2024\/03\/accueil.jpg","contentUrl":"https:\/\/www.les-photos-de-mon-mariage.fr\/blog\/wp-content\/uploads\/2024\/03\/accueil.jpg","width":700,"height":489,"caption":"Thomas"},"logo":{"@id":"https:\/\/www.les-photos-de-mon-mariage.fr\/blog\/wp-content\/uploads\/2024\/03\/accueil.jpg"},"sameAs":["https:\/\/www.les-photos-de-mon-mariage.fr","https:\/\/www.facebook.com\/thomas.lamart\/","https:\/\/www.instagram.com\/les.photos.de.mon.mariage\/"],"url":"https:\/\/www.les-photos-de-mon-mariage.fr\/blog\/author\/thomasadmin\/"}]}},"_links":{"self":[{"href":"https:\/\/www.les-photos-de-mon-mariage.fr\/blog\/wp-json\/wp\/v2\/posts\/837","targetHints":{"allow":["GET"]}}],"collection":[{"href":"https:\/\/www.les-photos-de-mon-mariage.fr\/blog\/wp-json\/wp\/v2\/posts"}],"about":[{"href":"https:\/\/www.les-photos-de-mon-mariage.fr\/blog\/wp-json\/wp\/v2\/types\/post"}],"author":[{"embeddable":true,"href":"https:\/\/www.les-photos-de-mon-mariage.fr\/blog\/wp-json\/wp\/v2\/users\/1"}],"replies":[{"embeddable":true,"href":"https:\/\/www.les-photos-de-mon-mariage.fr\/blog\/wp-json\/wp\/v2\/comments?post=837"}],"version-history":[{"count":1,"href":"https:\/\/www.les-photos-de-mon-mariage.fr\/blog\/wp-json\/wp\/v2\/posts\/837\/revisions"}],"predecessor-version":[{"id":844,"href":"https:\/\/www.les-photos-de-mon-mariage.fr\/blog\/wp-json\/wp\/v2\/posts\/837\/revisions\/844"}],"wp:attachment":[{"href":"https:\/\/www.les-photos-de-mon-mariage.fr\/blog\/wp-json\/wp\/v2\/media?parent=837"}],"wp:term":[{"taxonomy":"category","embeddable":true,"href":"https:\/\/www.les-photos-de-mon-mariage.fr\/blog\/wp-json\/wp\/v2\/categories?post=837"},{"taxonomy":"post_tag","embeddable":true,"href":"https:\/\/www.les-photos-de-mon-mariage.fr\/blog\/wp-json\/wp\/v2\/tags?post=837"}],"curies":[{"name":"wp","href":"https:\/\/api.w.org\/{rel}","templated":true}]}}