{"id":892,"date":"2018-08-27T20:02:34","date_gmt":"2018-08-27T18:02:34","guid":{"rendered":"http:\/\/www.les-photos-de-mon-mariage.fr\/blog\/?p=892"},"modified":"2024-03-16T11:51:17","modified_gmt":"2024-03-16T09:51:17","slug":"mariage-amelie-et-mathieu","status":"publish","type":"post","link":"https:\/\/www.les-photos-de-mon-mariage.fr\/blog\/mariage-amelie-et-mathieu\/","title":{"rendered":"Mariage d&rsquo;Am\u00e9lie et de Mathieu"},"content":{"rendered":"<p>Bonjour \u00e0 tous,<\/p>\n<p>Une nouvelle cl\u00e9 USB contenant les souvenirs photographiques d&rsquo;une magnifique journ\u00e9e a encore \u00e9t\u00e9 livr\u00e9e ce week-end. Ce sont Am\u00e9lie et Mathieu &#8211; que vous avez d\u00e9j\u00e0 crois\u00e9 ici \u00e0 l&rsquo;occasion de leur s\u00e9ance d&rsquo;engagement en d\u00e9but d&rsquo;ann\u00e9e &#8211; qui ont d\u00e9couvert leurs photos&#8230; et visiblement, ils sont enchant\u00e9s du r\u00e9sultat !<\/p>\n<p>Les temp\u00e9ratures caniculaires n&rsquo;ont pas emp\u00each\u00e9 nos jeunes mari\u00e9s et leurs convives de profiter de cette chouette journ\u00e9e et de la f\u00eater comme i<span class=\"text_exposed_show\">l se doit&#8230; Tout ce beau monde peut retrouver les photos d\u00e8s maintenant dans la galerie priv\u00e9e en ligne ici : <a href=\"http:\/\/www.les-photos-de-mon-mariage.fr\/piwigo?fbclid=IwAR2YGrS-JgzHSPVzHecSvJbPuqG53nmSRnUpaqtRorn7NxAXr3vvNTdG3ts\" target=\"_blank\" rel=\"noopener nofollow\" data-ft=\"{&quot;tn&quot;:&quot;-U&quot;}\" data-lynx-mode=\"async\" data-lynx-uri=\"https:\/\/l.facebook.com\/l.php?u=http%3A%2F%2Fwww.les-photos-de-mon-mariage.fr%2Fpiwigo%3Ffbclid%3DIwAR2YGrS-JgzHSPVzHecSvJbPuqG53nmSRnUpaqtRorn7NxAXr3vvNTdG3ts&amp;h=AT2T2W1AVqEtF8UxubL4SUYzMu-CzpeFivqU9Dck5MJQr4KbzAeluOsiS--JpixOySnC0jxn9h9r0_d9j4zMpY2Tlc602d0NIz2yTQQp8naKXepfxVAYEDDapwl0dNJvOziEfsuvJcFdfOTpjs36_z-2yP1tR3E6WHmEW_Se07C7ls2uiOI3LPl6Yxri9Wqh3VAj10kekNdCufgRxpamsvzT5R2IltlDAJYlp1gMhZLrmkBz2vBdZJrsAEC18Pg3o7MSVg1mCVvZOdJIqNSvngo38ZEN7NaEDP9SqRk-3DTj6cMLpbuUMZc2HseBnv_zp5gddxccuiAJc3_7KQjfqJHdCaOmCdYnk_tFkx4S1RnNA3uSzW58WnJeBVuW1ZcUmpjefppiNu1swdq94umY3-ChfBO2aN40gdVMxAxNIahf4AzCs-JwDFh9e7aWyTiQZ5k789AioFhQ4wpQ4jg-8EMTQC6BiB4W6KpmKVhzZRzvGyAAzrDD9F7Ajkob3QZ04hEqRYPSTPWzbxhttiDyN9PbAnxTyswtezOD0s9-GwkhpsfduPbdouwYSUsXhW7v7hWRQcZlmSxu_mcs5--wd2y7_pKUJOoyFIy4MkdtufymxKKql43aRZSuwGreP2We65w30kgwi2vJHZUOa5I5Jw\">http:\/\/www.les-photos-de-mon-mariage.fr\/piwigo<\/a><\/span><\/p>\n<div class=\"text_exposed_show\">\n<p>Am\u00e9lie, Mathieu, ce fut un vrai plaisir de vous accompagner en ce d\u00e9but ao\u00fbt, je vous souhaite tout le meilleur pour la suite.<\/p>\n<p>A tr\u00e8s bient\u00f4t !<\/p>\n<p>Thomas<\/p>\n<\/div>\n<p>&nbsp;<\/p>\n<p><img loading=\"lazy\" decoding=\"async\" class=\"alignnone size-large wp-image-893\" src=\"http:\/\/www.les-photos-de-mon-mariage.fr\/blog\/wp-content\/uploads\/2019\/02\/Am\u00e9lieMathieu-21-1024x683.jpg\" alt=\"\" width=\"685\" height=\"457\" srcset=\"https:\/\/www.les-photos-de-mon-mariage.fr\/blog\/wp-content\/uploads\/2019\/02\/Am\u00e9lieMathieu-21-1024x683.jpg 1024w, https:\/\/www.les-photos-de-mon-mariage.fr\/blog\/wp-content\/uploads\/2019\/02\/Am\u00e9lieMathieu-21-300x200.jpg 300w, https:\/\/www.les-photos-de-mon-mariage.fr\/blog\/wp-content\/uploads\/2019\/02\/Am\u00e9lieMathieu-21-768x512.jpg 768w, https:\/\/www.les-photos-de-mon-mariage.fr\/blog\/wp-content\/uploads\/2019\/02\/Am\u00e9lieMathieu-21-685x457.jpg 685w, https:\/\/www.les-photos-de-mon-mariage.fr\/blog\/wp-content\/uploads\/2019\/02\/Am\u00e9lieMathieu-21.jpg 1200w\" sizes=\"auto, (max-width: 685px) 100vw, 685px\" \/> <img loading=\"lazy\" decoding=\"async\" class=\"alignnone size-large wp-image-894\" src=\"http:\/\/www.les-photos-de-mon-mariage.fr\/blog\/wp-content\/uploads\/2019\/02\/Am\u00e9lieMathieu-74-1024x683.jpg\" alt=\"\" width=\"685\" height=\"457\" srcset=\"https:\/\/www.les-photos-de-mon-mariage.fr\/blog\/wp-content\/uploads\/2019\/02\/Am\u00e9lieMathieu-74-1024x683.jpg 1024w, https:\/\/www.les-photos-de-mon-mariage.fr\/blog\/wp-content\/uploads\/2019\/02\/Am\u00e9lieMathieu-74-300x200.jpg 300w, https:\/\/www.les-photos-de-mon-mariage.fr\/blog\/wp-content\/uploads\/2019\/02\/Am\u00e9lieMathieu-74-768x512.jpg 768w, https:\/\/www.les-photos-de-mon-mariage.fr\/blog\/wp-content\/uploads\/2019\/02\/Am\u00e9lieMathieu-74-685x457.jpg 685w, https:\/\/www.les-photos-de-mon-mariage.fr\/blog\/wp-content\/uploads\/2019\/02\/Am\u00e9lieMathieu-74.jpg 1200w\" sizes=\"auto, (max-width: 685px) 100vw, 685px\" \/> <img loading=\"lazy\" decoding=\"async\" class=\"alignnone size-large wp-image-895\" src=\"http:\/\/www.les-photos-de-mon-mariage.fr\/blog\/wp-content\/uploads\/2019\/02\/Am\u00e9lieMathieu-76-1024x683.jpg\" alt=\"\" width=\"685\" height=\"457\" srcset=\"https:\/\/www.les-photos-de-mon-mariage.fr\/blog\/wp-content\/uploads\/2019\/02\/Am\u00e9lieMathieu-76-1024x683.jpg 1024w, https:\/\/www.les-photos-de-mon-mariage.fr\/blog\/wp-content\/uploads\/2019\/02\/Am\u00e9lieMathieu-76-300x200.jpg 300w, https:\/\/www.les-photos-de-mon-mariage.fr\/blog\/wp-content\/uploads\/2019\/02\/Am\u00e9lieMathieu-76-768x512.jpg 768w, https:\/\/www.les-photos-de-mon-mariage.fr\/blog\/wp-content\/uploads\/2019\/02\/Am\u00e9lieMathieu-76-685x457.jpg 685w, https:\/\/www.les-photos-de-mon-mariage.fr\/blog\/wp-content\/uploads\/2019\/02\/Am\u00e9lieMathieu-76.jpg 1200w\" sizes=\"auto, (max-width: 685px) 100vw, 685px\" \/> <img loading=\"lazy\" decoding=\"async\" class=\"alignnone size-large wp-image-896\" src=\"http:\/\/www.les-photos-de-mon-mariage.fr\/blog\/wp-content\/uploads\/2019\/02\/Am\u00e9lieMathieu-89-1024x683.jpg\" alt=\"\" width=\"685\" height=\"457\" srcset=\"https:\/\/www.les-photos-de-mon-mariage.fr\/blog\/wp-content\/uploads\/2019\/02\/Am\u00e9lieMathieu-89-1024x683.jpg 1024w, https:\/\/www.les-photos-de-mon-mariage.fr\/blog\/wp-content\/uploads\/2019\/02\/Am\u00e9lieMathieu-89-300x200.jpg 300w, https:\/\/www.les-photos-de-mon-mariage.fr\/blog\/wp-content\/uploads\/2019\/02\/Am\u00e9lieMathieu-89-768x512.jpg 768w, https:\/\/www.les-photos-de-mon-mariage.fr\/blog\/wp-content\/uploads\/2019\/02\/Am\u00e9lieMathieu-89-685x457.jpg 685w, https:\/\/www.les-photos-de-mon-mariage.fr\/blog\/wp-content\/uploads\/2019\/02\/Am\u00e9lieMathieu-89.jpg 1200w\" sizes=\"auto, (max-width: 685px) 100vw, 685px\" \/> <img loading=\"lazy\" decoding=\"async\" class=\"alignnone size-large wp-image-897\" src=\"http:\/\/www.les-photos-de-mon-mariage.fr\/blog\/wp-content\/uploads\/2019\/02\/Am\u00e9lieMathieu-117-1024x683.jpg\" alt=\"\" width=\"685\" height=\"457\" srcset=\"https:\/\/www.les-photos-de-mon-mariage.fr\/blog\/wp-content\/uploads\/2019\/02\/Am\u00e9lieMathieu-117-1024x683.jpg 1024w, https:\/\/www.les-photos-de-mon-mariage.fr\/blog\/wp-content\/uploads\/2019\/02\/Am\u00e9lieMathieu-117-300x200.jpg 300w, https:\/\/www.les-photos-de-mon-mariage.fr\/blog\/wp-content\/uploads\/2019\/02\/Am\u00e9lieMathieu-117-768x512.jpg 768w, https:\/\/www.les-photos-de-mon-mariage.fr\/blog\/wp-content\/uploads\/2019\/02\/Am\u00e9lieMathieu-117-685x457.jpg 685w, https:\/\/www.les-photos-de-mon-mariage.fr\/blog\/wp-content\/uploads\/2019\/02\/Am\u00e9lieMathieu-117.jpg 1200w\" sizes=\"auto, (max-width: 685px) 100vw, 685px\" \/> <img loading=\"lazy\" decoding=\"async\" class=\"alignnone size-large wp-image-898\" src=\"http:\/\/www.les-photos-de-mon-mariage.fr\/blog\/wp-content\/uploads\/2019\/02\/Am\u00e9lieMathieu-250-1024x683.jpg\" alt=\"\" width=\"685\" height=\"457\" srcset=\"https:\/\/www.les-photos-de-mon-mariage.fr\/blog\/wp-content\/uploads\/2019\/02\/Am\u00e9lieMathieu-250-1024x683.jpg 1024w, https:\/\/www.les-photos-de-mon-mariage.fr\/blog\/wp-content\/uploads\/2019\/02\/Am\u00e9lieMathieu-250-300x200.jpg 300w, https:\/\/www.les-photos-de-mon-mariage.fr\/blog\/wp-content\/uploads\/2019\/02\/Am\u00e9lieMathieu-250-768x512.jpg 768w, https:\/\/www.les-photos-de-mon-mariage.fr\/blog\/wp-content\/uploads\/2019\/02\/Am\u00e9lieMathieu-250-685x457.jpg 685w, https:\/\/www.les-photos-de-mon-mariage.fr\/blog\/wp-content\/uploads\/2019\/02\/Am\u00e9lieMathieu-250.jpg 1200w\" sizes=\"auto, (max-width: 685px) 100vw, 685px\" \/> <img loading=\"lazy\" decoding=\"async\" class=\"alignnone size-large wp-image-899\" src=\"http:\/\/www.les-photos-de-mon-mariage.fr\/blog\/wp-content\/uploads\/2019\/02\/Am\u00e9lieMathieu-269-1024x683.jpg\" alt=\"\" width=\"685\" height=\"457\" srcset=\"https:\/\/www.les-photos-de-mon-mariage.fr\/blog\/wp-content\/uploads\/2019\/02\/Am\u00e9lieMathieu-269-1024x683.jpg 1024w, https:\/\/www.les-photos-de-mon-mariage.fr\/blog\/wp-content\/uploads\/2019\/02\/Am\u00e9lieMathieu-269-300x200.jpg 300w, https:\/\/www.les-photos-de-mon-mariage.fr\/blog\/wp-content\/uploads\/2019\/02\/Am\u00e9lieMathieu-269-768x512.jpg 768w, https:\/\/www.les-photos-de-mon-mariage.fr\/blog\/wp-content\/uploads\/2019\/02\/Am\u00e9lieMathieu-269-685x457.jpg 685w, https:\/\/www.les-photos-de-mon-mariage.fr\/blog\/wp-content\/uploads\/2019\/02\/Am\u00e9lieMathieu-269.jpg 1200w\" sizes=\"auto, (max-width: 685px) 100vw, 685px\" \/> <img loading=\"lazy\" decoding=\"async\" class=\"alignnone size-large wp-image-900\" src=\"http:\/\/www.les-photos-de-mon-mariage.fr\/blog\/wp-content\/uploads\/2019\/02\/Am\u00e9lieMathieu-317-1024x683.jpg\" alt=\"\" width=\"685\" height=\"457\" srcset=\"https:\/\/www.les-photos-de-mon-mariage.fr\/blog\/wp-content\/uploads\/2019\/02\/Am\u00e9lieMathieu-317-1024x683.jpg 1024w, https:\/\/www.les-photos-de-mon-mariage.fr\/blog\/wp-content\/uploads\/2019\/02\/Am\u00e9lieMathieu-317-300x200.jpg 300w, https:\/\/www.les-photos-de-mon-mariage.fr\/blog\/wp-content\/uploads\/2019\/02\/Am\u00e9lieMathieu-317-768x512.jpg 768w, https:\/\/www.les-photos-de-mon-mariage.fr\/blog\/wp-content\/uploads\/2019\/02\/Am\u00e9lieMathieu-317-685x457.jpg 685w, https:\/\/www.les-photos-de-mon-mariage.fr\/blog\/wp-content\/uploads\/2019\/02\/Am\u00e9lieMathieu-317.jpg 1200w\" sizes=\"auto, (max-width: 685px) 100vw, 685px\" \/> <img loading=\"lazy\" decoding=\"async\" class=\"alignnone size-large wp-image-901\" src=\"http:\/\/www.les-photos-de-mon-mariage.fr\/blog\/wp-content\/uploads\/2019\/02\/Am\u00e9lieMathieu-332-1024x683.jpg\" alt=\"\" width=\"685\" height=\"457\" srcset=\"https:\/\/www.les-photos-de-mon-mariage.fr\/blog\/wp-content\/uploads\/2019\/02\/Am\u00e9lieMathieu-332-1024x683.jpg 1024w, https:\/\/www.les-photos-de-mon-mariage.fr\/blog\/wp-content\/uploads\/2019\/02\/Am\u00e9lieMathieu-332-300x200.jpg 300w, https:\/\/www.les-photos-de-mon-mariage.fr\/blog\/wp-content\/uploads\/2019\/02\/Am\u00e9lieMathieu-332-768x512.jpg 768w, https:\/\/www.les-photos-de-mon-mariage.fr\/blog\/wp-content\/uploads\/2019\/02\/Am\u00e9lieMathieu-332-685x457.jpg 685w, https:\/\/www.les-photos-de-mon-mariage.fr\/blog\/wp-content\/uploads\/2019\/02\/Am\u00e9lieMathieu-332.jpg 1200w\" sizes=\"auto, (max-width: 685px) 100vw, 685px\" \/> <img loading=\"lazy\" decoding=\"async\" class=\"alignnone size-large wp-image-902\" src=\"http:\/\/www.les-photos-de-mon-mariage.fr\/blog\/wp-content\/uploads\/2019\/02\/Am\u00e9lieMathieu-348-1024x683.jpg\" alt=\"\" width=\"685\" height=\"457\" srcset=\"https:\/\/www.les-photos-de-mon-mariage.fr\/blog\/wp-content\/uploads\/2019\/02\/Am\u00e9lieMathieu-348-1024x683.jpg 1024w, https:\/\/www.les-photos-de-mon-mariage.fr\/blog\/wp-content\/uploads\/2019\/02\/Am\u00e9lieMathieu-348-300x200.jpg 300w, https:\/\/www.les-photos-de-mon-mariage.fr\/blog\/wp-content\/uploads\/2019\/02\/Am\u00e9lieMathieu-348-768x512.jpg 768w, https:\/\/www.les-photos-de-mon-mariage.fr\/blog\/wp-content\/uploads\/2019\/02\/Am\u00e9lieMathieu-348-685x457.jpg 685w, https:\/\/www.les-photos-de-mon-mariage.fr\/blog\/wp-content\/uploads\/2019\/02\/Am\u00e9lieMathieu-348.jpg 1200w\" sizes=\"auto, (max-width: 685px) 100vw, 685px\" \/> <img loading=\"lazy\" decoding=\"async\" class=\"alignnone size-large wp-image-903\" src=\"http:\/\/www.les-photos-de-mon-mariage.fr\/blog\/wp-content\/uploads\/2019\/02\/Am\u00e9lieMathieu-351.jpg\" alt=\"\" width=\"533\" height=\"800\" srcset=\"https:\/\/www.les-photos-de-mon-mariage.fr\/blog\/wp-content\/uploads\/2019\/02\/Am\u00e9lieMathieu-351.jpg 533w, https:\/\/www.les-photos-de-mon-mariage.fr\/blog\/wp-content\/uploads\/2019\/02\/Am\u00e9lieMathieu-351-200x300.jpg 200w\" sizes=\"auto, (max-width: 533px) 100vw, 533px\" \/> <img loading=\"lazy\" decoding=\"async\" class=\"alignnone size-large wp-image-904\" src=\"http:\/\/www.les-photos-de-mon-mariage.fr\/blog\/wp-content\/uploads\/2019\/02\/Am\u00e9lieMathieu-360-1024x683.jpg\" alt=\"\" width=\"685\" height=\"457\" srcset=\"https:\/\/www.les-photos-de-mon-mariage.fr\/blog\/wp-content\/uploads\/2019\/02\/Am\u00e9lieMathieu-360-1024x683.jpg 1024w, https:\/\/www.les-photos-de-mon-mariage.fr\/blog\/wp-content\/uploads\/2019\/02\/Am\u00e9lieMathieu-360-300x200.jpg 300w, https:\/\/www.les-photos-de-mon-mariage.fr\/blog\/wp-content\/uploads\/2019\/02\/Am\u00e9lieMathieu-360-768x512.jpg 768w, https:\/\/www.les-photos-de-mon-mariage.fr\/blog\/wp-content\/uploads\/2019\/02\/Am\u00e9lieMathieu-360-685x457.jpg 685w, https:\/\/www.les-photos-de-mon-mariage.fr\/blog\/wp-content\/uploads\/2019\/02\/Am\u00e9lieMathieu-360.jpg 1200w\" sizes=\"auto, (max-width: 685px) 100vw, 685px\" \/> <img loading=\"lazy\" decoding=\"async\" class=\"alignnone size-large wp-image-905\" src=\"http:\/\/www.les-photos-de-mon-mariage.fr\/blog\/wp-content\/uploads\/2019\/02\/Am\u00e9lieMathieu-405-1024x683.jpg\" alt=\"\" width=\"685\" height=\"457\" srcset=\"https:\/\/www.les-photos-de-mon-mariage.fr\/blog\/wp-content\/uploads\/2019\/02\/Am\u00e9lieMathieu-405-1024x683.jpg 1024w, https:\/\/www.les-photos-de-mon-mariage.fr\/blog\/wp-content\/uploads\/2019\/02\/Am\u00e9lieMathieu-405-300x200.jpg 300w, https:\/\/www.les-photos-de-mon-mariage.fr\/blog\/wp-content\/uploads\/2019\/02\/Am\u00e9lieMathieu-405-768x512.jpg 768w, https:\/\/www.les-photos-de-mon-mariage.fr\/blog\/wp-content\/uploads\/2019\/02\/Am\u00e9lieMathieu-405-685x457.jpg 685w, https:\/\/www.les-photos-de-mon-mariage.fr\/blog\/wp-content\/uploads\/2019\/02\/Am\u00e9lieMathieu-405.jpg 1200w\" sizes=\"auto, (max-width: 685px) 100vw, 685px\" \/> <img loading=\"lazy\" decoding=\"async\" class=\"alignnone size-large wp-image-906\" src=\"http:\/\/www.les-photos-de-mon-mariage.fr\/blog\/wp-content\/uploads\/2019\/02\/Am\u00e9lieMathieu-408-1024x683.jpg\" alt=\"\" width=\"685\" height=\"457\" srcset=\"https:\/\/www.les-photos-de-mon-mariage.fr\/blog\/wp-content\/uploads\/2019\/02\/Am\u00e9lieMathieu-408-1024x683.jpg 1024w, https:\/\/www.les-photos-de-mon-mariage.fr\/blog\/wp-content\/uploads\/2019\/02\/Am\u00e9lieMathieu-408-300x200.jpg 300w, https:\/\/www.les-photos-de-mon-mariage.fr\/blog\/wp-content\/uploads\/2019\/02\/Am\u00e9lieMathieu-408-768x512.jpg 768w, https:\/\/www.les-photos-de-mon-mariage.fr\/blog\/wp-content\/uploads\/2019\/02\/Am\u00e9lieMathieu-408-685x457.jpg 685w, https:\/\/www.les-photos-de-mon-mariage.fr\/blog\/wp-content\/uploads\/2019\/02\/Am\u00e9lieMathieu-408.jpg 1200w\" sizes=\"auto, (max-width: 685px) 100vw, 685px\" \/> <img loading=\"lazy\" decoding=\"async\" class=\"alignnone size-large wp-image-907\" src=\"http:\/\/www.les-photos-de-mon-mariage.fr\/blog\/wp-content\/uploads\/2019\/02\/Am\u00e9lieMathieu-424.jpg\" alt=\"\" width=\"533\" height=\"800\" srcset=\"https:\/\/www.les-photos-de-mon-mariage.fr\/blog\/wp-content\/uploads\/2019\/02\/Am\u00e9lieMathieu-424.jpg 533w, https:\/\/www.les-photos-de-mon-mariage.fr\/blog\/wp-content\/uploads\/2019\/02\/Am\u00e9lieMathieu-424-200x300.jpg 200w\" sizes=\"auto, (max-width: 533px) 100vw, 533px\" \/><\/p>\n","protected":false},"excerpt":{"rendered":"<p>Bonjour \u00e0 tous, Une nouvelle cl\u00e9 USB contenant les souvenirs photographiques d&rsquo;une magnifique journ\u00e9e a encore \u00e9t\u00e9 livr\u00e9e ce week-end. Ce sont Am\u00e9lie et Mathieu &#8211; que vous avez d\u00e9j\u00e0 crois\u00e9 ici \u00e0 l&rsquo;occasion de leur s\u00e9ance d&rsquo;engagement en d\u00e9but d&rsquo;ann\u00e9e &#8211; qui ont d\u00e9couvert leurs photos&#8230; et visiblement, ils sont enchant\u00e9s du r\u00e9sultat ! Les temp\u00e9ratures caniculaires n&rsquo;ont pas emp\u00each\u00e9 nos jeunes mari\u00e9s et &hellip; <a href=\"https:\/\/www.les-photos-de-mon-mariage.fr\/blog\/mariage-amelie-et-mathieu\/\" class=\"more-link\">Continue reading <span class=\"screen-reader-text\">Mariage d&rsquo;Am\u00e9lie et de Mathieu<\/span> <span class=\"meta-nav\">&raquo;<\/span><\/a><\/p>\n","protected":false},"author":1,"featured_media":0,"comment_status":"open","ping_status":"open","sticky":false,"template":"","format":"standard","meta":{"footnotes":""},"categories":[4],"tags":[],"class_list":["post-892","post","type-post","status-publish","format-standard","hentry","category-mariages"],"yoast_head":"<!-- This site is optimized with the Yoast SEO plugin v27.5 - https:\/\/yoast.com\/product\/yoast-seo-wordpress\/ -->\n<title>Mariage d&#039;Am\u00e9lie et de Mathieu - Le blog d&#039;un photographe mariage<\/title>\n<meta name=\"robots\" content=\"index, follow, max-snippet:-1, max-image-preview:large, max-video-preview:-1\" \/>\n<link rel=\"canonical\" href=\"https:\/\/www.les-photos-de-mon-mariage.fr\/blog\/mariage-amelie-et-mathieu\/\" \/>\n<meta property=\"og:locale\" content=\"fr_FR\" \/>\n<meta property=\"og:type\" content=\"article\" \/>\n<meta property=\"og:title\" content=\"Mariage d&#039;Am\u00e9lie et de Mathieu - Le blog d&#039;un photographe mariage\" \/>\n<meta property=\"og:description\" content=\"Bonjour \u00e0 tous, Une nouvelle cl\u00e9 USB contenant les souvenirs photographiques d&rsquo;une magnifique journ\u00e9e a encore \u00e9t\u00e9 livr\u00e9e ce week-end. Ce sont Am\u00e9lie et Mathieu &#8211; que vous avez d\u00e9j\u00e0 crois\u00e9 ici \u00e0 l&rsquo;occasion de leur s\u00e9ance d&rsquo;engagement en d\u00e9but d&rsquo;ann\u00e9e &#8211; qui ont d\u00e9couvert leurs photos&#8230; et visiblement, ils sont enchant\u00e9s du r\u00e9sultat ! Les temp\u00e9ratures caniculaires n&rsquo;ont pas emp\u00each\u00e9 nos jeunes mari\u00e9s et &hellip; Continue reading Mariage d&rsquo;Am\u00e9lie et de Mathieu &raquo;\" \/>\n<meta property=\"og:url\" content=\"https:\/\/www.les-photos-de-mon-mariage.fr\/blog\/mariage-amelie-et-mathieu\/\" \/>\n<meta property=\"og:site_name\" content=\"Le blog d&#039;un photographe mariage\" \/>\n<meta property=\"article:publisher\" content=\"https:\/\/www.facebook.com\/thomas.lamart\/\" \/>\n<meta property=\"article:author\" content=\"https:\/\/www.facebook.com\/thomas.lamart\/\" \/>\n<meta property=\"article:published_time\" content=\"2018-08-27T18:02:34+00:00\" \/>\n<meta property=\"article:modified_time\" content=\"2024-03-16T09:51:17+00:00\" \/>\n<meta name=\"author\" content=\"Thomas\" \/>\n<meta name=\"twitter:card\" content=\"summary_large_image\" \/>\n<meta name=\"twitter:label1\" content=\"\u00c9crit par\" \/>\n\t<meta name=\"twitter:data1\" content=\"Thomas\" \/>\n\t<meta name=\"twitter:label2\" content=\"Dur\u00e9e de lecture estim\u00e9e\" \/>\n\t<meta name=\"twitter:data2\" content=\"1 minute\" \/>\n<script type=\"application\/ld+json\" class=\"yoast-schema-graph\">{\"@context\":\"https:\\\/\\\/schema.org\",\"@graph\":[{\"@type\":\"Article\",\"@id\":\"https:\\\/\\\/www.les-photos-de-mon-mariage.fr\\\/blog\\\/mariage-amelie-et-mathieu\\\/#article\",\"isPartOf\":{\"@id\":\"https:\\\/\\\/www.les-photos-de-mon-mariage.fr\\\/blog\\\/mariage-amelie-et-mathieu\\\/\"},\"author\":{\"name\":\"Thomas\",\"@id\":\"https:\\\/\\\/www.les-photos-de-mon-mariage.fr\\\/blog\\\/#\\\/schema\\\/person\\\/e311f978808719b066047d2ca870eed7\"},\"headline\":\"Mariage d&rsquo;Am\u00e9lie et de Mathieu\",\"datePublished\":\"2018-08-27T18:02:34+00:00\",\"dateModified\":\"2024-03-16T09:51:17+00:00\",\"mainEntityOfPage\":{\"@id\":\"https:\\\/\\\/www.les-photos-de-mon-mariage.fr\\\/blog\\\/mariage-amelie-et-mathieu\\\/\"},\"wordCount\":162,\"commentCount\":0,\"publisher\":{\"@id\":\"https:\\\/\\\/www.les-photos-de-mon-mariage.fr\\\/blog\\\/#\\\/schema\\\/person\\\/e311f978808719b066047d2ca870eed7\"},\"articleSection\":[\"mariages\"],\"inLanguage\":\"fr-FR\",\"potentialAction\":[{\"@type\":\"CommentAction\",\"name\":\"Comment\",\"target\":[\"https:\\\/\\\/www.les-photos-de-mon-mariage.fr\\\/blog\\\/mariage-amelie-et-mathieu\\\/#respond\"]}]},{\"@type\":\"WebPage\",\"@id\":\"https:\\\/\\\/www.les-photos-de-mon-mariage.fr\\\/blog\\\/mariage-amelie-et-mathieu\\\/\",\"url\":\"https:\\\/\\\/www.les-photos-de-mon-mariage.fr\\\/blog\\\/mariage-amelie-et-mathieu\\\/\",\"name\":\"Mariage d'Am\u00e9lie et de Mathieu - Le blog d&#039;un photographe mariage\",\"isPartOf\":{\"@id\":\"https:\\\/\\\/www.les-photos-de-mon-mariage.fr\\\/blog\\\/#website\"},\"datePublished\":\"2018-08-27T18:02:34+00:00\",\"dateModified\":\"2024-03-16T09:51:17+00:00\",\"breadcrumb\":{\"@id\":\"https:\\\/\\\/www.les-photos-de-mon-mariage.fr\\\/blog\\\/mariage-amelie-et-mathieu\\\/#breadcrumb\"},\"inLanguage\":\"fr-FR\",\"potentialAction\":[{\"@type\":\"ReadAction\",\"target\":[\"https:\\\/\\\/www.les-photos-de-mon-mariage.fr\\\/blog\\\/mariage-amelie-et-mathieu\\\/\"]}]},{\"@type\":\"BreadcrumbList\",\"@id\":\"https:\\\/\\\/www.les-photos-de-mon-mariage.fr\\\/blog\\\/mariage-amelie-et-mathieu\\\/#breadcrumb\",\"itemListElement\":[{\"@type\":\"ListItem\",\"position\":1,\"name\":\"Accueil\",\"item\":\"https:\\\/\\\/www.les-photos-de-mon-mariage.fr\\\/blog\\\/\"},{\"@type\":\"ListItem\",\"position\":2,\"name\":\"Mariage d&rsquo;Am\u00e9lie et de Mathieu\"}]},{\"@type\":\"WebSite\",\"@id\":\"https:\\\/\\\/www.les-photos-de-mon-mariage.fr\\\/blog\\\/#website\",\"url\":\"https:\\\/\\\/www.les-photos-de-mon-mariage.fr\\\/blog\\\/\",\"name\":\"Le blog d'un photographe mariage\",\"description\":\"Thomas Lamart | Votre photographe mariage en Seine-et-marne\",\"publisher\":{\"@id\":\"https:\\\/\\\/www.les-photos-de-mon-mariage.fr\\\/blog\\\/#\\\/schema\\\/person\\\/e311f978808719b066047d2ca870eed7\"},\"potentialAction\":[{\"@type\":\"SearchAction\",\"target\":{\"@type\":\"EntryPoint\",\"urlTemplate\":\"https:\\\/\\\/www.les-photos-de-mon-mariage.fr\\\/blog\\\/?s={search_term_string}\"},\"query-input\":{\"@type\":\"PropertyValueSpecification\",\"valueRequired\":true,\"valueName\":\"search_term_string\"}}],\"inLanguage\":\"fr-FR\"},{\"@type\":[\"Person\",\"Organization\"],\"@id\":\"https:\\\/\\\/www.les-photos-de-mon-mariage.fr\\\/blog\\\/#\\\/schema\\\/person\\\/e311f978808719b066047d2ca870eed7\",\"name\":\"Thomas\",\"image\":{\"@type\":\"ImageObject\",\"inLanguage\":\"fr-FR\",\"@id\":\"https:\\\/\\\/www.les-photos-de-mon-mariage.fr\\\/blog\\\/wp-content\\\/uploads\\\/2024\\\/03\\\/accueil.jpg\",\"url\":\"https:\\\/\\\/www.les-photos-de-mon-mariage.fr\\\/blog\\\/wp-content\\\/uploads\\\/2024\\\/03\\\/accueil.jpg\",\"contentUrl\":\"https:\\\/\\\/www.les-photos-de-mon-mariage.fr\\\/blog\\\/wp-content\\\/uploads\\\/2024\\\/03\\\/accueil.jpg\",\"width\":700,\"height\":489,\"caption\":\"Thomas\"},\"logo\":{\"@id\":\"https:\\\/\\\/www.les-photos-de-mon-mariage.fr\\\/blog\\\/wp-content\\\/uploads\\\/2024\\\/03\\\/accueil.jpg\"},\"sameAs\":[\"https:\\\/\\\/www.les-photos-de-mon-mariage.fr\",\"https:\\\/\\\/www.facebook.com\\\/thomas.lamart\\\/\",\"https:\\\/\\\/www.instagram.com\\\/les.photos.de.mon.mariage\\\/\"],\"url\":\"https:\\\/\\\/www.les-photos-de-mon-mariage.fr\\\/blog\\\/author\\\/thomasadmin\\\/\"}]}<\/script>\n<!-- \/ Yoast SEO plugin. -->","yoast_head_json":{"title":"Mariage d'Am\u00e9lie et de Mathieu - Le blog d&#039;un photographe mariage","robots":{"index":"index","follow":"follow","max-snippet":"max-snippet:-1","max-image-preview":"max-image-preview:large","max-video-preview":"max-video-preview:-1"},"canonical":"https:\/\/www.les-photos-de-mon-mariage.fr\/blog\/mariage-amelie-et-mathieu\/","og_locale":"fr_FR","og_type":"article","og_title":"Mariage d'Am\u00e9lie et de Mathieu - Le blog d&#039;un photographe mariage","og_description":"Bonjour \u00e0 tous, Une nouvelle cl\u00e9 USB contenant les souvenirs photographiques d&rsquo;une magnifique journ\u00e9e a encore \u00e9t\u00e9 livr\u00e9e ce week-end. Ce sont Am\u00e9lie et Mathieu &#8211; que vous avez d\u00e9j\u00e0 crois\u00e9 ici \u00e0 l&rsquo;occasion de leur s\u00e9ance d&rsquo;engagement en d\u00e9but d&rsquo;ann\u00e9e &#8211; qui ont d\u00e9couvert leurs photos&#8230; et visiblement, ils sont enchant\u00e9s du r\u00e9sultat ! Les temp\u00e9ratures caniculaires n&rsquo;ont pas emp\u00each\u00e9 nos jeunes mari\u00e9s et &hellip; Continue reading Mariage d&rsquo;Am\u00e9lie et de Mathieu &raquo;","og_url":"https:\/\/www.les-photos-de-mon-mariage.fr\/blog\/mariage-amelie-et-mathieu\/","og_site_name":"Le blog d&#039;un photographe mariage","article_publisher":"https:\/\/www.facebook.com\/thomas.lamart\/","article_author":"https:\/\/www.facebook.com\/thomas.lamart\/","article_published_time":"2018-08-27T18:02:34+00:00","article_modified_time":"2024-03-16T09:51:17+00:00","author":"Thomas","twitter_card":"summary_large_image","twitter_misc":{"\u00c9crit par":"Thomas","Dur\u00e9e de lecture estim\u00e9e":"1 minute"},"schema":{"@context":"https:\/\/schema.org","@graph":[{"@type":"Article","@id":"https:\/\/www.les-photos-de-mon-mariage.fr\/blog\/mariage-amelie-et-mathieu\/#article","isPartOf":{"@id":"https:\/\/www.les-photos-de-mon-mariage.fr\/blog\/mariage-amelie-et-mathieu\/"},"author":{"name":"Thomas","@id":"https:\/\/www.les-photos-de-mon-mariage.fr\/blog\/#\/schema\/person\/e311f978808719b066047d2ca870eed7"},"headline":"Mariage d&rsquo;Am\u00e9lie et de Mathieu","datePublished":"2018-08-27T18:02:34+00:00","dateModified":"2024-03-16T09:51:17+00:00","mainEntityOfPage":{"@id":"https:\/\/www.les-photos-de-mon-mariage.fr\/blog\/mariage-amelie-et-mathieu\/"},"wordCount":162,"commentCount":0,"publisher":{"@id":"https:\/\/www.les-photos-de-mon-mariage.fr\/blog\/#\/schema\/person\/e311f978808719b066047d2ca870eed7"},"articleSection":["mariages"],"inLanguage":"fr-FR","potentialAction":[{"@type":"CommentAction","name":"Comment","target":["https:\/\/www.les-photos-de-mon-mariage.fr\/blog\/mariage-amelie-et-mathieu\/#respond"]}]},{"@type":"WebPage","@id":"https:\/\/www.les-photos-de-mon-mariage.fr\/blog\/mariage-amelie-et-mathieu\/","url":"https:\/\/www.les-photos-de-mon-mariage.fr\/blog\/mariage-amelie-et-mathieu\/","name":"Mariage d'Am\u00e9lie et de Mathieu - Le blog d&#039;un photographe mariage","isPartOf":{"@id":"https:\/\/www.les-photos-de-mon-mariage.fr\/blog\/#website"},"datePublished":"2018-08-27T18:02:34+00:00","dateModified":"2024-03-16T09:51:17+00:00","breadcrumb":{"@id":"https:\/\/www.les-photos-de-mon-mariage.fr\/blog\/mariage-amelie-et-mathieu\/#breadcrumb"},"inLanguage":"fr-FR","potentialAction":[{"@type":"ReadAction","target":["https:\/\/www.les-photos-de-mon-mariage.fr\/blog\/mariage-amelie-et-mathieu\/"]}]},{"@type":"BreadcrumbList","@id":"https:\/\/www.les-photos-de-mon-mariage.fr\/blog\/mariage-amelie-et-mathieu\/#breadcrumb","itemListElement":[{"@type":"ListItem","position":1,"name":"Accueil","item":"https:\/\/www.les-photos-de-mon-mariage.fr\/blog\/"},{"@type":"ListItem","position":2,"name":"Mariage d&rsquo;Am\u00e9lie et de Mathieu"}]},{"@type":"WebSite","@id":"https:\/\/www.les-photos-de-mon-mariage.fr\/blog\/#website","url":"https:\/\/www.les-photos-de-mon-mariage.fr\/blog\/","name":"Le blog d'un photographe mariage","description":"Thomas Lamart | Votre photographe mariage en Seine-et-marne","publisher":{"@id":"https:\/\/www.les-photos-de-mon-mariage.fr\/blog\/#\/schema\/person\/e311f978808719b066047d2ca870eed7"},"potentialAction":[{"@type":"SearchAction","target":{"@type":"EntryPoint","urlTemplate":"https:\/\/www.les-photos-de-mon-mariage.fr\/blog\/?s={search_term_string}"},"query-input":{"@type":"PropertyValueSpecification","valueRequired":true,"valueName":"search_term_string"}}],"inLanguage":"fr-FR"},{"@type":["Person","Organization"],"@id":"https:\/\/www.les-photos-de-mon-mariage.fr\/blog\/#\/schema\/person\/e311f978808719b066047d2ca870eed7","name":"Thomas","image":{"@type":"ImageObject","inLanguage":"fr-FR","@id":"https:\/\/www.les-photos-de-mon-mariage.fr\/blog\/wp-content\/uploads\/2024\/03\/accueil.jpg","url":"https:\/\/www.les-photos-de-mon-mariage.fr\/blog\/wp-content\/uploads\/2024\/03\/accueil.jpg","contentUrl":"https:\/\/www.les-photos-de-mon-mariage.fr\/blog\/wp-content\/uploads\/2024\/03\/accueil.jpg","width":700,"height":489,"caption":"Thomas"},"logo":{"@id":"https:\/\/www.les-photos-de-mon-mariage.fr\/blog\/wp-content\/uploads\/2024\/03\/accueil.jpg"},"sameAs":["https:\/\/www.les-photos-de-mon-mariage.fr","https:\/\/www.facebook.com\/thomas.lamart\/","https:\/\/www.instagram.com\/les.photos.de.mon.mariage\/"],"url":"https:\/\/www.les-photos-de-mon-mariage.fr\/blog\/author\/thomasadmin\/"}]}},"_links":{"self":[{"href":"https:\/\/www.les-photos-de-mon-mariage.fr\/blog\/wp-json\/wp\/v2\/posts\/892","targetHints":{"allow":["GET"]}}],"collection":[{"href":"https:\/\/www.les-photos-de-mon-mariage.fr\/blog\/wp-json\/wp\/v2\/posts"}],"about":[{"href":"https:\/\/www.les-photos-de-mon-mariage.fr\/blog\/wp-json\/wp\/v2\/types\/post"}],"author":[{"embeddable":true,"href":"https:\/\/www.les-photos-de-mon-mariage.fr\/blog\/wp-json\/wp\/v2\/users\/1"}],"replies":[{"embeddable":true,"href":"https:\/\/www.les-photos-de-mon-mariage.fr\/blog\/wp-json\/wp\/v2\/comments?post=892"}],"version-history":[{"count":1,"href":"https:\/\/www.les-photos-de-mon-mariage.fr\/blog\/wp-json\/wp\/v2\/posts\/892\/revisions"}],"predecessor-version":[{"id":908,"href":"https:\/\/www.les-photos-de-mon-mariage.fr\/blog\/wp-json\/wp\/v2\/posts\/892\/revisions\/908"}],"wp:attachment":[{"href":"https:\/\/www.les-photos-de-mon-mariage.fr\/blog\/wp-json\/wp\/v2\/media?parent=892"}],"wp:term":[{"taxonomy":"category","embeddable":true,"href":"https:\/\/www.les-photos-de-mon-mariage.fr\/blog\/wp-json\/wp\/v2\/categories?post=892"},{"taxonomy":"post_tag","embeddable":true,"href":"https:\/\/www.les-photos-de-mon-mariage.fr\/blog\/wp-json\/wp\/v2\/tags?post=892"}],"curies":[{"name":"wp","href":"https:\/\/api.w.org\/{rel}","templated":true}]}}